{"id":46305,"date":"2024-09-16T18:49:51","date_gmt":"2024-09-16T21:49:51","guid":{"rendered":"https:\/\/radiorevelacionfm.cl\/?p=46305"},"modified":"2024-09-16T18:49:51","modified_gmt":"2024-09-16T21:49:51","slug":"carabineros-de-chile-chico-detuvo-a-sujeto-por-abigeato","status":"publish","type":"post","link":"https:\/\/radiorevelacionfm.cl\/?p=46305","title":{"rendered":"Carabineros de Chile Chico detuvo a sujeto por abigeato"},"content":{"rendered":"<div class=\"flex_column av_one_full  flex_column_div av-zero-column-padding first  avia-builder-el-0  el_before_av_one_full  avia-builder-el-first  \" style='border-radius:0px; '><div  class='avia-image-container  av-styling-    avia-builder-el-1  avia-builder-el-no-sibling  avia-align-center '  itemprop=\"image\" itemscope=\"itemscope\" itemtype=\"https:\/\/schema.org\/ImageObject\"  ><div class='avia-image-container-inner'><div class='avia-image-overlay-wrap'><img decoding=\"async\" class='wp-image-46306 avia-img-lazy-loading-not-46306 avia_image' src=\"https:\/\/radiorevelacionfm.cl\/wp-content\/uploads\/2024\/09\/970c63b9-5f2d-428a-aabc-d71532eb3286-1-1.jpg\" alt='' title='970c63b9-5f2d-428a-aabc-d71532eb3286 (1) (1)' height=\"600\" width=\"1333\"  itemprop=\"thumbnailUrl\" srcset=\"https:\/\/radiorevelacionfm.cl\/wp-content\/uploads\/2024\/09\/970c63b9-5f2d-428a-aabc-d71532eb3286-1-1.jpg 1333w, https:\/\/radiorevelacionfm.cl\/wp-content\/uploads\/2024\/09\/970c63b9-5f2d-428a-aabc-d71532eb3286-1-1-300x135.jpg 300w, https:\/\/radiorevelacionfm.cl\/wp-content\/uploads\/2024\/09\/970c63b9-5f2d-428a-aabc-d71532eb3286-1-1-1030x464.jpg 1030w, https:\/\/radiorevelacionfm.cl\/wp-content\/uploads\/2024\/09\/970c63b9-5f2d-428a-aabc-d71532eb3286-1-1-768x346.jpg 768w, https:\/\/radiorevelacionfm.cl\/wp-content\/uploads\/2024\/09\/970c63b9-5f2d-428a-aabc-d71532eb3286-1-1-705x317.jpg 705w, https:\/\/radiorevelacionfm.cl\/wp-content\/uploads\/2024\/09\/970c63b9-5f2d-428a-aabc-d71532eb3286-1-1-450x203.jpg 450w, https:\/\/radiorevelacionfm.cl\/wp-content\/uploads\/2024\/09\/970c63b9-5f2d-428a-aabc-d71532eb3286-1-1-600x270.jpg 600w\" sizes=\"(max-width: 1333px) 100vw, 1333px\" \/><\/div><\/div><\/div><\/div><div class=\"flex_column av_one_full  flex_column_div av-zero-column-padding first  avia-builder-el-2  el_after_av_one_full  el_before_av_one_full  column-top-margin\" style='border-radius:0px; '><section class=\"av_textblock_section \"  itemscope=\"itemscope\" itemtype=\"https:\/\/schema.org\/BlogPosting\" itemprop=\"blogPost\" ><div class='avia_textblock  '   itemprop=\"text\" ><p style=\"text-align: center;\"><strong><span style=\"font-size: 18pt;\">Carabineros de Chile Chico detuvo a sujeto por abigeato<\/span><\/strong><\/p>\n<div id=\"gtx-trans\" style=\"position: absolute; left: -50px; top: 4.31534px;\">\n<div class=\"gtx-trans-icon\"><\/div>\n<\/div>\n<\/div><\/section><\/div><div class=\"flex_column av_one_full  flex_column_div av-zero-column-padding first  avia-builder-el-4  el_after_av_one_full  el_before_av_hr  column-top-margin\" style='border-radius:0px; '><section class=\"av_textblock_section \"  itemscope=\"itemscope\" itemtype=\"https:\/\/schema.org\/BlogPosting\" itemprop=\"blogPost\" ><div class='avia_textblock  '   itemprop=\"text\" ><p class=\"v1MsoNormal\" style=\"text-align: justify;\"><span lang=\"ES-MX\">Tras fiscalizaci\u00f3n, el personal policial detect\u00f3 a un conductor que transportaba en el pick up de una camioneta -al interior de un saco- m\u00e1s de 140 kilos de carne, cuya procedencia no pudo ser acreditada.<\/span><\/p>\n<p class=\"v1MsoNormal\" style=\"text-align: justify;\"><span lang=\"ES-MX\">Tras el desarrollo de fiscalizaciones en el contexto de los servicios de fiestas patrias, Carabineros de la 3ra Comisar\u00eda de Chile Chico (F) detuvo a sujeto por el delito de abigeato, luego de ser sorprendido transportando m\u00e1s de 140 kg de carne.<\/span><\/p>\n<p class=\"v1MsoNormal\" style=\"text-align: justify;\"><span lang=\"ES-MX\">Seg\u00fan indic\u00f3 el Comisario de esta Unidad, Capit\u00e1n Cristian Zurita Morgado, en horas de la tarde del domingo mientras el personal efectuaba fiscalizaciones preventivas, control\u00f3 una camioneta cuyo conductor transportaba en el pick up del m\u00f3vil -al interior de un saco- un vacuno faenado.<\/span><\/p>\n<p class=\"v1MsoNormal\" style=\"text-align: justify;\"><span lang=\"ES-MX\">\u00abEsta persona de nacionalidad chilena, adulta, fue sorprendida transportando m\u00e1s de 140 kilos de carne sin poder acreditar su procedencia, por lo que se dio cuenta al Ministerio P\u00fablico, adem\u00e1s de participar en el procedimiento la Autoridad Sanitaria de Chile Chico\u00bb, expres\u00f3 el Comisario de Carabineros de esta Unidad.<\/span><\/p>\n<p class=\"v1MsoNormal\" style=\"text-align: justify;\"><span lang=\"ES-MX\">Asimismo, Carabineros reafirm\u00f3 su compromiso con mantener los niveles de seguridad y vigilancia con la finalidad de prevenir la ocurrencia de este delito que tanto da\u00f1o y perjuicio genera en los peque\u00f1os ganaderos.<\/span><\/p>\n<p class=\"v1MsoNormal\" style=\"text-align: justify;\"><span lang=\"ES-MX\">\u00abComo Instituci\u00f3n seguiremos trabajando durante estas fiestas patrias para entregar m\u00e1s y mejor seguridad a nuestra comunidad\u00bb, a\u00f1adi\u00f3 el Capit\u00e1n Zurita.<\/span><\/p>\n<p class=\"v1MsoNormal\" style=\"text-align: justify;\"><b><span lang=\"ES-MX\">Medidas de prevenci\u00f3n<\/span><\/b><\/p>\n<p class=\"v1MsoNormal\" style=\"text-align: justify;\"><span lang=\"ES-MX\">Carabineros reiter\u00f3 a los crianceros adoptar los resguardos orientados a prevenir la ocurrencia de este tipo de delitos.<\/span><\/p>\n<p class=\"v1MsoNormal\" style=\"text-align: justify;\"><span lang=\"ES-MX\">Mantener cercos perimetrales en buen estado, contar con un inventario del ganado (seg\u00fan cantidad, especie y sexo), prestar atenci\u00f3n a cr\u00edas u hembras que est\u00e9n por parir, controlar el acceso de personas y veh\u00edculos ajenos al lugar donde se encuentren los animales.<\/span><\/p>\n<p class=\"v1MsoNormal\" style=\"text-align: justify;\"><span lang=\"ES-MX\">Asimismo, es fundamental mantener la documentaci\u00f3n al d\u00eda, permitiendo acreditar el dominio, posesi\u00f3n o leg\u00edtima tenencia de los animales, siendo igualmente importante designar a alguien de confianza para cuidar el reba\u00f1o e informe sobre el movimiento y ubicaci\u00f3n del ganado.<\/span><\/p>\n<p class=\"v1MsoNormal\" style=\"text-align: justify;\"><span lang=\"ES-MX\">En caso de efectuar el transporte de animales, es necesario hacerlo con la documentaci\u00f3n respectiva consistente en el formulario de movimiento animal, sujeto a control por parte de la autoridad.<\/span><\/p>\n<p class=\"v1MsoNormal\" style=\"text-align: justify;\"><b><span lang=\"ES-MX\">Riesgos para la salud<\/span><\/b><\/p>\n<p class=\"v1MsoNormal\" style=\"text-align: justify;\"><span lang=\"ES-MX\">Al momento de adquirir productos c\u00e1rnicos, esto se debe realizar siempre en el comercio formal o regulado que cuenta con la certificaci\u00f3n sanitaria, y nunca aquella de origen desconocido o en mataderos clandestinos, previendo de esta manera exponer a la familia a zoonosis o enfermedades transmitidas desde los animales al ser humano por agentes como protozoos, par\u00e1sitos o virus.<\/span><\/p>\n<p class=\"v1MsoNormal\" style=\"text-align: justify;\"><span lang=\"ES-MX\">Entre estas destacan la brucella, toxoplasmosis, cisticercosis (tenias) que se pueden llegar a alojar en el cerebro general la neurocisticercosis. De igual forma est\u00e1 tambi\u00e9n la brucelosis que puede afectar a quienes cometen el delito de abigeato al estar en contacto con fluidos de sangre, orina, fecas o placenta.<\/span><\/p>\n<p style=\"text-align: justify;\"><span lang=\"ES-MX\">Destacan igualmente las enfermedades causadas por bacterias, entre estas, la salmonelosis, listeriosis, klebsiella y escherichia coli, pudiendo posibilitar el ingreso de otro tipo de bacteria que puede producir el S\u00edndrome Hemol\u00edtico Ur\u00e9mico (shu) que ocasiona insuficiencia renal cr\u00f3nica en seres humanos. \u00a0<\/span><\/p>\n<\/div><\/section><\/div><div  style='height:50px' class='hr hr-invisible   avia-builder-el-6  el_after_av_one_full  el_before_av_social_share '><span class='hr-inner ' ><span class='hr-inner-style'><\/span><\/span><\/div><\/p>\n<div  class='av-social-sharing-box  avia-builder-el-7  el_after_av_hr  el_before_av_hr  '><div class='av-share-box'><h5 class='av-share-link-description av-no-toc '>Compartir esta noticia<\/h5><ul class='av-share-box-list noLightbox'><li class='av-share-link av-social-link-facebook' ><a target=\"_blank\" aria-label=\"Compartir en Facebook\" href='https:\/\/www.facebook.com\/sharer.php?u=https:\/\/radiorevelacionfm.cl\/?p=46305&#038;t=Carabineros%20de%20Chile%20Chico%20detuvo%20a%20sujeto%20por%20abigeato' aria-hidden='false' data-av_icon='\ue8f3' data-av_iconfont='entypo-fontello' title='' data-avia-related-tooltip='Compartir en Facebook' rel=\"noopener\"><span class='avia_hidden_link_text'>Compartir en Facebook<\/span><\/a><\/li><li class='av-share-link av-social-link-twitter' ><a target=\"_blank\" aria-label=\"Compartir en Twitter\" href='https:\/\/twitter.com\/share?text=Carabineros%20de%20Chile%20Chico%20detuvo%20a%20sujeto%20por%20abigeato&#038;url=https:\/\/radiorevelacionfm.cl\/?p=46305' aria-hidden='false' data-av_icon='\ue8f1' data-av_iconfont='entypo-fontello' title='' data-avia-related-tooltip='Compartir en Twitter' rel=\"noopener\"><span class='avia_hidden_link_text'>Compartir en Twitter<\/span><\/a><\/li><li class='av-share-link av-social-link-whatsapp' ><a target=\"_blank\" aria-label=\"Compartir en Whatsapp\" href='https:\/\/api.whatsapp.com\/send?text=https:\/\/radiorevelacionfm.cl\/?p=46305' aria-hidden='false' data-av_icon='\uf232' data-av_iconfont='entypo-fontello' title='' data-avia-related-tooltip='Compartir en Whatsapp' rel=\"noopener\"><span class='avia_hidden_link_text'>Compartir en Whatsapp<\/span><\/a><\/li><li class='av-share-link av-social-link-linkedin' ><a target=\"_blank\" aria-label=\"Compartir en LinkedIn\" href='https:\/\/linkedin.com\/shareArticle?mini=true&#038;title=Carabineros%20de%20Chile%20Chico%20detuvo%20a%20sujeto%20por%20abigeato&#038;url=https:\/\/radiorevelacionfm.cl\/?p=46305' aria-hidden='false' data-av_icon='\ue8fc' data-av_iconfont='entypo-fontello' title='' data-avia-related-tooltip='Compartir en LinkedIn' rel=\"noopener\"><span class='avia_hidden_link_text'>Compartir en LinkedIn<\/span><\/a><\/li><li class='av-share-link av-social-link-mail' ><a  aria-label=\"Compartir por correo\" href='mailto:?subject=Carabineros%20de%20Chile%20Chico%20detuvo%20a%20sujeto%20por%20abigeato&#038;body=https:\/\/radiorevelacionfm.cl\/?p=46305' aria-hidden='false' data-av_icon='\ue805' data-av_iconfont='entypo-fontello' title='' data-avia-related-tooltip='Compartir por correo'><span class='avia_hidden_link_text'>Compartir por correo<\/span><\/a><\/li><\/ul><\/div><\/div>\n<div  style='height:50px' class='hr hr-invisible   avia-builder-el-8  el_after_av_social_share  el_before_av_comments_list '><span class='hr-inner ' ><span class='hr-inner-style'><\/span><\/span><\/div>\n<div  class='av-buildercomment  av-blog-meta-html-info-disabled av-blog-meta-tag-disabled  '><\/div>\n","protected":false},"excerpt":{"rendered":"","protected":false},"author":1,"featured_media":46306,"comment_status":"open","ping_status":"open","sticky":false,"template":"","format":"standard","meta":{"footnotes":""},"categories":[36],"tags":[],"class_list":["post-46305","post","type-post","status-publish","format-standard","has-post-thumbnail","hentry","category-policial"],"jetpack_featured_media_url":"https:\/\/radiorevelacionfm.cl\/wp-content\/uploads\/2024\/09\/970c63b9-5f2d-428a-aabc-d71532eb3286-1-1.jpg","_links":{"self":[{"href":"https:\/\/radiorevelacionfm.cl\/index.php?rest_route=\/wp\/v2\/posts\/46305","targetHints":{"allow":["GET"]}}],"collection":[{"href":"https:\/\/radiorevelacionfm.cl\/index.php?rest_route=\/wp\/v2\/posts"}],"about":[{"href":"https:\/\/radiorevelacionfm.cl\/index.php?rest_route=\/wp\/v2\/types\/post"}],"author":[{"embeddable":true,"href":"https:\/\/radiorevelacionfm.cl\/index.php?rest_route=\/wp\/v2\/users\/1"}],"replies":[{"embeddable":true,"href":"https:\/\/radiorevelacionfm.cl\/index.php?rest_route=%2Fwp%2Fv2%2Fcomments&post=46305"}],"version-history":[{"count":1,"href":"https:\/\/radiorevelacionfm.cl\/index.php?rest_route=\/wp\/v2\/posts\/46305\/revisions"}],"predecessor-version":[{"id":46307,"href":"https:\/\/radiorevelacionfm.cl\/index.php?rest_route=\/wp\/v2\/posts\/46305\/revisions\/46307"}],"wp:featuredmedia":[{"embeddable":true,"href":"https:\/\/radiorevelacionfm.cl\/index.php?rest_route=\/wp\/v2\/media\/46306"}],"wp:attachment":[{"href":"https:\/\/radiorevelacionfm.cl\/index.php?rest_route=%2Fwp%2Fv2%2Fmedia&parent=46305"}],"wp:term":[{"taxonomy":"category","embeddable":true,"href":"https:\/\/radiorevelacionfm.cl\/index.php?rest_route=%2Fwp%2Fv2%2Fcategories&post=46305"},{"taxonomy":"post_tag","embeddable":true,"href":"https:\/\/radiorevelacionfm.cl\/index.php?rest_route=%2Fwp%2Fv2%2Ftags&post=46305"}],"curies":[{"name":"wp","href":"https:\/\/api.w.org\/{rel}","templated":true}]}}