{"id":46299,"date":"2024-09-16T21:15:13","date_gmt":"2024-09-17T00:15:13","guid":{"rendered":"https:\/\/radiorevelacionfm.cl\/?p=46299"},"modified":"2024-09-16T21:15:13","modified_gmt":"2024-09-17T00:15:13","slug":"anuncian-remodelacion-y-nuevas-obras-en-balneario-tejas-verdes-de-coyhaique","status":"publish","type":"post","link":"https:\/\/radiorevelacionfm.cl\/?p=46299","title":{"rendered":"Anuncian remodelaci\u00f3n y nuevas obras en balneario Tejas Verdes de Coyhaique"},"content":{"rendered":"<div class=\"flex_column av_one_full  flex_column_div av-zero-column-padding first  avia-builder-el-0  el_before_av_one_full  avia-builder-el-first  \" style='border-radius:0px; '><div  class='avia-image-container  av-styling-    avia-builder-el-1  avia-builder-el-no-sibling  avia-align-center '  itemprop=\"image\" itemscope=\"itemscope\" itemtype=\"https:\/\/schema.org\/ImageObject\"  ><div class='avia-image-container-inner'><div class='avia-image-overlay-wrap'><img decoding=\"async\" class='wp-image-46300 avia-img-lazy-loading-not-46300 avia_image' src=\"https:\/\/radiorevelacionfm.cl\/wp-content\/uploads\/2024\/09\/tejas-verdes-1_optimized-1.jpg\" alt='' title='tejas-verdes-(1)_optimized (1)' height=\"600\" width=\"1067\"  itemprop=\"thumbnailUrl\" srcset=\"https:\/\/radiorevelacionfm.cl\/wp-content\/uploads\/2024\/09\/tejas-verdes-1_optimized-1.jpg 1067w, https:\/\/radiorevelacionfm.cl\/wp-content\/uploads\/2024\/09\/tejas-verdes-1_optimized-1-300x169.jpg 300w, https:\/\/radiorevelacionfm.cl\/wp-content\/uploads\/2024\/09\/tejas-verdes-1_optimized-1-1030x579.jpg 1030w, https:\/\/radiorevelacionfm.cl\/wp-content\/uploads\/2024\/09\/tejas-verdes-1_optimized-1-768x432.jpg 768w, https:\/\/radiorevelacionfm.cl\/wp-content\/uploads\/2024\/09\/tejas-verdes-1_optimized-1-705x396.jpg 705w, https:\/\/radiorevelacionfm.cl\/wp-content\/uploads\/2024\/09\/tejas-verdes-1_optimized-1-450x253.jpg 450w, https:\/\/radiorevelacionfm.cl\/wp-content\/uploads\/2024\/09\/tejas-verdes-1_optimized-1-600x337.jpg 600w\" sizes=\"(max-width: 1067px) 100vw, 1067px\" \/><\/div><\/div><\/div><\/div><div class=\"flex_column av_one_full  flex_column_div av-zero-column-padding first  avia-builder-el-2  el_after_av_one_full  el_before_av_one_full  column-top-margin\" style='border-radius:0px; '><section class=\"av_textblock_section \"  itemscope=\"itemscope\" itemtype=\"https:\/\/schema.org\/BlogPosting\" itemprop=\"blogPost\" ><div class='avia_textblock  '   itemprop=\"text\" ><p style=\"text-align: center;\"><strong><span style=\"font-size: 18pt;\">Anuncian remodelaci\u00f3n y nuevas obras en balneario Tejas Verdes de Coyhaique<\/span><\/strong><\/p>\n<div id=\"gtx-trans\" style=\"position: absolute; left: -50px; top: 4.31534px;\">\n<div class=\"gtx-trans-icon\"><\/div>\n<\/div>\n<\/div><\/section><\/div><div class=\"flex_column av_one_full  flex_column_div av-zero-column-padding first  avia-builder-el-4  el_after_av_one_full  el_before_av_hr  column-top-margin\" style='border-radius:0px; '><section class=\"av_textblock_section \"  itemscope=\"itemscope\" itemtype=\"https:\/\/schema.org\/BlogPosting\" itemprop=\"blogPost\" ><div class='avia_textblock  '   itemprop=\"text\" ><p style=\"text-align: justify;\"><em>M\u00e1s de $170 millones de pesos ser\u00e1n invertidos en las obras que deber\u00edan estar concluidas en verano para poner a disposici\u00f3n de la comunidad el hist\u00f3rico recinto.<\/em><\/p>\n<p style=\"text-align: justify;\">El alcalde de Coyhaique, Carlos Gatica Villegas, anunci\u00f3 la remodelaci\u00f3n y construcci\u00f3n de nuevos espacios en el hist\u00f3rico balneario de Tejas Verdes. Ocasi\u00f3n en la que la autoridad comunal detall\u00f3 las obras que se llevar\u00e1n a cabo y agradeci\u00f3 al Gobierno Regional de Ays\u00e9n y su concejo por la aprobaci\u00f3n de esta iniciativa.<\/p>\n<p style=\"text-align: justify;\">La recuperaci\u00f3n del balneario del sector Tejas Verdes en la capital regional ser\u00e1 una realidad tras la aprobaci\u00f3n de los Fondos Regionales de Iniciativa Local del Gobierno Regional (FRIL), recursos que ser\u00e1n destinados a la construcci\u00f3n de nuevos espacios para todo p\u00fablico, la reposici\u00f3n y mejoras de las instalaciones existentes y el hermoseamiento del lugar mediante la plantaci\u00f3n de diversas especies vegetales.<\/p>\n<p style=\"text-align: justify;\">Respecto de la iniciativa, el alcalde de Coyhaique, Carlos Gatica Villegas, expres\u00f3 que \u201cdesde nuestra administraci\u00f3n hemos tenido un compromiso permanente por lograr la recuperaci\u00f3n de diversos espacios p\u00fablicos en nuestra ciudad, a fin de que las familias y todos los vecinos puedan disfrutar de nuestros entornos, especialmente, de aquellos espacios que se encuentran al borde r\u00edo, requieren de una intervenci\u00f3n de cuidado, \u00a0mantenci\u00f3n del uso y se puedan utilizar durante todo el a\u00f1o.<\/p>\n<p style=\"text-align: justify;\">\u201cCuando que asumimos, planteamos a la comunidad, nuestro concejo municipal y a los diversos ministerios as\u00ed como tambi\u00e9n al mismo Gobierno Regional de poder generar una cartera de proyectos que nos permitan recuperar atractivos como lo es el Balneario de Tejas Verdes, lo que vendr\u00e1 a favorecer el esparcimiento y la recreaci\u00f3n para todos\u201d, agreg\u00f3.<\/p>\n<p style=\"text-align: justify;\">Finalmente, el alcalde Gatica detall\u00f3 que \u201cagradecemos la aprobaci\u00f3n de estos recursos que superan los $170 millones de pesos de parte del Gobierno Regional, que nos permitir\u00e1n mediante un FRIL llevar a cabo las obras que contemplan pavimentaci\u00f3n en el sector, la construcci\u00f3n de 3 quinchos, el mejoramiento de las escaleras de acceso, la reposici\u00f3n del c\u00e9sped del lugar y tambi\u00e9n el mejoramiento del mobiliario que est\u00e1 a disposici\u00f3n de la comunidad que llega a este espacio, construiremos reposeras y tambi\u00e9n otras acciones que hermosear\u00e1n este balneario\u201d.<\/p>\n<\/div><\/section><\/div><div  style='height:50px' class='hr hr-invisible   avia-builder-el-6  el_after_av_one_full  el_before_av_social_share '><span class='hr-inner ' ><span class='hr-inner-style'><\/span><\/span><\/div><\/p>\n<div  class='av-social-sharing-box  avia-builder-el-7  el_after_av_hr  el_before_av_hr  '><div class='av-share-box'><h5 class='av-share-link-description av-no-toc '>Compartir esta noticia<\/h5><ul class='av-share-box-list noLightbox'><li class='av-share-link av-social-link-facebook' ><a target=\"_blank\" aria-label=\"Compartir en Facebook\" href='https:\/\/www.facebook.com\/sharer.php?u=https:\/\/radiorevelacionfm.cl\/?p=46299&#038;t=Anuncian%20remodelaci%C3%B3n%20y%20nuevas%20obras%20en%20balneario%20Tejas%20Verdes%20de%20Coyhaique' aria-hidden='false' data-av_icon='\ue8f3' data-av_iconfont='entypo-fontello' title='' data-avia-related-tooltip='Compartir en Facebook' rel=\"noopener\"><span class='avia_hidden_link_text'>Compartir en Facebook<\/span><\/a><\/li><li class='av-share-link av-social-link-twitter' ><a target=\"_blank\" aria-label=\"Compartir en Twitter\" href='https:\/\/twitter.com\/share?text=Anuncian%20remodelaci%C3%B3n%20y%20nuevas%20obras%20en%20balneario%20Tejas%20Verdes%20de%20Coyhaique&#038;url=https:\/\/radiorevelacionfm.cl\/?p=46299' aria-hidden='false' data-av_icon='\ue8f1' data-av_iconfont='entypo-fontello' title='' data-avia-related-tooltip='Compartir en Twitter' rel=\"noopener\"><span class='avia_hidden_link_text'>Compartir en Twitter<\/span><\/a><\/li><li class='av-share-link av-social-link-whatsapp' ><a target=\"_blank\" aria-label=\"Compartir en Whatsapp\" href='https:\/\/api.whatsapp.com\/send?text=https:\/\/radiorevelacionfm.cl\/?p=46299' aria-hidden='false' data-av_icon='\uf232' data-av_iconfont='entypo-fontello' title='' data-avia-related-tooltip='Compartir en Whatsapp' rel=\"noopener\"><span class='avia_hidden_link_text'>Compartir en Whatsapp<\/span><\/a><\/li><li class='av-share-link av-social-link-linkedin' ><a target=\"_blank\" aria-label=\"Compartir en LinkedIn\" href='https:\/\/linkedin.com\/shareArticle?mini=true&#038;title=Anuncian%20remodelaci%C3%B3n%20y%20nuevas%20obras%20en%20balneario%20Tejas%20Verdes%20de%20Coyhaique&#038;url=https:\/\/radiorevelacionfm.cl\/?p=46299' aria-hidden='false' data-av_icon='\ue8fc' data-av_iconfont='entypo-fontello' title='' data-avia-related-tooltip='Compartir en LinkedIn' rel=\"noopener\"><span class='avia_hidden_link_text'>Compartir en LinkedIn<\/span><\/a><\/li><li class='av-share-link av-social-link-mail' ><a  aria-label=\"Compartir por correo\" href='mailto:?subject=Anuncian%20remodelaci%C3%B3n%20y%20nuevas%20obras%20en%20balneario%20Tejas%20Verdes%20de%20Coyhaique&#038;body=https:\/\/radiorevelacionfm.cl\/?p=46299' aria-hidden='false' data-av_icon='\ue805' data-av_iconfont='entypo-fontello' title='' data-avia-related-tooltip='Compartir por correo'><span class='avia_hidden_link_text'>Compartir por correo<\/span><\/a><\/li><\/ul><\/div><\/div>\n<div  style='height:50px' class='hr hr-invisible   avia-builder-el-8  el_after_av_social_share  el_before_av_comments_list '><span class='hr-inner ' ><span class='hr-inner-style'><\/span><\/span><\/div>\n<div  class='av-buildercomment  av-blog-meta-html-info-disabled av-blog-meta-tag-disabled  '><\/div>\n","protected":false},"excerpt":{"rendered":"","protected":false},"author":1,"featured_media":46300,"comment_status":"open","ping_status":"open","sticky":false,"template":"","format":"standard","meta":{"footnotes":""},"categories":[38],"tags":[],"class_list":["post-46299","post","type-post","status-publish","format-standard","has-post-thumbnail","hentry","category-regional"],"jetpack_featured_media_url":"https:\/\/radiorevelacionfm.cl\/wp-content\/uploads\/2024\/09\/tejas-verdes-1_optimized-1.jpg","_links":{"self":[{"href":"https:\/\/radiorevelacionfm.cl\/index.php?rest_route=\/wp\/v2\/posts\/46299","targetHints":{"allow":["GET"]}}],"collection":[{"href":"https:\/\/radiorevelacionfm.cl\/index.php?rest_route=\/wp\/v2\/posts"}],"about":[{"href":"https:\/\/radiorevelacionfm.cl\/index.php?rest_route=\/wp\/v2\/types\/post"}],"author":[{"embeddable":true,"href":"https:\/\/radiorevelacionfm.cl\/index.php?rest_route=\/wp\/v2\/users\/1"}],"replies":[{"embeddable":true,"href":"https:\/\/radiorevelacionfm.cl\/index.php?rest_route=%2Fwp%2Fv2%2Fcomments&post=46299"}],"version-history":[{"count":1,"href":"https:\/\/radiorevelacionfm.cl\/index.php?rest_route=\/wp\/v2\/posts\/46299\/revisions"}],"predecessor-version":[{"id":46301,"href":"https:\/\/radiorevelacionfm.cl\/index.php?rest_route=\/wp\/v2\/posts\/46299\/revisions\/46301"}],"wp:featuredmedia":[{"embeddable":true,"href":"https:\/\/radiorevelacionfm.cl\/index.php?rest_route=\/wp\/v2\/media\/46300"}],"wp:attachment":[{"href":"https:\/\/radiorevelacionfm.cl\/index.php?rest_route=%2Fwp%2Fv2%2Fmedia&parent=46299"}],"wp:term":[{"taxonomy":"category","embeddable":true,"href":"https:\/\/radiorevelacionfm.cl\/index.php?rest_route=%2Fwp%2Fv2%2Fcategories&post=46299"},{"taxonomy":"post_tag","embeddable":true,"href":"https:\/\/radiorevelacionfm.cl\/index.php?rest_route=%2Fwp%2Fv2%2Ftags&post=46299"}],"curies":[{"name":"wp","href":"https:\/\/api.w.org\/{rel}","templated":true}]}}