{"id":4629,"date":"2021-05-27T23:07:51","date_gmt":"2021-05-28T02:07:51","guid":{"rendered":"https:\/\/radiorevelacionfm.cl\/?p=4629"},"modified":"2021-05-27T23:07:51","modified_gmt":"2021-05-28T02:07:51","slug":"intensas-fiscalizaciones-en-puerto-aysen-en-primera-jornada-de-nueva-cuarentena-total","status":"publish","type":"post","link":"https:\/\/radiorevelacionfm.cl\/?p=4629","title":{"rendered":"Intensas fiscalizaciones en Puerto Ays\u00e9n en primera jornada de nueva Cuarentena Total"},"content":{"rendered":"<div class=\"flex_column av_one_full  flex_column_div av-zero-column-padding first  avia-builder-el-0  el_before_av_one_full  avia-builder-el-first  \" style='border-radius:0px; '><div  class='avia-image-container  av-styling-    avia-builder-el-1  avia-builder-el-no-sibling  avia-align-center '  itemprop=\"image\" itemscope=\"itemscope\" itemtype=\"https:\/\/schema.org\/ImageObject\"  ><div class='avia-image-container-inner'><div class='avia-image-overlay-wrap'><img decoding=\"async\" class='wp-image-4630 avia-img-lazy-loading-not-4630 avia_image' src=\"https:\/\/radiorevelacionfm.cl\/wp-content\/uploads\/2021\/05\/cuarentena-aysen1_optimized.jpg\" alt='' title='cuarentena-aysen1_optimized' height=\"605\" width=\"1280\"  itemprop=\"thumbnailUrl\" srcset=\"https:\/\/radiorevelacionfm.cl\/wp-content\/uploads\/2021\/05\/cuarentena-aysen1_optimized.jpg 1280w, https:\/\/radiorevelacionfm.cl\/wp-content\/uploads\/2021\/05\/cuarentena-aysen1_optimized-300x142.jpg 300w, https:\/\/radiorevelacionfm.cl\/wp-content\/uploads\/2021\/05\/cuarentena-aysen1_optimized-1030x487.jpg 1030w, https:\/\/radiorevelacionfm.cl\/wp-content\/uploads\/2021\/05\/cuarentena-aysen1_optimized-768x363.jpg 768w, https:\/\/radiorevelacionfm.cl\/wp-content\/uploads\/2021\/05\/cuarentena-aysen1_optimized-705x333.jpg 705w, https:\/\/radiorevelacionfm.cl\/wp-content\/uploads\/2021\/05\/cuarentena-aysen1_optimized-600x284.jpg 600w\" sizes=\"(max-width: 1280px) 100vw, 1280px\" \/><\/div><\/div><\/div><\/div><div class=\"flex_column av_one_full  flex_column_div av-zero-column-padding first  avia-builder-el-2  el_after_av_one_full  el_before_av_one_full  column-top-margin\" style='border-radius:0px; '><section class=\"av_textblock_section \"  itemscope=\"itemscope\" itemtype=\"https:\/\/schema.org\/BlogPosting\" itemprop=\"blogPost\" ><div class='avia_textblock  '   itemprop=\"text\" ><p style=\"text-align: center;\"><strong><span style=\"font-size: 18pt;\">Intensas fiscalizaciones en Puerto Ays\u00e9n en primera jornada de nueva Cuarentena Total<\/span><\/strong><\/p>\n<div id=\"gtx-trans\" style=\"position: absolute; left: -50px; top: 4.31534px;\">\n<div class=\"gtx-trans-icon\"><\/div>\n<\/div>\n<\/div><\/section><\/div><div class=\"flex_column av_one_full  flex_column_div av-zero-column-padding first  avia-builder-el-4  el_after_av_one_full  el_before_av_hr  column-top-margin\" style='border-radius:0px; '><section class=\"av_textblock_section \"  itemscope=\"itemscope\" itemtype=\"https:\/\/schema.org\/BlogPosting\" itemprop=\"blogPost\" ><div class='avia_textblock  '   itemprop=\"text\" ><p style=\"text-align: justify;\">A las 05:00 de la madrugada de este jueves se dio inicio a esta medida restrictiva para la comuna de Ays\u00e9n, exceptuando a Islas Huichas.<\/p>\n<p style=\"text-align: justify;\">Durante la jornada de este jueves y bajo una persistente lluvia Manuel Ortiz Torres Gobernador de la provincia, acompa\u00f1ado del Comandante del Regimiento 8 Chilo\u00e9 Coronel Emilio Larenas y del Teniente de la Segunda Comisaria Ays\u00e9n Jaime Esparza realizaron una fiscalizaci\u00f3n por distintos puntos de controles en la ciudad de Puerto Ays\u00e9n, esto con la finalidad de poder apreciar la movilidad y el comportamiento comunitario a ra\u00edz de esta medida sanitaria para controlar el Covid-19 \u201cestamos haciendo un recorrido por los distintos puntos de control, hemos visto la baja circulaci\u00f3n que ha habido por lo tanto eso significa que la gente nos est\u00e1 escuchando, si la gente act\u00faa de la manera que lo est\u00e1 haciendo probablemente tengamos buenas noticias en corto tiempo\u201d se\u00f1alaba la autoridad provincial.<\/p>\n<p style=\"text-align: justify;\">El Gobernador provincial una vez m\u00e1s reiteraba el llamado a vacunarse contra el Covid-19 \u201chacemos el llamado a que sigan concurriendo al polideportivo, para tener prontamente el m\u00e1ximo de vacunados en la capital Provincial.\u201d<\/p>\n<\/div><\/section><\/div><div  style='height:50px' class='hr hr-invisible   avia-builder-el-6  el_after_av_one_full  el_before_av_social_share '><span class='hr-inner ' ><span class='hr-inner-style'><\/span><\/span><\/div><\/p>\n<div  class='av-social-sharing-box  avia-builder-el-7  el_after_av_hr  el_before_av_hr  '><div class='av-share-box'><h5 class='av-share-link-description av-no-toc '>Compartir esta noticia<\/h5><ul class='av-share-box-list noLightbox'><li class='av-share-link av-social-link-facebook' ><a target=\"_blank\" aria-label=\"Compartir en Facebook\" href='https:\/\/www.facebook.com\/sharer.php?u=https:\/\/radiorevelacionfm.cl\/?p=4629&#038;t=Intensas%20fiscalizaciones%20en%20Puerto%20Ays%C3%A9n%20en%20primera%20jornada%20de%20nueva%20Cuarentena%20Total' aria-hidden='false' data-av_icon='\ue8f3' data-av_iconfont='entypo-fontello' title='' data-avia-related-tooltip='Compartir en Facebook' rel=\"noopener\"><span class='avia_hidden_link_text'>Compartir en Facebook<\/span><\/a><\/li><li class='av-share-link av-social-link-twitter' ><a target=\"_blank\" aria-label=\"Compartir en Twitter\" href='https:\/\/twitter.com\/share?text=Intensas%20fiscalizaciones%20en%20Puerto%20Ays%C3%A9n%20en%20primera%20jornada%20de%20nueva%20Cuarentena%20Total&#038;url=https:\/\/radiorevelacionfm.cl\/?p=4629' aria-hidden='false' data-av_icon='\ue8f1' data-av_iconfont='entypo-fontello' title='' data-avia-related-tooltip='Compartir en Twitter' rel=\"noopener\"><span class='avia_hidden_link_text'>Compartir en Twitter<\/span><\/a><\/li><li class='av-share-link av-social-link-whatsapp' ><a target=\"_blank\" aria-label=\"Compartir en Whatsapp\" href='https:\/\/api.whatsapp.com\/send?text=https:\/\/radiorevelacionfm.cl\/?p=4629' aria-hidden='false' data-av_icon='\uf232' data-av_iconfont='entypo-fontello' title='' data-avia-related-tooltip='Compartir en Whatsapp' rel=\"noopener\"><span class='avia_hidden_link_text'>Compartir en Whatsapp<\/span><\/a><\/li><li class='av-share-link av-social-link-linkedin' ><a target=\"_blank\" aria-label=\"Compartir en LinkedIn\" href='https:\/\/linkedin.com\/shareArticle?mini=true&#038;title=Intensas%20fiscalizaciones%20en%20Puerto%20Ays%C3%A9n%20en%20primera%20jornada%20de%20nueva%20Cuarentena%20Total&#038;url=https:\/\/radiorevelacionfm.cl\/?p=4629' aria-hidden='false' data-av_icon='\ue8fc' data-av_iconfont='entypo-fontello' title='' data-avia-related-tooltip='Compartir en LinkedIn' rel=\"noopener\"><span class='avia_hidden_link_text'>Compartir en LinkedIn<\/span><\/a><\/li><li class='av-share-link av-social-link-mail' ><a  aria-label=\"Compartir por correo\" href='mailto:?subject=Intensas%20fiscalizaciones%20en%20Puerto%20Ays%C3%A9n%20en%20primera%20jornada%20de%20nueva%20Cuarentena%20Total&#038;body=https:\/\/radiorevelacionfm.cl\/?p=4629' aria-hidden='false' data-av_icon='\ue805' data-av_iconfont='entypo-fontello' title='' data-avia-related-tooltip='Compartir por correo'><span class='avia_hidden_link_text'>Compartir por correo<\/span><\/a><\/li><\/ul><\/div><\/div>\n<div  style='height:50px' class='hr hr-invisible   avia-builder-el-8  el_after_av_social_share  el_before_av_comments_list '><span class='hr-inner ' ><span class='hr-inner-style'><\/span><\/span><\/div>\n<div  class='av-buildercomment  av-blog-meta-html-info-disabled av-blog-meta-tag-disabled  '><\/div>\n","protected":false},"excerpt":{"rendered":"","protected":false},"author":1,"featured_media":4630,"comment_status":"open","ping_status":"open","sticky":false,"template":"","format":"standard","meta":{"footnotes":""},"categories":[38],"tags":[],"class_list":["post-4629","post","type-post","status-publish","format-standard","has-post-thumbnail","hentry","category-regional"],"jetpack_featured_media_url":"https:\/\/radiorevelacionfm.cl\/wp-content\/uploads\/2021\/05\/cuarentena-aysen1_optimized.jpg","_links":{"self":[{"href":"https:\/\/radiorevelacionfm.cl\/index.php?rest_route=\/wp\/v2\/posts\/4629","targetHints":{"allow":["GET"]}}],"collection":[{"href":"https:\/\/radiorevelacionfm.cl\/index.php?rest_route=\/wp\/v2\/posts"}],"about":[{"href":"https:\/\/radiorevelacionfm.cl\/index.php?rest_route=\/wp\/v2\/types\/post"}],"author":[{"embeddable":true,"href":"https:\/\/radiorevelacionfm.cl\/index.php?rest_route=\/wp\/v2\/users\/1"}],"replies":[{"embeddable":true,"href":"https:\/\/radiorevelacionfm.cl\/index.php?rest_route=%2Fwp%2Fv2%2Fcomments&post=4629"}],"version-history":[{"count":1,"href":"https:\/\/radiorevelacionfm.cl\/index.php?rest_route=\/wp\/v2\/posts\/4629\/revisions"}],"predecessor-version":[{"id":4631,"href":"https:\/\/radiorevelacionfm.cl\/index.php?rest_route=\/wp\/v2\/posts\/4629\/revisions\/4631"}],"wp:featuredmedia":[{"embeddable":true,"href":"https:\/\/radiorevelacionfm.cl\/index.php?rest_route=\/wp\/v2\/media\/4630"}],"wp:attachment":[{"href":"https:\/\/radiorevelacionfm.cl\/index.php?rest_route=%2Fwp%2Fv2%2Fmedia&parent=4629"}],"wp:term":[{"taxonomy":"category","embeddable":true,"href":"https:\/\/radiorevelacionfm.cl\/index.php?rest_route=%2Fwp%2Fv2%2Fcategories&post=4629"},{"taxonomy":"post_tag","embeddable":true,"href":"https:\/\/radiorevelacionfm.cl\/index.php?rest_route=%2Fwp%2Fv2%2Ftags&post=4629"}],"curies":[{"name":"wp","href":"https:\/\/api.w.org\/{rel}","templated":true}]}}