{"id":46289,"date":"2024-09-16T17:10:12","date_gmt":"2024-09-16T20:10:12","guid":{"rendered":"https:\/\/radiorevelacionfm.cl\/?p=46289"},"modified":"2024-09-16T17:10:12","modified_gmt":"2024-09-16T20:10:12","slug":"salud-intensifica-fiscalizaciones-relacionadas-a-la-venta-de-productos-alimenticios-en-la-region","status":"publish","type":"post","link":"https:\/\/radiorevelacionfm.cl\/?p=46289","title":{"rendered":"Salud intensifica fiscalizaciones relacionadas a la venta de productos alimenticios en la regi\u00f3n"},"content":{"rendered":"<div class=\"flex_column av_one_full  flex_column_div av-zero-column-padding first  avia-builder-el-0  el_before_av_one_full  avia-builder-el-first  \" style='border-radius:0px; '><div  class='avia-image-container  av-styling-    avia-builder-el-1  avia-builder-el-no-sibling  avia-align-center '  itemprop=\"image\" itemscope=\"itemscope\" itemtype=\"https:\/\/schema.org\/ImageObject\"  ><div class='avia-image-container-inner'><div class='avia-image-overlay-wrap'><img decoding=\"async\" class='wp-image-46290 avia-img-lazy-loading-not-46290 avia_image' src=\"https:\/\/radiorevelacionfm.cl\/wp-content\/uploads\/2024\/09\/fiscalizacion-carnes-1-1.jpg\" alt='' title='fiscalizaci\u00f3n carnes (1) (1)' height=\"600\" width=\"800\"  itemprop=\"thumbnailUrl\" srcset=\"https:\/\/radiorevelacionfm.cl\/wp-content\/uploads\/2024\/09\/fiscalizacion-carnes-1-1.jpg 800w, https:\/\/radiorevelacionfm.cl\/wp-content\/uploads\/2024\/09\/fiscalizacion-carnes-1-1-300x225.jpg 300w, https:\/\/radiorevelacionfm.cl\/wp-content\/uploads\/2024\/09\/fiscalizacion-carnes-1-1-768x576.jpg 768w, https:\/\/radiorevelacionfm.cl\/wp-content\/uploads\/2024\/09\/fiscalizacion-carnes-1-1-705x529.jpg 705w, https:\/\/radiorevelacionfm.cl\/wp-content\/uploads\/2024\/09\/fiscalizacion-carnes-1-1-450x338.jpg 450w, https:\/\/radiorevelacionfm.cl\/wp-content\/uploads\/2024\/09\/fiscalizacion-carnes-1-1-600x450.jpg 600w\" sizes=\"(max-width: 800px) 100vw, 800px\" \/><\/div><\/div><\/div><\/div><div class=\"flex_column av_one_full  flex_column_div av-zero-column-padding first  avia-builder-el-2  el_after_av_one_full  el_before_av_one_full  column-top-margin\" style='border-radius:0px; '><section class=\"av_textblock_section \"  itemscope=\"itemscope\" itemtype=\"https:\/\/schema.org\/BlogPosting\" itemprop=\"blogPost\" ><div class='avia_textblock  '   itemprop=\"text\" ><p style=\"text-align: center;\"><span style=\"font-size: 18pt;\"><strong>Salud intensifica fiscalizaciones relacionadas a la venta de productos alimenticios en la regi\u00f3n<\/strong><\/span><\/p>\n<div id=\"gtx-trans\" style=\"position: absolute; left: -50px; top: 4.31534px;\">\n<div class=\"gtx-trans-icon\"><\/div>\n<\/div>\n<\/div><\/section><\/div><div class=\"flex_column av_one_full  flex_column_div av-zero-column-padding first  avia-builder-el-4  el_after_av_one_full  el_before_av_hr  column-top-margin\" style='border-radius:0px; '><section class=\"av_textblock_section \"  itemscope=\"itemscope\" itemtype=\"https:\/\/schema.org\/BlogPosting\" itemprop=\"blogPost\" ><div class='avia_textblock  '   itemprop=\"text\" ><p style=\"text-align: justify;\"><em>Estas acciones buscan resguardar la salud de la poblaci\u00f3n durante estas Fiestas Patrias, donde se percibe un aumento en el consumo y comercializaci\u00f3n de carnes y otros productos alimenticios.<\/em><\/p>\n<p style=\"text-align: justify;\">Con m\u00e1s de 120 fiscalizaciones realizadas a este lunes 16 de septiembre a lo largo de toda la regi\u00f3n de Ays\u00e9n, los equipos del Departamento de Acci\u00f3n Sanitaria de la Seremi de Salud continuar\u00e1n los procesos de inspecci\u00f3n y visita a locales que comercialicen productos alimenticios durante los pr\u00f3ximos d\u00edas, con la finalidad de evitar la venta de productos que no cumplan con las normas sanitarias vigentes.<\/p>\n<p style=\"text-align: justify;\">La informaci\u00f3n la dio a conocer la Seremi de Salud Ays\u00e9n, Carmen Monsalve G\u00f3mez, quien se refiri\u00f3 al trabajo que se esta desarrollando en toda la regi\u00f3n. \u201cLas fiscalizaciones sanitarias, que se ven intensificadas en estas fechas por el aumento en el consumo de ciertos alimentos, se han estado desarrollando de manera extensiva a lo largo de toda la regi\u00f3n de manera intersectorial con diversos organismos el Servicio Agr\u00edcola y Ganadero, entre otros.\u00a0 Llevamos 122 fiscalizaciones y 09 sumarios sanitarios, donde m\u00e1s all\u00e1 del trabajo que realice la autoridad sanitaria, requerimos la colaboraci\u00f3n de la comunidad para que evite consumir o adquirir alimentos en locales que no cuenten con autorizaci\u00f3n sanitaria, prefiera siempre el comercio establecido, ya que as\u00ed estar\u00e1 cuidando su salud y la de su familia\u201d.<\/p>\n<p style=\"text-align: justify;\">De esta forma, en la celebraci\u00f3n de las fiestas patrias se requiere extremar el autocuidado en el consumo de comidas, \u00a0ya que aumenta el riesgo de ser afectado por enfermedades transitadas por alimentos (ETA), debido a inadecuada manipulaci\u00f3n de alimentos, inadecuada cocci\u00f3n o refrigeraci\u00f3n de los alimentos, raz\u00f3n por la cual, se refuerza en la poblaci\u00f3n un consumo prudente de alimentos seguros, inocuos, variados, suficientes y \u201csin excesos\u201d; con la finalidad que estas fiestas patrias sean una instancia de agrado y de compa\u00f1\u00eda junto a la familia, evitando los problemas mencionados.<\/p>\n<p style=\"text-align: justify;\"><strong>RECOMENDACIONES DE INOCUIDAD DE LOS ALIMENTOS EN FIESTAS PATRIAS<\/strong><\/p>\n<p style=\"text-align: justify;\">&#8211; Comprar siempre en locales establecidos y que cuenten con resoluci\u00f3n sanitaria.<\/p>\n<p style=\"text-align: justify;\">&#8211; Preferir locales cuyas superficies y equipos que contactan los alimentos se encuentren limpios.<\/p>\n<p style=\"text-align: justify;\">&#8211; Lavar siempre sus manos antes de preparar y consumir alimentos, especialmente despu\u00e9s de manipular carnes crudas.<\/p>\n<p style=\"text-align: justify;\">&#8211; Las carnes congeladas deben descongelarse en el refrigerador, nunca a temperatura ambiente; y aquellas carnes descongeladas no deben volver a congelarse.<\/p>\n<p style=\"text-align: justify;\">&#8211; Lavar verduras, frutas y hortalizas con agua potable, especialmente si van a ser consumidas crudas.<\/p>\n<p style=\"text-align: justify;\">&#8211; Mantener separadas las carnes crudas de los dem\u00e1s alimentos.<\/p>\n<p style=\"text-align: justify;\">&#8211; No utilizar los mismos utensilios (cuchillos y tablas para cortar) usados para las carnes con los dem\u00e1s alimentos, o lavarlos muy bien despu\u00e9s de usarlos.<\/p>\n<\/div><\/section><\/div><div  style='height:50px' class='hr hr-invisible   avia-builder-el-6  el_after_av_one_full  el_before_av_social_share '><span class='hr-inner ' ><span class='hr-inner-style'><\/span><\/span><\/div><\/p>\n<div  class='av-social-sharing-box  avia-builder-el-7  el_after_av_hr  el_before_av_hr  '><div class='av-share-box'><h5 class='av-share-link-description av-no-toc '>Compartir esta noticia<\/h5><ul class='av-share-box-list noLightbox'><li class='av-share-link av-social-link-facebook' ><a target=\"_blank\" aria-label=\"Compartir en Facebook\" href='https:\/\/www.facebook.com\/sharer.php?u=https:\/\/radiorevelacionfm.cl\/?p=46289&#038;t=Salud%20intensifica%20fiscalizaciones%20relacionadas%20a%20la%20venta%20de%20productos%20alimenticios%20en%20la%20regi%C3%B3n' aria-hidden='false' data-av_icon='\ue8f3' data-av_iconfont='entypo-fontello' title='' data-avia-related-tooltip='Compartir en Facebook' rel=\"noopener\"><span class='avia_hidden_link_text'>Compartir en Facebook<\/span><\/a><\/li><li class='av-share-link av-social-link-twitter' ><a target=\"_blank\" aria-label=\"Compartir en Twitter\" href='https:\/\/twitter.com\/share?text=Salud%20intensifica%20fiscalizaciones%20relacionadas%20a%20la%20venta%20de%20productos%20alimenticios%20en%20la%20regi%C3%B3n&#038;url=https:\/\/radiorevelacionfm.cl\/?p=46289' aria-hidden='false' data-av_icon='\ue8f1' data-av_iconfont='entypo-fontello' title='' data-avia-related-tooltip='Compartir en Twitter' rel=\"noopener\"><span class='avia_hidden_link_text'>Compartir en Twitter<\/span><\/a><\/li><li class='av-share-link av-social-link-whatsapp' ><a target=\"_blank\" aria-label=\"Compartir en Whatsapp\" href='https:\/\/api.whatsapp.com\/send?text=https:\/\/radiorevelacionfm.cl\/?p=46289' aria-hidden='false' data-av_icon='\uf232' data-av_iconfont='entypo-fontello' title='' data-avia-related-tooltip='Compartir en Whatsapp' rel=\"noopener\"><span class='avia_hidden_link_text'>Compartir en Whatsapp<\/span><\/a><\/li><li class='av-share-link av-social-link-linkedin' ><a target=\"_blank\" aria-label=\"Compartir en LinkedIn\" href='https:\/\/linkedin.com\/shareArticle?mini=true&#038;title=Salud%20intensifica%20fiscalizaciones%20relacionadas%20a%20la%20venta%20de%20productos%20alimenticios%20en%20la%20regi%C3%B3n&#038;url=https:\/\/radiorevelacionfm.cl\/?p=46289' aria-hidden='false' data-av_icon='\ue8fc' data-av_iconfont='entypo-fontello' title='' data-avia-related-tooltip='Compartir en LinkedIn' rel=\"noopener\"><span class='avia_hidden_link_text'>Compartir en LinkedIn<\/span><\/a><\/li><li class='av-share-link av-social-link-mail' ><a  aria-label=\"Compartir por correo\" href='mailto:?subject=Salud%20intensifica%20fiscalizaciones%20relacionadas%20a%20la%20venta%20de%20productos%20alimenticios%20en%20la%20regi%C3%B3n&#038;body=https:\/\/radiorevelacionfm.cl\/?p=46289' aria-hidden='false' data-av_icon='\ue805' data-av_iconfont='entypo-fontello' title='' data-avia-related-tooltip='Compartir por correo'><span class='avia_hidden_link_text'>Compartir por correo<\/span><\/a><\/li><\/ul><\/div><\/div>\n<div  style='height:50px' class='hr hr-invisible   avia-builder-el-8  el_after_av_social_share  el_before_av_comments_list '><span class='hr-inner ' ><span class='hr-inner-style'><\/span><\/span><\/div>\n<div  class='av-buildercomment  av-blog-meta-html-info-disabled av-blog-meta-tag-disabled  '><\/div>\n","protected":false},"excerpt":{"rendered":"","protected":false},"author":1,"featured_media":46290,"comment_status":"open","ping_status":"open","sticky":false,"template":"","format":"standard","meta":{"footnotes":""},"categories":[46],"tags":[],"class_list":["post-46289","post","type-post","status-publish","format-standard","has-post-thumbnail","hentry","category-salud"],"jetpack_featured_media_url":"https:\/\/radiorevelacionfm.cl\/wp-content\/uploads\/2024\/09\/fiscalizacion-carnes-1-1.jpg","_links":{"self":[{"href":"https:\/\/radiorevelacionfm.cl\/index.php?rest_route=\/wp\/v2\/posts\/46289","targetHints":{"allow":["GET"]}}],"collection":[{"href":"https:\/\/radiorevelacionfm.cl\/index.php?rest_route=\/wp\/v2\/posts"}],"about":[{"href":"https:\/\/radiorevelacionfm.cl\/index.php?rest_route=\/wp\/v2\/types\/post"}],"author":[{"embeddable":true,"href":"https:\/\/radiorevelacionfm.cl\/index.php?rest_route=\/wp\/v2\/users\/1"}],"replies":[{"embeddable":true,"href":"https:\/\/radiorevelacionfm.cl\/index.php?rest_route=%2Fwp%2Fv2%2Fcomments&post=46289"}],"version-history":[{"count":1,"href":"https:\/\/radiorevelacionfm.cl\/index.php?rest_route=\/wp\/v2\/posts\/46289\/revisions"}],"predecessor-version":[{"id":46291,"href":"https:\/\/radiorevelacionfm.cl\/index.php?rest_route=\/wp\/v2\/posts\/46289\/revisions\/46291"}],"wp:featuredmedia":[{"embeddable":true,"href":"https:\/\/radiorevelacionfm.cl\/index.php?rest_route=\/wp\/v2\/media\/46290"}],"wp:attachment":[{"href":"https:\/\/radiorevelacionfm.cl\/index.php?rest_route=%2Fwp%2Fv2%2Fmedia&parent=46289"}],"wp:term":[{"taxonomy":"category","embeddable":true,"href":"https:\/\/radiorevelacionfm.cl\/index.php?rest_route=%2Fwp%2Fv2%2Fcategories&post=46289"},{"taxonomy":"post_tag","embeddable":true,"href":"https:\/\/radiorevelacionfm.cl\/index.php?rest_route=%2Fwp%2Fv2%2Ftags&post=46289"}],"curies":[{"name":"wp","href":"https:\/\/api.w.org\/{rel}","templated":true}]}}