{"id":46286,"date":"2024-09-16T18:05:11","date_gmt":"2024-09-16T21:05:11","guid":{"rendered":"https:\/\/radiorevelacionfm.cl\/?p=46286"},"modified":"2024-09-16T18:05:11","modified_gmt":"2024-09-16T21:05:11","slug":"mas-de-150-personas-fueron-atendidas-en-plaza-de-justicia-y-ddhh-realizada-en-puerto-aysen-y-chacabuco","status":"publish","type":"post","link":"https:\/\/radiorevelacionfm.cl\/?p=46286","title":{"rendered":"M\u00e1s de 150 personas fueron atendidas en Plaza de Justicia y DDHH realizada en Puerto Ays\u00e9n y Chacabuco"},"content":{"rendered":"<div class=\"flex_column av_one_full  flex_column_div av-zero-column-padding first  avia-builder-el-0  el_before_av_one_full  avia-builder-el-first  \" style='border-radius:0px; '><div  class='avia-image-container  av-styling-    avia-builder-el-1  avia-builder-el-no-sibling  avia-align-center '  itemprop=\"image\" itemscope=\"itemscope\" itemtype=\"https:\/\/schema.org\/ImageObject\"  ><div class='avia-image-container-inner'><div class='avia-image-overlay-wrap'><img decoding=\"async\" class='wp-image-46287 avia-img-lazy-loading-not-46287 avia_image' src=\"https:\/\/radiorevelacionfm.cl\/wp-content\/uploads\/2024\/09\/plaza-1-4-2_optimized.jpg\" alt='' title='plaza-1-(4)-(2)_optimized' height=\"790\" width=\"802\"  itemprop=\"thumbnailUrl\" srcset=\"https:\/\/radiorevelacionfm.cl\/wp-content\/uploads\/2024\/09\/plaza-1-4-2_optimized.jpg 802w, https:\/\/radiorevelacionfm.cl\/wp-content\/uploads\/2024\/09\/plaza-1-4-2_optimized-300x296.jpg 300w, https:\/\/radiorevelacionfm.cl\/wp-content\/uploads\/2024\/09\/plaza-1-4-2_optimized-80x80.jpg 80w, https:\/\/radiorevelacionfm.cl\/wp-content\/uploads\/2024\/09\/plaza-1-4-2_optimized-768x757.jpg 768w, https:\/\/radiorevelacionfm.cl\/wp-content\/uploads\/2024\/09\/plaza-1-4-2_optimized-36x36.jpg 36w, https:\/\/radiorevelacionfm.cl\/wp-content\/uploads\/2024\/09\/plaza-1-4-2_optimized-705x694.jpg 705w, https:\/\/radiorevelacionfm.cl\/wp-content\/uploads\/2024\/09\/plaza-1-4-2_optimized-450x443.jpg 450w, https:\/\/radiorevelacionfm.cl\/wp-content\/uploads\/2024\/09\/plaza-1-4-2_optimized-600x591.jpg 600w, https:\/\/radiorevelacionfm.cl\/wp-content\/uploads\/2024\/09\/plaza-1-4-2_optimized-100x100.jpg 100w\" sizes=\"(max-width: 802px) 100vw, 802px\" \/><\/div><\/div><\/div><\/div><div class=\"flex_column av_one_full  flex_column_div av-zero-column-padding first  avia-builder-el-2  el_after_av_one_full  el_before_av_one_full  column-top-margin\" style='border-radius:0px; '><section class=\"av_textblock_section \"  itemscope=\"itemscope\" itemtype=\"https:\/\/schema.org\/BlogPosting\" itemprop=\"blogPost\" ><div class='avia_textblock  '   itemprop=\"text\" ><p style=\"text-align: center;\"><span style=\"font-size: 18pt;\"><strong>M\u00e1s de 150 personas fueron atendidas en Plaza de Justicia y DDHH realizada en Puerto Ays\u00e9n y Chacabuco<\/strong><\/span><\/p>\n<div id=\"gtx-trans\" style=\"position: absolute; left: -50px; top: 4.31534px;\">\n<div class=\"gtx-trans-icon\"><\/div>\n<\/div>\n<\/div><\/section><\/div><div class=\"flex_column av_one_full  flex_column_div av-zero-column-padding first  avia-builder-el-4  el_after_av_one_full  el_before_av_hr  column-top-margin\" style='border-radius:0px; '><section class=\"av_textblock_section \"  itemscope=\"itemscope\" itemtype=\"https:\/\/schema.org\/BlogPosting\" itemprop=\"blogPost\" ><div class='avia_textblock  '   itemprop=\"text\" ><p style=\"text-align: justify;\"><em>Esta segunda plaza en una modalidad distinta permiti\u00f3 a los servicios del sector Justicia atender diversas tem\u00e1ticas de inter\u00e9s para la comunidad.<\/em><\/p>\n<p style=\"text-align: justify;\">M\u00e1s de 150 personas entre trabajadores, estudiantes, funcionarios p\u00fablicos y comunidad en general de Puerto Ays\u00e9n y Puerto Chacabuco participaron recientemente de una nueva jornada de Plaza de Justicia y DDHH, instancia encabezada por el Seremi de la cartera Samuel Navarro y en la que los participantes pudieron informarse respecto a tem\u00e1ticas tales como, Ley de Responsabilidad Penal Adolescente, , Derivaci\u00f3n\/Develaci\u00f3n situaciones de violencia, Maltrato y\/o Abuso Sexual Infanto-Adolescente, Prevenci\u00f3n Vulneraci\u00f3n Derechos NNA, Ley de Responsabilidad Parental, entrega de c\u00e9dulas de identidad a Jardines Infantiles, Ley Karim, entre otras.<\/p>\n<p style=\"text-align: justify;\">Al igual que la actividad desarrollada en Villa Ma\u00f1ihuales en junio pasado, la instancia permiti\u00f3 el despliegue de funcionarios del Servicio M\u00e9dico Legal, Defensor\u00eda Penal P\u00fablica, Servicio de Registro Civil e Identificaci\u00f3n, Servicio Nacional de Menores y Corporaci\u00f3n de Asistencia Judicial, quienes desarrollaron diversas charlas y atenciones a distintos p\u00fablicos objetivos, esto previa coordinaci\u00f3n realizada con los actores locales.<\/p>\n<p style=\"text-align: justify;\">El Seremi de Justicia y Derechos Humanos Samuel Navarro Castro se refiri\u00f3 a la coordinaci\u00f3n de la actividad se\u00f1alando que \u201cfue una oportunidad importante para que los diversos servicios dependientes y relacionados del Ministerio de Justicia y Derechos Humanos pudieran realizar actividades previamente acordadas y coordinadas en establecimientos educacionales, instituciones, empresas y tambi\u00e9n en instituciones p\u00fablicas, en ese sentido creo que fue una jornada muy provechosa que abarc\u00f3 desde capacitaciones en materias relacionadas con el Servicio M\u00e9dico Legal, actividades del Registro Civil como tomas y capturas de c\u00e9dulas de identidad pasando por capacitaciones de Ley de Responsabilidad Penal Juvenil y sobre el pago efectivo de pensiones realizadas por la Defensor\u00eda Penal P\u00fablica y la Corporaci\u00f3n de Asistencia Judicial, nos parece que este tipo de actividades son muy importante poder seguir desarroll\u00e1ndolas con la comunidad porque nos permiten un acercamiento efectivo y real a las inquietudes de la gente aprovechamos tambi\u00e9n de estar en un par de jardines infantiles para la entrega de c\u00e9dulas de identidad a p\u00e1rvulos, ni\u00f1os y ni\u00f1as que cuenta con su primera c\u00e9dula de identidad, as\u00ed que en t\u00e9rminos generales podemos decir que este a\u00f1o ha sido muy significativo poder desarrollar este tipo de actividades que nos permiten hacer efectivo esto de acercar los servicios de justicia a la gente\u201d.<\/p>\n<p style=\"text-align: justify;\">Mientras que el trabajador social del Colegio Kalem, Juan Bahamonde se refiri\u00f3 a la actividad desarrollada em dichos establecimiento educacional indicando que \u201cme parece muy relevante destacar el despliegue de los servicios de Justicia por las diferentes localidades de la regi\u00f3n, sobre todo informando a la poblaci\u00f3n estudiantil de los diferentes establecimientos educacionales en temas como por ejemplo violencia en el pololeo, acoso escolar, y en el caso de nosotros como colegio el desarrollo del tema Responsabilidad Penal Adolescente, donde participaron alrededor de 33 alumnos de s\u00e9ptimo a tercero medio, con una excelente participaci\u00f3n y un buen desarrollo de la actividad, por \u00faltimo agradecer la instancia, y a su vez dejar abierta la posibilidad para una futura convocatoria y el desarrollo de nuevas tem\u00e1ticas para nuestra comunidad educativa\u201d.<\/p>\n<p style=\"text-align: justify;\">A su vez, el Jefe de Recursos Humanos de la Empresa Mowi Sebasti\u00e1n Alfaro agradeci\u00f3 la posibilidad de que los trabajadores puedan informarse de tem\u00e1ticas como las abordadas en esta instancia se\u00f1alando que \u201cquisiera agradecer a todo el equipo de la Seremi de Justicia y DDHH, y a la Corporaci\u00f3n de Asistencia Judicial por presentarnos esta alternativa, de poder visitar a nuestros trabajadores en nuestra empresa en Puerto Chacabuco, ya que para nosotros tocar estas tem\u00e1ticas de la Ley Parental y Pago Efectivo de Pensiones de Alimentos es sumamente importante y relevante, puesto que en nuestro personal hay muchas personas que pueden tener alg\u00fan familiar, amigo, vecino que pueda tener una problem\u00e1tica respecto a estos temas, y estas instancias son muy importantes para que puedan resolver dudas, consultas e informarse de estas tem\u00e1ticas tan relevantes, reitero mis agradecimientos, esperando que se puedan repetir estas iniciativas, dado que como empresa estamos abiertos a coordinar nuevas capacitaciones, estando seguros que nuestros trabajadores las aprovechar\u00e1n al m\u00e1ximo\u201d.<\/p>\n<p style=\"text-align: justify;\">Finalmente, la directora del Sala Cuna y Jard\u00edn Ays\u00e9n Chiquito Ver\u00f3nica Z\u00fa\u00f1iga se refiri\u00f3 a la entrega de c\u00e9dulas realizadas por el Registro Civil a los peque\u00f1os de este establecimiento, indicando que \u201cnosotros hicimos el contacto a trav\u00e9s de correo electr\u00f3nico y enviamos la informaci\u00f3n y el requerimiento para que funcionarios del Registro Civil vengan a nuestro establecimiento y as\u00ed nuestros ni\u00f1os y ni\u00f1as puedan obtener su c\u00e9dula de identidad, ya que muchas veces se hace dif\u00edcil para las familiar ir a las oficinas o pedir una hora para hacer el tr\u00e1mite, as\u00ed que muy contentos, esperamos seguir trabajando en conjunto con ellos, y as\u00ed otros ni\u00f1os y ni\u00f1as pueden hacer el tr\u00e1mite igual que en esta oportunidad\u201d.<\/p>\n<\/div><\/section><\/div><div  style='height:50px' class='hr hr-invisible   avia-builder-el-6  el_after_av_one_full  el_before_av_social_share '><span class='hr-inner ' ><span class='hr-inner-style'><\/span><\/span><\/div><\/p>\n<div  class='av-social-sharing-box  avia-builder-el-7  el_after_av_hr  el_before_av_hr  '><div class='av-share-box'><h5 class='av-share-link-description av-no-toc '>Compartir esta noticia<\/h5><ul class='av-share-box-list noLightbox'><li class='av-share-link av-social-link-facebook' ><a target=\"_blank\" aria-label=\"Compartir en Facebook\" href='https:\/\/www.facebook.com\/sharer.php?u=https:\/\/radiorevelacionfm.cl\/?p=46286&#038;t=M%C3%A1s%20de%20150%20personas%20fueron%20atendidas%20en%20Plaza%20de%20Justicia%20y%20DDHH%20realizada%20en%20Puerto%20Ays%C3%A9n%20y%20Chacabuco' aria-hidden='false' data-av_icon='\ue8f3' data-av_iconfont='entypo-fontello' title='' data-avia-related-tooltip='Compartir en Facebook' rel=\"noopener\"><span class='avia_hidden_link_text'>Compartir en Facebook<\/span><\/a><\/li><li class='av-share-link av-social-link-twitter' ><a target=\"_blank\" aria-label=\"Compartir en Twitter\" href='https:\/\/twitter.com\/share?text=M%C3%A1s%20de%20150%20personas%20fueron%20atendidas%20en%20Plaza%20de%20Justicia%20y%20DDHH%20realizada%20en%20Puerto%20Ays%C3%A9n%20y%20Chacabuco&#038;url=https:\/\/radiorevelacionfm.cl\/?p=46286' aria-hidden='false' data-av_icon='\ue8f1' data-av_iconfont='entypo-fontello' title='' data-avia-related-tooltip='Compartir en Twitter' rel=\"noopener\"><span class='avia_hidden_link_text'>Compartir en Twitter<\/span><\/a><\/li><li class='av-share-link av-social-link-whatsapp' ><a target=\"_blank\" aria-label=\"Compartir en Whatsapp\" href='https:\/\/api.whatsapp.com\/send?text=https:\/\/radiorevelacionfm.cl\/?p=46286' aria-hidden='false' data-av_icon='\uf232' data-av_iconfont='entypo-fontello' title='' data-avia-related-tooltip='Compartir en Whatsapp' rel=\"noopener\"><span class='avia_hidden_link_text'>Compartir en Whatsapp<\/span><\/a><\/li><li class='av-share-link av-social-link-linkedin' ><a target=\"_blank\" aria-label=\"Compartir en LinkedIn\" href='https:\/\/linkedin.com\/shareArticle?mini=true&#038;title=M%C3%A1s%20de%20150%20personas%20fueron%20atendidas%20en%20Plaza%20de%20Justicia%20y%20DDHH%20realizada%20en%20Puerto%20Ays%C3%A9n%20y%20Chacabuco&#038;url=https:\/\/radiorevelacionfm.cl\/?p=46286' aria-hidden='false' data-av_icon='\ue8fc' data-av_iconfont='entypo-fontello' title='' data-avia-related-tooltip='Compartir en LinkedIn' rel=\"noopener\"><span class='avia_hidden_link_text'>Compartir en LinkedIn<\/span><\/a><\/li><li class='av-share-link av-social-link-mail' ><a  aria-label=\"Compartir por correo\" href='mailto:?subject=M%C3%A1s%20de%20150%20personas%20fueron%20atendidas%20en%20Plaza%20de%20Justicia%20y%20DDHH%20realizada%20en%20Puerto%20Ays%C3%A9n%20y%20Chacabuco&#038;body=https:\/\/radiorevelacionfm.cl\/?p=46286' aria-hidden='false' data-av_icon='\ue805' data-av_iconfont='entypo-fontello' title='' data-avia-related-tooltip='Compartir por correo'><span class='avia_hidden_link_text'>Compartir por correo<\/span><\/a><\/li><\/ul><\/div><\/div>\n<div  style='height:50px' class='hr hr-invisible   avia-builder-el-8  el_after_av_social_share  el_before_av_comments_list '><span class='hr-inner ' ><span class='hr-inner-style'><\/span><\/span><\/div>\n<div  class='av-buildercomment  av-blog-meta-html-info-disabled av-blog-meta-tag-disabled  '><\/div>\n","protected":false},"excerpt":{"rendered":"","protected":false},"author":1,"featured_media":46287,"comment_status":"open","ping_status":"open","sticky":false,"template":"","format":"standard","meta":{"footnotes":""},"categories":[55],"tags":[],"class_list":["post-46286","post","type-post","status-publish","format-standard","has-post-thumbnail","hentry","category-justicia"],"jetpack_featured_media_url":"https:\/\/radiorevelacionfm.cl\/wp-content\/uploads\/2024\/09\/plaza-1-4-2_optimized.jpg","_links":{"self":[{"href":"https:\/\/radiorevelacionfm.cl\/index.php?rest_route=\/wp\/v2\/posts\/46286","targetHints":{"allow":["GET"]}}],"collection":[{"href":"https:\/\/radiorevelacionfm.cl\/index.php?rest_route=\/wp\/v2\/posts"}],"about":[{"href":"https:\/\/radiorevelacionfm.cl\/index.php?rest_route=\/wp\/v2\/types\/post"}],"author":[{"embeddable":true,"href":"https:\/\/radiorevelacionfm.cl\/index.php?rest_route=\/wp\/v2\/users\/1"}],"replies":[{"embeddable":true,"href":"https:\/\/radiorevelacionfm.cl\/index.php?rest_route=%2Fwp%2Fv2%2Fcomments&post=46286"}],"version-history":[{"count":1,"href":"https:\/\/radiorevelacionfm.cl\/index.php?rest_route=\/wp\/v2\/posts\/46286\/revisions"}],"predecessor-version":[{"id":46288,"href":"https:\/\/radiorevelacionfm.cl\/index.php?rest_route=\/wp\/v2\/posts\/46286\/revisions\/46288"}],"wp:featuredmedia":[{"embeddable":true,"href":"https:\/\/radiorevelacionfm.cl\/index.php?rest_route=\/wp\/v2\/media\/46287"}],"wp:attachment":[{"href":"https:\/\/radiorevelacionfm.cl\/index.php?rest_route=%2Fwp%2Fv2%2Fmedia&parent=46286"}],"wp:term":[{"taxonomy":"category","embeddable":true,"href":"https:\/\/radiorevelacionfm.cl\/index.php?rest_route=%2Fwp%2Fv2%2Fcategories&post=46286"},{"taxonomy":"post_tag","embeddable":true,"href":"https:\/\/radiorevelacionfm.cl\/index.php?rest_route=%2Fwp%2Fv2%2Ftags&post=46286"}],"curies":[{"name":"wp","href":"https:\/\/api.w.org\/{rel}","templated":true}]}}