{"id":46283,"date":"2024-09-16T16:33:43","date_gmt":"2024-09-16T19:33:43","guid":{"rendered":"https:\/\/radiorevelacionfm.cl\/?p=46283"},"modified":"2024-09-16T16:33:43","modified_gmt":"2024-09-16T19:33:43","slug":"concejo-de-aysen-aprueba-la-concesion-para-primer-aparcadero-en-la-comuna","status":"publish","type":"post","link":"https:\/\/radiorevelacionfm.cl\/?p=46283","title":{"rendered":"Concejo de Ays\u00e9n aprueba la concesi\u00f3n para primer aparcadero en la comuna"},"content":{"rendered":"<div class=\"flex_column av_one_full  flex_column_div av-zero-column-padding first  avia-builder-el-0  el_before_av_one_full  avia-builder-el-first  \" style='border-radius:0px; '><div  class='avia-image-container  av-styling-    avia-builder-el-1  avia-builder-el-no-sibling  avia-align-center '  itemprop=\"image\" itemscope=\"itemscope\" itemtype=\"https:\/\/schema.org\/ImageObject\"  ><div class='avia-image-container-inner'><div class='avia-image-overlay-wrap'><img decoding=\"async\" class='wp-image-46284 avia-img-lazy-loading-not-46284 avia_image' src=\"https:\/\/radiorevelacionfm.cl\/wp-content\/uploads\/2024\/09\/aparcadero-referencia-1-1_optimized-1.jpg\" alt='' title='aparcadero-(referencia)-(1)-(1)_optimized (1)' height=\"600\" width=\"903\"  itemprop=\"thumbnailUrl\" srcset=\"https:\/\/radiorevelacionfm.cl\/wp-content\/uploads\/2024\/09\/aparcadero-referencia-1-1_optimized-1.jpg 903w, https:\/\/radiorevelacionfm.cl\/wp-content\/uploads\/2024\/09\/aparcadero-referencia-1-1_optimized-1-300x199.jpg 300w, https:\/\/radiorevelacionfm.cl\/wp-content\/uploads\/2024\/09\/aparcadero-referencia-1-1_optimized-1-768x510.jpg 768w, https:\/\/radiorevelacionfm.cl\/wp-content\/uploads\/2024\/09\/aparcadero-referencia-1-1_optimized-1-705x468.jpg 705w, https:\/\/radiorevelacionfm.cl\/wp-content\/uploads\/2024\/09\/aparcadero-referencia-1-1_optimized-1-450x299.jpg 450w, https:\/\/radiorevelacionfm.cl\/wp-content\/uploads\/2024\/09\/aparcadero-referencia-1-1_optimized-1-600x399.jpg 600w\" sizes=\"(max-width: 903px) 100vw, 903px\" \/><\/div><\/div><\/div><\/div><div class=\"flex_column av_one_full  flex_column_div av-zero-column-padding first  avia-builder-el-2  el_after_av_one_full  el_before_av_one_full  column-top-margin\" style='border-radius:0px; '><section class=\"av_textblock_section \"  itemscope=\"itemscope\" itemtype=\"https:\/\/schema.org\/BlogPosting\" itemprop=\"blogPost\" ><div class='avia_textblock  '   itemprop=\"text\" ><p style=\"text-align: center;\"><strong><span style=\"font-size: 18pt;\">Concejo de Ays\u00e9n aprueba la concesi\u00f3n para primer aparcadero en la comuna<\/span><\/strong><\/p>\n<div id=\"gtx-trans\" style=\"position: absolute; left: -50px; top: 4.31534px;\">\n<div class=\"gtx-trans-icon\"><\/div>\n<\/div>\n<\/div><\/section><\/div><div class=\"flex_column av_one_full  flex_column_div av-zero-column-padding first  avia-builder-el-4  el_after_av_one_full  el_before_av_hr  column-top-margin\" style='border-radius:0px; '><section class=\"av_textblock_section \"  itemscope=\"itemscope\" itemtype=\"https:\/\/schema.org\/BlogPosting\" itemprop=\"blogPost\" ><div class='avia_textblock  '   itemprop=\"text\" ><p style=\"text-align: justify;\"><em>Esta iniciativa ayudar\u00e1 a mantener la limpieza de las v\u00edas urbanas y rurales de las localidades ayseninas de autom\u00f3viles abandonados o estacionados ilegalmente.\u00a0 <\/em><\/p>\n<p style=\"text-align: justify;\">En sesi\u00f3n del Concejo Municipal se realiz\u00f3 la decisi\u00f3n del otorgamiento del derecho de explotaci\u00f3n del servicio de retenci\u00f3n de autos, por cometer actos en contra de las leyes de tr\u00e1nsito en la comuna de Ays\u00e9n. Esto tambi\u00e9n servir\u00e1 para alejar de las calles la gran cantidad de veh\u00edculos abandonados que, seg\u00fan datos de la Direcci\u00f3n de Seguridad P\u00fablica, son 233 en la zona.<\/p>\n<p style=\"text-align: justify;\">Con cinco votos a favor, del alcalde y presidente del Honorable Concejo Municipal Julio Uribe y los concejales Tatiana Villarroel, Silvia Klagges, Gabriel Mu\u00f1oz, M\u00f3nica Navarrete; uno en contra del mun\u00edcipe Alejandro Soto y la ante ausencia del colegiado Jorge Figueroa, se aprob\u00f3 la contrataci\u00f3n del servicio a la empresa <em>Stark CCVI SPA.<\/em><\/p>\n<p style=\"text-align: justify;\">El alcalde Uribe, explica el porqu\u00e9 de esta determinaci\u00f3n, \u201caproximadamente dos a\u00f1os que llevamos con este trabajo despu\u00e9s de m\u00faltiples solicitudes de retiro de veh\u00edculos abandonados en la calle, que es un problema que tenemos en toda la regi\u00f3n, empezamos a hacer las consultas de c\u00f3mo lo hac\u00edan en otros municipios que est\u00e1 m\u00e1s avanzados y justamente uno de los resultados de esta investigaci\u00f3n era de que los municipios que no tienen un aparcadero, los concesionan\u201d.<\/p>\n<p style=\"text-align: justify;\">El corral de autos deber\u00e1 contar con seguridad para asegurar el resguardo de los bienes incautados (guardias, c\u00e1maras y un cierre perimetral), una p\u00e1gina web y atenci\u00f3n al cliente para hacer los seguimientos pertinentes a los veh\u00edculos y resolver dudas acerca de la incautaci\u00f3n.<\/p>\n<p style=\"text-align: justify;\">La ubicaci\u00f3n planeada de este aparcadero ser\u00e1 cercana a la entrada sur de Puerto Ays\u00e9n, fuera de los l\u00edmites urbanos de la ciudad. Ante la eventual adjudicaci\u00f3n la empresa tendr\u00e1 un plazo de 59 d\u00edas para realizar la puesta en marcha de esta iniciativa que beneficiar\u00e1 a la seguridad vial, el orden en ciudades y calles rurales y al cumplimiento de la ley.<\/p>\n<\/div><\/section><\/div><div  style='height:50px' class='hr hr-invisible   avia-builder-el-6  el_after_av_one_full  el_before_av_social_share '><span class='hr-inner ' ><span class='hr-inner-style'><\/span><\/span><\/div><\/p>\n<div  class='av-social-sharing-box  avia-builder-el-7  el_after_av_hr  el_before_av_hr  '><div class='av-share-box'><h5 class='av-share-link-description av-no-toc '>Compartir esta noticia<\/h5><ul class='av-share-box-list noLightbox'><li class='av-share-link av-social-link-facebook' ><a target=\"_blank\" aria-label=\"Compartir en Facebook\" href='https:\/\/www.facebook.com\/sharer.php?u=https:\/\/radiorevelacionfm.cl\/?p=46283&#038;t=Concejo%20de%20Ays%C3%A9n%20aprueba%20la%20concesi%C3%B3n%20para%20primer%20aparcadero%20en%20la%20comuna' aria-hidden='false' data-av_icon='\ue8f3' data-av_iconfont='entypo-fontello' title='' data-avia-related-tooltip='Compartir en Facebook' rel=\"noopener\"><span class='avia_hidden_link_text'>Compartir en Facebook<\/span><\/a><\/li><li class='av-share-link av-social-link-twitter' ><a target=\"_blank\" aria-label=\"Compartir en Twitter\" href='https:\/\/twitter.com\/share?text=Concejo%20de%20Ays%C3%A9n%20aprueba%20la%20concesi%C3%B3n%20para%20primer%20aparcadero%20en%20la%20comuna&#038;url=https:\/\/radiorevelacionfm.cl\/?p=46283' aria-hidden='false' data-av_icon='\ue8f1' data-av_iconfont='entypo-fontello' title='' data-avia-related-tooltip='Compartir en Twitter' rel=\"noopener\"><span class='avia_hidden_link_text'>Compartir en Twitter<\/span><\/a><\/li><li class='av-share-link av-social-link-whatsapp' ><a target=\"_blank\" aria-label=\"Compartir en Whatsapp\" href='https:\/\/api.whatsapp.com\/send?text=https:\/\/radiorevelacionfm.cl\/?p=46283' aria-hidden='false' data-av_icon='\uf232' data-av_iconfont='entypo-fontello' title='' data-avia-related-tooltip='Compartir en Whatsapp' rel=\"noopener\"><span class='avia_hidden_link_text'>Compartir en Whatsapp<\/span><\/a><\/li><li class='av-share-link av-social-link-linkedin' ><a target=\"_blank\" aria-label=\"Compartir en LinkedIn\" href='https:\/\/linkedin.com\/shareArticle?mini=true&#038;title=Concejo%20de%20Ays%C3%A9n%20aprueba%20la%20concesi%C3%B3n%20para%20primer%20aparcadero%20en%20la%20comuna&#038;url=https:\/\/radiorevelacionfm.cl\/?p=46283' aria-hidden='false' data-av_icon='\ue8fc' data-av_iconfont='entypo-fontello' title='' data-avia-related-tooltip='Compartir en LinkedIn' rel=\"noopener\"><span class='avia_hidden_link_text'>Compartir en LinkedIn<\/span><\/a><\/li><li class='av-share-link av-social-link-mail' ><a  aria-label=\"Compartir por correo\" href='mailto:?subject=Concejo%20de%20Ays%C3%A9n%20aprueba%20la%20concesi%C3%B3n%20para%20primer%20aparcadero%20en%20la%20comuna&#038;body=https:\/\/radiorevelacionfm.cl\/?p=46283' aria-hidden='false' data-av_icon='\ue805' data-av_iconfont='entypo-fontello' title='' data-avia-related-tooltip='Compartir por correo'><span class='avia_hidden_link_text'>Compartir por correo<\/span><\/a><\/li><\/ul><\/div><\/div>\n<div  style='height:50px' class='hr hr-invisible   avia-builder-el-8  el_after_av_social_share  el_before_av_comments_list '><span class='hr-inner ' ><span class='hr-inner-style'><\/span><\/span><\/div>\n<div  class='av-buildercomment  av-blog-meta-html-info-disabled av-blog-meta-tag-disabled  '><\/div>\n","protected":false},"excerpt":{"rendered":"","protected":false},"author":1,"featured_media":46284,"comment_status":"open","ping_status":"open","sticky":false,"template":"","format":"standard","meta":{"footnotes":""},"categories":[38],"tags":[],"class_list":["post-46283","post","type-post","status-publish","format-standard","has-post-thumbnail","hentry","category-regional"],"jetpack_featured_media_url":"https:\/\/radiorevelacionfm.cl\/wp-content\/uploads\/2024\/09\/aparcadero-referencia-1-1_optimized-1.jpg","_links":{"self":[{"href":"https:\/\/radiorevelacionfm.cl\/index.php?rest_route=\/wp\/v2\/posts\/46283","targetHints":{"allow":["GET"]}}],"collection":[{"href":"https:\/\/radiorevelacionfm.cl\/index.php?rest_route=\/wp\/v2\/posts"}],"about":[{"href":"https:\/\/radiorevelacionfm.cl\/index.php?rest_route=\/wp\/v2\/types\/post"}],"author":[{"embeddable":true,"href":"https:\/\/radiorevelacionfm.cl\/index.php?rest_route=\/wp\/v2\/users\/1"}],"replies":[{"embeddable":true,"href":"https:\/\/radiorevelacionfm.cl\/index.php?rest_route=%2Fwp%2Fv2%2Fcomments&post=46283"}],"version-history":[{"count":1,"href":"https:\/\/radiorevelacionfm.cl\/index.php?rest_route=\/wp\/v2\/posts\/46283\/revisions"}],"predecessor-version":[{"id":46285,"href":"https:\/\/radiorevelacionfm.cl\/index.php?rest_route=\/wp\/v2\/posts\/46283\/revisions\/46285"}],"wp:featuredmedia":[{"embeddable":true,"href":"https:\/\/radiorevelacionfm.cl\/index.php?rest_route=\/wp\/v2\/media\/46284"}],"wp:attachment":[{"href":"https:\/\/radiorevelacionfm.cl\/index.php?rest_route=%2Fwp%2Fv2%2Fmedia&parent=46283"}],"wp:term":[{"taxonomy":"category","embeddable":true,"href":"https:\/\/radiorevelacionfm.cl\/index.php?rest_route=%2Fwp%2Fv2%2Fcategories&post=46283"},{"taxonomy":"post_tag","embeddable":true,"href":"https:\/\/radiorevelacionfm.cl\/index.php?rest_route=%2Fwp%2Fv2%2Ftags&post=46283"}],"curies":[{"name":"wp","href":"https:\/\/api.w.org\/{rel}","templated":true}]}}