{"id":46280,"date":"2024-09-16T14:54:58","date_gmt":"2024-09-16T17:54:58","guid":{"rendered":"https:\/\/radiorevelacionfm.cl\/?p=46280"},"modified":"2024-09-16T14:54:58","modified_gmt":"2024-09-16T17:54:58","slug":"gobernadora-macias-no-puede-la-ley-de-pesca-seguir-destruyendo-un-territorio-como-el-nuestro","status":"publish","type":"post","link":"https:\/\/radiorevelacionfm.cl\/?p=46280","title":{"rendered":"Gobernadora Mac\u00edas: \u00abNo puede la Ley de Pesca seguir destruyendo un territorio como el nuestro\u00bb"},"content":{"rendered":"<div class=\"flex_column av_one_full  flex_column_div av-zero-column-padding first  avia-builder-el-0  el_before_av_one_full  avia-builder-el-first  \" style='border-radius:0px; '><div  class='avia-image-container  av-styling-    avia-builder-el-1  avia-builder-el-no-sibling  avia-align-center '  itemprop=\"image\" itemscope=\"itemscope\" itemtype=\"https:\/\/schema.org\/ImageObject\"  ><div class='avia-image-container-inner'><div class='avia-image-overlay-wrap'><img decoding=\"async\" class='wp-image-46281 avia-img-lazy-loading-not-46281 avia_image' src=\"https:\/\/radiorevelacionfm.cl\/wp-content\/uploads\/2024\/09\/WhatsApp-Image-2024-06-14-at-4.35.06-PM-1-1.jpeg\" alt='' title='WhatsApp Image 2024-06-14 at 4.35.06 PM (1) (1)' height=\"600\" width=\"1115\"  itemprop=\"thumbnailUrl\" srcset=\"https:\/\/radiorevelacionfm.cl\/wp-content\/uploads\/2024\/09\/WhatsApp-Image-2024-06-14-at-4.35.06-PM-1-1.jpeg 1115w, https:\/\/radiorevelacionfm.cl\/wp-content\/uploads\/2024\/09\/WhatsApp-Image-2024-06-14-at-4.35.06-PM-1-1-300x161.jpeg 300w, https:\/\/radiorevelacionfm.cl\/wp-content\/uploads\/2024\/09\/WhatsApp-Image-2024-06-14-at-4.35.06-PM-1-1-1030x554.jpeg 1030w, https:\/\/radiorevelacionfm.cl\/wp-content\/uploads\/2024\/09\/WhatsApp-Image-2024-06-14-at-4.35.06-PM-1-1-768x413.jpeg 768w, https:\/\/radiorevelacionfm.cl\/wp-content\/uploads\/2024\/09\/WhatsApp-Image-2024-06-14-at-4.35.06-PM-1-1-705x379.jpeg 705w, https:\/\/radiorevelacionfm.cl\/wp-content\/uploads\/2024\/09\/WhatsApp-Image-2024-06-14-at-4.35.06-PM-1-1-450x242.jpeg 450w, https:\/\/radiorevelacionfm.cl\/wp-content\/uploads\/2024\/09\/WhatsApp-Image-2024-06-14-at-4.35.06-PM-1-1-600x323.jpeg 600w\" sizes=\"(max-width: 1115px) 100vw, 1115px\" \/><\/div><\/div><\/div><\/div><div class=\"flex_column av_one_full  flex_column_div av-zero-column-padding first  avia-builder-el-2  el_after_av_one_full  el_before_av_one_full  column-top-margin\" style='border-radius:0px; '><section class=\"av_textblock_section \"  itemscope=\"itemscope\" itemtype=\"https:\/\/schema.org\/BlogPosting\" itemprop=\"blogPost\" ><div class='avia_textblock  '   itemprop=\"text\" ><p style=\"text-align: center;\"><strong><span style=\"font-size: 18pt;\">Gobernadora Mac\u00edas: \u00abNo puede la Ley de Pesca seguir destruyendo un territorio como el nuestro\u00bb<\/span><\/strong><\/p>\n<div id=\"gtx-trans\" style=\"position: absolute; left: -50px; top: 4.31534px;\">\n<div class=\"gtx-trans-icon\"><\/div>\n<\/div>\n<\/div><\/section><\/div><div class=\"flex_column av_one_full  flex_column_div av-zero-column-padding first  avia-builder-el-4  el_after_av_one_full  el_before_av_hr  column-top-margin\" style='border-radius:0px; '><section class=\"av_textblock_section \"  itemscope=\"itemscope\" itemtype=\"https:\/\/schema.org\/BlogPosting\" itemprop=\"blogPost\" ><div class='avia_textblock  '   itemprop=\"text\" ><p dir=\"ltr\" style=\"text-align: justify;\">La Gobernadora Regional de Ays\u00e9n, Andrea Mac\u00edas Palma, manifest\u00f3 con firmeza su oposici\u00f3n a la propuesta de macrozonas contemplada en la nueva Ley de Pesca, que se discute actualmente en el Congreso Nacional y reiter\u00f3 su postura a favor de la administraci\u00f3n regional de los recursos pesqueros.<\/p>\n<p dir=\"ltr\" style=\"text-align: justify;\">\u00abNo estamos disponibles para macrozonas v\u00eda legal. No puede la Ley de Pesca seguir destruyendo un territorio como el nuestro, y lo decimos a prop\u00f3sito del da\u00f1o que han generado la pesca ilegal y el ingreso permanente de flotas de otras regiones, como Los Lagos y Biob\u00edo\u00bb, se\u00f1al\u00f3 la autoridad tras la reuni\u00f3n sostenida con dirigentes de la pesca artesanal.<\/p>\n<p dir=\"ltr\" style=\"text-align: justify;\">Esta preocupaci\u00f3n es coincidente con lo planteado por las y los dirigentes territoriales de la actividad pesquera artesanal. Ante esto, Gloria Mesa, representante de la Sociedad Comercial de Pesca Artesanal de Puerto Gala hizo un llamado a los parlamentarios a dialogar con los pescadores artesanales para desarrollar propuestas que beneficien a la regi\u00f3n.<\/p>\n<p dir=\"ltr\" style=\"text-align: justify;\">\u00abNosotros no quer\u00edamos eso porque eso va en contra de nuestra regi\u00f3n y quedar\u00edamos a la deriva. Tambi\u00e9n en esto estamos invitando a los parlamentarios que se sumen al sector pesquero a ver este tipo de ley que viene y que nos va a perjudicar, que se acerquen a nosotros o conversar con nosotros para llevar una propuesta como regi\u00f3n y que sea de beneficio de nuestra regi\u00f3n\u00bb, dijo.<\/p>\n<p dir=\"ltr\" style=\"text-align: justify;\">La Gobernadora Andrea Mac\u00edas tambi\u00e9n expres\u00f3 su preocupaci\u00f3n por la falta de fiscalizaci\u00f3n, afectada por la escasez de recursos en las instituciones encargadas de este control, en lo que tambi\u00e9n coincidieron los dirigentes.<\/p>\n<p dir=\"ltr\" style=\"text-align: justify;\">Juan Antonio Contreras, presidente de la Asociaci\u00f3n Gremial de Pescadores Artesanales de Ays\u00e9n,\u00a0 plante\u00f3 que \u00abLa principal demanda y que es con suma urgencia es poder potenciar a los entes fiscalizadores como el Sernapesca, la Armada, porque tenemos entendido que hoy en d\u00eda carecen de recursos para poder hacer la pesca de fiscalizaci\u00f3n. Y eso para nosotros hoy en d\u00eda es preocupante porque hay muchas pesquer\u00edas que est\u00e1n en riesgo de extinci\u00f3n con esta mala pr\u00e1ctica que vienen a realizar lanchas que provienen de otras regiones\u00bb.<\/p>\n<p dir=\"ltr\" style=\"text-align: justify;\">En esa l\u00ednea, Fabi\u00e1n Teca, presidente del Sindicato de Buzos Mariscadores Nuevo Amanecer de Caleta Andrade, ejemplific\u00f3 c\u00f3mo la creaci\u00f3n de macrozonas m\u00e1s la falta de fiscalizaci\u00f3n pone en peligro la subsistencia de los pescadores artesanales locales.<\/p>\n<p dir=\"ltr\" style=\"text-align: justify;\">\u00abTenemos una desventaja tremenda con las dem\u00e1s regiones porque como nosotros tenemos una barrera geogr\u00e1fica natural de vivir en esta zona, ha sido mucho m\u00e1s dif\u00edcil que en las dem\u00e1s regiones desarrollarse como pescadores artesanales. Hoy d\u00eda, por ejemplo, las embarcaciones, equivalen a seis por una, como le llamamos nosotros, que una embarcaci\u00f3n de all\u00e1 equivale como a seis embarcaciones de ac\u00e1, de esta zona entonces tiene una capacidad para extraer recursos mucho mayor, o sea, seis, siete veces mayor a las de ac\u00e1 entonces nosotros vemos en peligro la vida que llevamos en el litoral\u00bb, expres\u00f3.<\/p>\n<p dir=\"ltr\" style=\"text-align: justify;\">La gobernadora Mac\u00edas cerr\u00f3 la jornada reafirmando su compromiso con la defensa de los recursos pesqueros y la pesca artesanal de Ays\u00e9n. \u00abLa administraci\u00f3n de los recursos debe ser una decisi\u00f3n regional. Ays\u00e9n debe tener voz sobre qui\u00e9nes pescan en nuestras costas y bajo qu\u00e9 condiciones, para garantizar la sostenibilidad de nuestra pesca y de quienes dependen de ella\u00bb, concluy\u00f3.<\/p>\n<div style=\"text-align: justify;\"><\/div>\n<\/div><\/section><\/div><div  style='height:50px' class='hr hr-invisible   avia-builder-el-6  el_after_av_one_full  el_before_av_social_share '><span class='hr-inner ' ><span class='hr-inner-style'><\/span><\/span><\/div><\/p>\n<div  class='av-social-sharing-box  avia-builder-el-7  el_after_av_hr  el_before_av_hr  '><div class='av-share-box'><h5 class='av-share-link-description av-no-toc '>Compartir esta noticia<\/h5><ul class='av-share-box-list noLightbox'><li class='av-share-link av-social-link-facebook' ><a target=\"_blank\" aria-label=\"Compartir en Facebook\" href='https:\/\/www.facebook.com\/sharer.php?u=https:\/\/radiorevelacionfm.cl\/?p=46280&#038;t=Gobernadora%20Mac%C3%ADas%3A%20%C2%ABNo%20puede%20la%20Ley%20de%20Pesca%20seguir%20destruyendo%20un%20territorio%20como%20el%20nuestro%C2%BB' aria-hidden='false' data-av_icon='\ue8f3' data-av_iconfont='entypo-fontello' title='' data-avia-related-tooltip='Compartir en Facebook' rel=\"noopener\"><span class='avia_hidden_link_text'>Compartir en Facebook<\/span><\/a><\/li><li class='av-share-link av-social-link-twitter' ><a target=\"_blank\" aria-label=\"Compartir en Twitter\" href='https:\/\/twitter.com\/share?text=Gobernadora%20Mac%C3%ADas%3A%20%C2%ABNo%20puede%20la%20Ley%20de%20Pesca%20seguir%20destruyendo%20un%20territorio%20como%20el%20nuestro%C2%BB&#038;url=https:\/\/radiorevelacionfm.cl\/?p=46280' aria-hidden='false' data-av_icon='\ue8f1' data-av_iconfont='entypo-fontello' title='' data-avia-related-tooltip='Compartir en Twitter' rel=\"noopener\"><span class='avia_hidden_link_text'>Compartir en Twitter<\/span><\/a><\/li><li class='av-share-link av-social-link-whatsapp' ><a target=\"_blank\" aria-label=\"Compartir en Whatsapp\" href='https:\/\/api.whatsapp.com\/send?text=https:\/\/radiorevelacionfm.cl\/?p=46280' aria-hidden='false' data-av_icon='\uf232' data-av_iconfont='entypo-fontello' title='' data-avia-related-tooltip='Compartir en Whatsapp' rel=\"noopener\"><span class='avia_hidden_link_text'>Compartir en Whatsapp<\/span><\/a><\/li><li class='av-share-link av-social-link-linkedin' ><a target=\"_blank\" aria-label=\"Compartir en LinkedIn\" href='https:\/\/linkedin.com\/shareArticle?mini=true&#038;title=Gobernadora%20Mac%C3%ADas%3A%20%C2%ABNo%20puede%20la%20Ley%20de%20Pesca%20seguir%20destruyendo%20un%20territorio%20como%20el%20nuestro%C2%BB&#038;url=https:\/\/radiorevelacionfm.cl\/?p=46280' aria-hidden='false' data-av_icon='\ue8fc' data-av_iconfont='entypo-fontello' title='' data-avia-related-tooltip='Compartir en LinkedIn' rel=\"noopener\"><span class='avia_hidden_link_text'>Compartir en LinkedIn<\/span><\/a><\/li><li class='av-share-link av-social-link-mail' ><a  aria-label=\"Compartir por correo\" href='mailto:?subject=Gobernadora%20Mac%C3%ADas%3A%20%C2%ABNo%20puede%20la%20Ley%20de%20Pesca%20seguir%20destruyendo%20un%20territorio%20como%20el%20nuestro%C2%BB&#038;body=https:\/\/radiorevelacionfm.cl\/?p=46280' aria-hidden='false' data-av_icon='\ue805' data-av_iconfont='entypo-fontello' title='' data-avia-related-tooltip='Compartir por correo'><span class='avia_hidden_link_text'>Compartir por correo<\/span><\/a><\/li><\/ul><\/div><\/div>\n<div  style='height:50px' class='hr hr-invisible   avia-builder-el-8  el_after_av_social_share  el_before_av_comments_list '><span class='hr-inner ' ><span class='hr-inner-style'><\/span><\/span><\/div>\n<div  class='av-buildercomment  av-blog-meta-html-info-disabled av-blog-meta-tag-disabled  '><\/div>\n","protected":false},"excerpt":{"rendered":"","protected":false},"author":1,"featured_media":46281,"comment_status":"open","ping_status":"open","sticky":false,"template":"","format":"standard","meta":{"footnotes":""},"categories":[38],"tags":[],"class_list":["post-46280","post","type-post","status-publish","format-standard","has-post-thumbnail","hentry","category-regional"],"jetpack_featured_media_url":"https:\/\/radiorevelacionfm.cl\/wp-content\/uploads\/2024\/09\/WhatsApp-Image-2024-06-14-at-4.35.06-PM-1-1.jpeg","_links":{"self":[{"href":"https:\/\/radiorevelacionfm.cl\/index.php?rest_route=\/wp\/v2\/posts\/46280","targetHints":{"allow":["GET"]}}],"collection":[{"href":"https:\/\/radiorevelacionfm.cl\/index.php?rest_route=\/wp\/v2\/posts"}],"about":[{"href":"https:\/\/radiorevelacionfm.cl\/index.php?rest_route=\/wp\/v2\/types\/post"}],"author":[{"embeddable":true,"href":"https:\/\/radiorevelacionfm.cl\/index.php?rest_route=\/wp\/v2\/users\/1"}],"replies":[{"embeddable":true,"href":"https:\/\/radiorevelacionfm.cl\/index.php?rest_route=%2Fwp%2Fv2%2Fcomments&post=46280"}],"version-history":[{"count":1,"href":"https:\/\/radiorevelacionfm.cl\/index.php?rest_route=\/wp\/v2\/posts\/46280\/revisions"}],"predecessor-version":[{"id":46282,"href":"https:\/\/radiorevelacionfm.cl\/index.php?rest_route=\/wp\/v2\/posts\/46280\/revisions\/46282"}],"wp:featuredmedia":[{"embeddable":true,"href":"https:\/\/radiorevelacionfm.cl\/index.php?rest_route=\/wp\/v2\/media\/46281"}],"wp:attachment":[{"href":"https:\/\/radiorevelacionfm.cl\/index.php?rest_route=%2Fwp%2Fv2%2Fmedia&parent=46280"}],"wp:term":[{"taxonomy":"category","embeddable":true,"href":"https:\/\/radiorevelacionfm.cl\/index.php?rest_route=%2Fwp%2Fv2%2Fcategories&post=46280"},{"taxonomy":"post_tag","embeddable":true,"href":"https:\/\/radiorevelacionfm.cl\/index.php?rest_route=%2Fwp%2Fv2%2Ftags&post=46280"}],"curies":[{"name":"wp","href":"https:\/\/api.w.org\/{rel}","templated":true}]}}