{"id":46277,"date":"2024-09-16T12:26:39","date_gmt":"2024-09-16T15:26:39","guid":{"rendered":"https:\/\/radiorevelacionfm.cl\/?p=46277"},"modified":"2024-09-16T12:26:39","modified_gmt":"2024-09-16T15:26:39","slug":"samu-puerto-chacabuco-estrena-modernas-instalaciones-para-mejorar-la-atencion-de-emergencias-en-la-zona","status":"publish","type":"post","link":"https:\/\/radiorevelacionfm.cl\/?p=46277","title":{"rendered":"SAMU Puerto Chacabuco estrena modernas instalaciones para mejorar la atenci\u00f3n de emergencias en la zona"},"content":{"rendered":"<div class=\"flex_column av_one_full  flex_column_div av-zero-column-padding first  avia-builder-el-0  el_before_av_one_full  avia-builder-el-first  \" style='border-radius:0px; '><div  class='avia-image-container  av-styling-    avia-builder-el-1  avia-builder-el-no-sibling  avia-align-center '  itemprop=\"image\" itemscope=\"itemscope\" itemtype=\"https:\/\/schema.org\/ImageObject\"  ><div class='avia-image-container-inner'><div class='avia-image-overlay-wrap'><img decoding=\"async\" class='wp-image-46278 avia-img-lazy-loading-not-46278 avia_image' src=\"https:\/\/radiorevelacionfm.cl\/wp-content\/uploads\/2024\/09\/samu-1-1_optimized.jpeg\" alt='' title='samu-1-(1)_optimized' height=\"600\" width=\"800\"  itemprop=\"thumbnailUrl\" srcset=\"https:\/\/radiorevelacionfm.cl\/wp-content\/uploads\/2024\/09\/samu-1-1_optimized.jpeg 800w, https:\/\/radiorevelacionfm.cl\/wp-content\/uploads\/2024\/09\/samu-1-1_optimized-300x225.jpeg 300w, https:\/\/radiorevelacionfm.cl\/wp-content\/uploads\/2024\/09\/samu-1-1_optimized-768x576.jpeg 768w, https:\/\/radiorevelacionfm.cl\/wp-content\/uploads\/2024\/09\/samu-1-1_optimized-705x529.jpeg 705w, https:\/\/radiorevelacionfm.cl\/wp-content\/uploads\/2024\/09\/samu-1-1_optimized-450x338.jpeg 450w, https:\/\/radiorevelacionfm.cl\/wp-content\/uploads\/2024\/09\/samu-1-1_optimized-600x450.jpeg 600w\" sizes=\"(max-width: 800px) 100vw, 800px\" \/><\/div><\/div><\/div><\/div><div class=\"flex_column av_one_full  flex_column_div av-zero-column-padding first  avia-builder-el-2  el_after_av_one_full  el_before_av_one_full  column-top-margin\" style='border-radius:0px; '><section class=\"av_textblock_section \"  itemscope=\"itemscope\" itemtype=\"https:\/\/schema.org\/BlogPosting\" itemprop=\"blogPost\" ><div class='avia_textblock  '   itemprop=\"text\" ><p style=\"text-align: center;\"><strong><span style=\"font-size: 18pt;\">SAMU Puerto Chacabuco estrena modernas instalaciones para mejorar la atenci\u00f3n de emergencias en la zona<\/span><\/strong><\/p>\n<div id=\"gtx-trans\" style=\"position: absolute; left: -50px; top: 4.31534px;\">\n<div class=\"gtx-trans-icon\"><\/div>\n<\/div>\n<\/div><\/section><\/div><div class=\"flex_column av_one_full  flex_column_div av-zero-column-padding first  avia-builder-el-4  el_after_av_one_full  el_before_av_hr  column-top-margin\" style='border-radius:0px; '><section class=\"av_textblock_section \"  itemscope=\"itemscope\" itemtype=\"https:\/\/schema.org\/BlogPosting\" itemprop=\"blogPost\" ><div class='avia_textblock  '   itemprop=\"text\" ><p style=\"text-align: justify;\"><em>El Servicio de Salud Ays\u00e9n entreg\u00f3 las llaves de las nuevas dependencias transitorias, ofreciendo un mejor espacio de trabajo para el personal y garantizando atenciones m\u00e1s r\u00e1pidas y eficaces a la comunidad.<\/em><\/p>\n<p style=\"text-align: justify;\">Con tecnolog\u00eda de \u00faltima generaci\u00f3n y una ubicaci\u00f3n estrat\u00e9gica, las y los trabajadores de la Base SAMU Puerto Chacabuco estrenaron un nuevo inmueble dise\u00f1ado para optimizar su labor y responder con mayor rapidez a emergencias vitales.<\/p>\n<p style=\"text-align: justify;\">El Servicio de Salud Ays\u00e9n entreg\u00f3 oficialmente las nuevas instalaciones, marcando un hito en el fortalecimiento de la red de emergencias de la regi\u00f3n.<\/p>\n<p style=\"text-align: justify;\">\u00abLa casa qued\u00f3 hermosa y muy acogedora; ellos tienen que hacer su vida pr\u00e1cticamente aqu\u00ed y reemplazar a su propio hogar, tienen que prepararse algo para comer durante la jornada de trabajo y tienen que tener servicios higi\u00e9nicos que tampoco antes ten\u00edan\u00bb, manifest\u00f3 Marcelo Ru\u00edz Aburto, presidente de la Asociaci\u00f3n Regional del SAMU (ARFUSA).<\/p>\n<p style=\"text-align: justify;\">El funcionario y dirigente tambi\u00e9n destac\u00f3 el esfuerzo realizado por la Unidad de Recursos F\u00edsicos del SSA, que hizo posible el traslado del personal a la nueva infraestructura.<\/p>\n<p style=\"text-align: justify;\">\u00abDesde Recursos F\u00edsicos, hubo un trabajo muy profesional, para poder verificar que todo est\u00e9 correcto, las instalaciones el\u00e9ctricas, las telecomunicaciones, la verdad es que el lugar est\u00e1 con mucho confort para ellos y yo s\u00e9 que est\u00e1n contentos por el cambio\u00bb, dijo Ru\u00edz Aburto.<\/p>\n<p style=\"text-align: justify;\">Las nuevas instalaciones cuentan con un grupo electr\u00f3geno de 5.5 KW y un sistema de calefacci\u00f3n, entre otros servicios, que garantizan una atenci\u00f3n ininterrumpida, independientemente de las condiciones que puedan presentarse.<\/p>\n<p style=\"text-align: justify;\">\u00abComo Servicio estamos muy contentos de poder entregar este inmueble para que los funcionarios tengan una condici\u00f3n adecuada, lo dije, est\u00e1bamos en deuda como sector, pero cumplimos. Est\u00e1 en una casa con las condiciones que ellos necesitan, con la infraestructura adecuada, con su mobiliario, objetos b\u00e1sicos como: refrigerador, cocina, televisor y todo el soporte necesario de radio comunicaciones HF, servicio de Internet, grupo electr\u00f3geno para respaldar cualquier ca\u00edda de electricidad, ahora tienen todo lo que ellos necesitaban\u00bb, expres\u00f3 Mauricio Cort\u00e9s Molina, director (S) del Servicio de Salud Ays\u00e9n.<\/p>\n<p style=\"text-align: justify;\">Recordemos que las antiguas instalaciones donde operaban los funcionarios de la Base Chacabuco se encontraban en un container adaptado, ubicado junto al Centro Comunitario de Salud Familiar (CECOSF) de la localidad.<\/p>\n<p style=\"text-align: justify;\">\u00ab\u00a1Realmente estamos felices! Me siento bien representado por Ays\u00e9n-Chacabuco, esto viene a respaldar el trabajo que hacen ac\u00e1 los colegas. Las dependencias est\u00e1n con buenas terminaciones, est\u00e1n tranquilos y seguros, as\u00ed que estamos contentos con la nueva casa\u00bb, dijo V\u00edctor Manuel Amthauer Ojeda, coordinador SAMU Regi\u00f3n de Ays\u00e9n.<\/p>\n<p style=\"text-align: justify;\">Es importante destacar que el traslado de las bases de Puerto Ays\u00e9n y Chacabuco era una solicitud que hab\u00eda sido planteada desde hace cuatro a\u00f1os. Durante la administraci\u00f3n del director Juan Pablo Bravo Quintana, esta solicitud se concret\u00f3 con el objetivo de proporcionar mejores espacios a los funcionarios y garantizar a los usuarios una atenci\u00f3n oportuna y de calidad.<\/p>\n<p style=\"text-align: justify;\">Finalmente, con estas modernas instalaciones, se busca optimizar los tiempos de respuesta y brindar una atenci\u00f3n m\u00e1s eficiente en situaciones de emergencia vital.<\/p>\n<\/div><\/section><\/div><div  style='height:50px' class='hr hr-invisible   avia-builder-el-6  el_after_av_one_full  el_before_av_social_share '><span class='hr-inner ' ><span class='hr-inner-style'><\/span><\/span><\/div><\/p>\n<div  class='av-social-sharing-box  avia-builder-el-7  el_after_av_hr  el_before_av_hr  '><div class='av-share-box'><h5 class='av-share-link-description av-no-toc '>Compartir esta noticia<\/h5><ul class='av-share-box-list noLightbox'><li class='av-share-link av-social-link-facebook' ><a target=\"_blank\" aria-label=\"Compartir en Facebook\" href='https:\/\/www.facebook.com\/sharer.php?u=https:\/\/radiorevelacionfm.cl\/?p=46277&#038;t=SAMU%20Puerto%20Chacabuco%20estrena%20modernas%20instalaciones%20para%20mejorar%20la%20atenci%C3%B3n%20de%20emergencias%20en%20la%20zona' aria-hidden='false' data-av_icon='\ue8f3' data-av_iconfont='entypo-fontello' title='' data-avia-related-tooltip='Compartir en Facebook' rel=\"noopener\"><span class='avia_hidden_link_text'>Compartir en Facebook<\/span><\/a><\/li><li class='av-share-link av-social-link-twitter' ><a target=\"_blank\" aria-label=\"Compartir en Twitter\" href='https:\/\/twitter.com\/share?text=SAMU%20Puerto%20Chacabuco%20estrena%20modernas%20instalaciones%20para%20mejorar%20la%20atenci%C3%B3n%20de%20emergencias%20en%20la%20zona&#038;url=https:\/\/radiorevelacionfm.cl\/?p=46277' aria-hidden='false' data-av_icon='\ue8f1' data-av_iconfont='entypo-fontello' title='' data-avia-related-tooltip='Compartir en Twitter' rel=\"noopener\"><span class='avia_hidden_link_text'>Compartir en Twitter<\/span><\/a><\/li><li class='av-share-link av-social-link-whatsapp' ><a target=\"_blank\" aria-label=\"Compartir en Whatsapp\" href='https:\/\/api.whatsapp.com\/send?text=https:\/\/radiorevelacionfm.cl\/?p=46277' aria-hidden='false' data-av_icon='\uf232' data-av_iconfont='entypo-fontello' title='' data-avia-related-tooltip='Compartir en Whatsapp' rel=\"noopener\"><span class='avia_hidden_link_text'>Compartir en Whatsapp<\/span><\/a><\/li><li class='av-share-link av-social-link-linkedin' ><a target=\"_blank\" aria-label=\"Compartir en LinkedIn\" href='https:\/\/linkedin.com\/shareArticle?mini=true&#038;title=SAMU%20Puerto%20Chacabuco%20estrena%20modernas%20instalaciones%20para%20mejorar%20la%20atenci%C3%B3n%20de%20emergencias%20en%20la%20zona&#038;url=https:\/\/radiorevelacionfm.cl\/?p=46277' aria-hidden='false' data-av_icon='\ue8fc' data-av_iconfont='entypo-fontello' title='' data-avia-related-tooltip='Compartir en LinkedIn' rel=\"noopener\"><span class='avia_hidden_link_text'>Compartir en LinkedIn<\/span><\/a><\/li><li class='av-share-link av-social-link-mail' ><a  aria-label=\"Compartir por correo\" href='mailto:?subject=SAMU%20Puerto%20Chacabuco%20estrena%20modernas%20instalaciones%20para%20mejorar%20la%20atenci%C3%B3n%20de%20emergencias%20en%20la%20zona&#038;body=https:\/\/radiorevelacionfm.cl\/?p=46277' aria-hidden='false' data-av_icon='\ue805' data-av_iconfont='entypo-fontello' title='' data-avia-related-tooltip='Compartir por correo'><span class='avia_hidden_link_text'>Compartir por correo<\/span><\/a><\/li><\/ul><\/div><\/div>\n<div  style='height:50px' class='hr hr-invisible   avia-builder-el-8  el_after_av_social_share  el_before_av_comments_list '><span class='hr-inner ' ><span class='hr-inner-style'><\/span><\/span><\/div>\n<div  class='av-buildercomment  av-blog-meta-html-info-disabled av-blog-meta-tag-disabled  '><\/div>\n","protected":false},"excerpt":{"rendered":"","protected":false},"author":1,"featured_media":46278,"comment_status":"open","ping_status":"open","sticky":false,"template":"","format":"standard","meta":{"footnotes":""},"categories":[46],"tags":[],"class_list":["post-46277","post","type-post","status-publish","format-standard","has-post-thumbnail","hentry","category-salud"],"jetpack_featured_media_url":"https:\/\/radiorevelacionfm.cl\/wp-content\/uploads\/2024\/09\/samu-1-1_optimized.jpeg","_links":{"self":[{"href":"https:\/\/radiorevelacionfm.cl\/index.php?rest_route=\/wp\/v2\/posts\/46277","targetHints":{"allow":["GET"]}}],"collection":[{"href":"https:\/\/radiorevelacionfm.cl\/index.php?rest_route=\/wp\/v2\/posts"}],"about":[{"href":"https:\/\/radiorevelacionfm.cl\/index.php?rest_route=\/wp\/v2\/types\/post"}],"author":[{"embeddable":true,"href":"https:\/\/radiorevelacionfm.cl\/index.php?rest_route=\/wp\/v2\/users\/1"}],"replies":[{"embeddable":true,"href":"https:\/\/radiorevelacionfm.cl\/index.php?rest_route=%2Fwp%2Fv2%2Fcomments&post=46277"}],"version-history":[{"count":1,"href":"https:\/\/radiorevelacionfm.cl\/index.php?rest_route=\/wp\/v2\/posts\/46277\/revisions"}],"predecessor-version":[{"id":46279,"href":"https:\/\/radiorevelacionfm.cl\/index.php?rest_route=\/wp\/v2\/posts\/46277\/revisions\/46279"}],"wp:featuredmedia":[{"embeddable":true,"href":"https:\/\/radiorevelacionfm.cl\/index.php?rest_route=\/wp\/v2\/media\/46278"}],"wp:attachment":[{"href":"https:\/\/radiorevelacionfm.cl\/index.php?rest_route=%2Fwp%2Fv2%2Fmedia&parent=46277"}],"wp:term":[{"taxonomy":"category","embeddable":true,"href":"https:\/\/radiorevelacionfm.cl\/index.php?rest_route=%2Fwp%2Fv2%2Fcategories&post=46277"},{"taxonomy":"post_tag","embeddable":true,"href":"https:\/\/radiorevelacionfm.cl\/index.php?rest_route=%2Fwp%2Fv2%2Ftags&post=46277"}],"curies":[{"name":"wp","href":"https:\/\/api.w.org\/{rel}","templated":true}]}}