{"id":46274,"date":"2024-09-15T21:53:30","date_gmt":"2024-09-16T00:53:30","guid":{"rendered":"https:\/\/radiorevelacionfm.cl\/?p=46274"},"modified":"2024-09-15T21:53:30","modified_gmt":"2024-09-16T00:53:30","slug":"red-asistencial-de-aysen-esta-preparada-para-el-feriado-de-fiestas-patrias","status":"publish","type":"post","link":"https:\/\/radiorevelacionfm.cl\/?p=46274","title":{"rendered":"Red Asistencial de Ays\u00e9n est\u00e1 preparada para el feriado de Fiestas Patrias"},"content":{"rendered":"<div class=\"flex_column av_one_full  flex_column_div av-zero-column-padding first  avia-builder-el-0  el_before_av_one_full  avia-builder-el-first  \" style='border-radius:0px; '><div  class='avia-image-container  av-styling-    avia-builder-el-1  avia-builder-el-no-sibling  avia-align-center '  itemprop=\"image\" itemscope=\"itemscope\" itemtype=\"https:\/\/schema.org\/ImageObject\"  ><div class='avia-image-container-inner'><div class='avia-image-overlay-wrap'><img decoding=\"async\" class='wp-image-46275 avia-img-lazy-loading-not-46275 avia_image' src=\"https:\/\/radiorevelacionfm.cl\/wp-content\/uploads\/2024\/09\/BUEN-USO-RED-1-1-1.jpeg\" alt='' title='BUEN USO RED (1) (1) (1)' height=\"610\" width=\"800\"  itemprop=\"thumbnailUrl\" srcset=\"https:\/\/radiorevelacionfm.cl\/wp-content\/uploads\/2024\/09\/BUEN-USO-RED-1-1-1.jpeg 800w, https:\/\/radiorevelacionfm.cl\/wp-content\/uploads\/2024\/09\/BUEN-USO-RED-1-1-1-300x229.jpeg 300w, https:\/\/radiorevelacionfm.cl\/wp-content\/uploads\/2024\/09\/BUEN-USO-RED-1-1-1-768x586.jpeg 768w, https:\/\/radiorevelacionfm.cl\/wp-content\/uploads\/2024\/09\/BUEN-USO-RED-1-1-1-705x538.jpeg 705w, https:\/\/radiorevelacionfm.cl\/wp-content\/uploads\/2024\/09\/BUEN-USO-RED-1-1-1-450x343.jpeg 450w, https:\/\/radiorevelacionfm.cl\/wp-content\/uploads\/2024\/09\/BUEN-USO-RED-1-1-1-600x458.jpeg 600w\" sizes=\"(max-width: 800px) 100vw, 800px\" \/><\/div><\/div><\/div><\/div><div class=\"flex_column av_one_full  flex_column_div av-zero-column-padding first  avia-builder-el-2  el_after_av_one_full  el_before_av_one_full  column-top-margin\" style='border-radius:0px; '><section class=\"av_textblock_section \"  itemscope=\"itemscope\" itemtype=\"https:\/\/schema.org\/BlogPosting\" itemprop=\"blogPost\" ><div class='avia_textblock  '   itemprop=\"text\" ><p style=\"text-align: center;\"><strong><span style=\"font-size: 18pt;\">Red Asistencial de Ays\u00e9n est\u00e1 preparada para el feriado de Fiestas Patrias<\/span><\/strong><\/p>\n<div id=\"gtx-trans\" style=\"position: absolute; left: -50px; top: 4.31534px;\">\n<div class=\"gtx-trans-icon\"><\/div>\n<\/div>\n<\/div><\/section><\/div><div class=\"flex_column av_one_full  flex_column_div av-zero-column-padding first  avia-builder-el-4  el_after_av_one_full  el_before_av_hr  column-top-margin\" style='border-radius:0px; '><section class=\"av_textblock_section \"  itemscope=\"itemscope\" itemtype=\"https:\/\/schema.org\/BlogPosting\" itemprop=\"blogPost\" ><div class='avia_textblock  '   itemprop=\"text\" ><p style=\"font-weight: 400; text-align: justify;\"><em>Todos los establecimientos se encuentran activos para enfrentar los d\u00edas festivos, incluyendo los hospitales y el SAPU del CESFAM Dr. Alejandro Guti\u00e9rrez.<\/em><\/p>\n<p style=\"font-weight: 400; text-align: justify;\">Ser\u00e1 casi una semana de celebraciones patrias, por lo que la Red Asistencial se encuentra preparada para enfrentar la mayor demanda de estos d\u00edas que recuerdan los inicios de la Rep\u00fablica.<\/p>\n<p style=\"font-weight: 400; text-align: justify;\">En ese sentido desde el Servicio de Salud Ays\u00e9n (SSA) y la delegaci\u00f3n presidencial hicieron un llamado al buen uso de los dispositivos de urgencia. \u201cRecuerden que tendr\u00e1n prioridad las emergencias vitales, por lo tanto, esas son las que demandan m\u00e1s atenci\u00f3n y m\u00e1s urgencia en la atenci\u00f3n. Si tiene otra problem\u00e1tica de salud tenemos alternativas como Salud Responde, que es el tel\u00e9fono 600 360 7777. En la medida que tengamos un buen uso de la red asistencial, de los establecimientos van a tener una atenci\u00f3n oportuna y eficaz\u201d, se\u00f1al\u00f3 el delegado presidencial, Dr. Rodrigo Araya.<\/p>\n<p style=\"font-weight: 400; text-align: justify;\">En Salud Responde se puede acceder a profesionales de la salud los 365 d\u00edas del a\u00f1o y las 24 horas del d\u00eda. \u201cLa Red Asistencial en toda la regi\u00f3n se encuentra preparada para enfrentar este largo periodo de festividades que vamos a tener, tanto en los servicios de urgencia, en los hospitales, como los servicios de urgencia dependientes, por ejemplo, el SAPU que atiende en el consultorio Alejandro Guti\u00e9rrez en horario habitual de 17:00 y las 24:00 y los fines de semana de 12:00 a 24:00 horas. Lo mismo los servicios de urgencia en postas de salud rurales y toda la red est\u00e1 trabajando y preparada para este gran evento que tenemos como pa\u00eds en que celebramos nuestra chilenidad\u201d, se\u00f1al\u00f3 por su parte el Sub Director de Gesti\u00f3n Asistencial del SSA, Dr. Rodrigo Verdugo.<\/p>\n<p style=\"font-weight: 400; text-align: justify;\">A su vez invit\u00f3 a compartir con tranquilidad y adoptar las medidas para tener unas Fiestas Patrias sin inconvenientes de ning\u00fan tipo, \u201csobre todo protegerse, autocuidado, la principal recomendaci\u00f3n es a quienes van a conducir que no deben consumir alcohol\u201d.<\/p>\n<p style=\"font-weight: 400; text-align: justify;\">Tambi\u00e9n Lidia Pichulman, enfermera jefe unidad de emergencia adultos del Hospital Regional Coyhaique, se refiri\u00f3 al tema. \u201cEvitar el consumo de alimentos en lugares no establecidos o que no tengan autorizaci\u00f3n por Seremi, por intoxicaciones alimentarias que es uno de los grandes temas en los servicios de urgencia en fiestas como esta, adem\u00e1s si va a beber no maneje, si consume drogas menos, as\u00ed se cuida usted y sus seres queridos. Tambi\u00e9n les quiero contar que uno de los grandes motivos de consulta en estas fechas son aquellos pacientes con patolog\u00edas de base, cr\u00f3nicos por el consumo excesivo de bebidas o comidas se descompensan y terminan en nuestras unidades\u201d, acot\u00f3.<\/p>\n<p style=\"font-weight: 400; text-align: justify;\">Finalmente hizo un llamado a tratar las dolencias menores en dispositivos de atenci\u00f3n primaria y evitar la congesti\u00f3n de los servicios de urgencia del principal establecimiento asistencial de la regi\u00f3n.<\/p>\n<\/div><\/section><\/div><div  style='height:50px' class='hr hr-invisible   avia-builder-el-6  el_after_av_one_full  el_before_av_social_share '><span class='hr-inner ' ><span class='hr-inner-style'><\/span><\/span><\/div><\/p>\n<div  class='av-social-sharing-box  avia-builder-el-7  el_after_av_hr  el_before_av_hr  '><div class='av-share-box'><h5 class='av-share-link-description av-no-toc '>Compartir esta noticia<\/h5><ul class='av-share-box-list noLightbox'><li class='av-share-link av-social-link-facebook' ><a target=\"_blank\" aria-label=\"Compartir en Facebook\" href='https:\/\/www.facebook.com\/sharer.php?u=https:\/\/radiorevelacionfm.cl\/?p=46274&#038;t=Red%20Asistencial%20de%20Ays%C3%A9n%20est%C3%A1%20preparada%20para%20el%20feriado%20de%20Fiestas%20Patrias' aria-hidden='false' data-av_icon='\ue8f3' data-av_iconfont='entypo-fontello' title='' data-avia-related-tooltip='Compartir en Facebook' rel=\"noopener\"><span class='avia_hidden_link_text'>Compartir en Facebook<\/span><\/a><\/li><li class='av-share-link av-social-link-twitter' ><a target=\"_blank\" aria-label=\"Compartir en Twitter\" href='https:\/\/twitter.com\/share?text=Red%20Asistencial%20de%20Ays%C3%A9n%20est%C3%A1%20preparada%20para%20el%20feriado%20de%20Fiestas%20Patrias&#038;url=https:\/\/radiorevelacionfm.cl\/?p=46274' aria-hidden='false' data-av_icon='\ue8f1' data-av_iconfont='entypo-fontello' title='' data-avia-related-tooltip='Compartir en Twitter' rel=\"noopener\"><span class='avia_hidden_link_text'>Compartir en Twitter<\/span><\/a><\/li><li class='av-share-link av-social-link-whatsapp' ><a target=\"_blank\" aria-label=\"Compartir en Whatsapp\" href='https:\/\/api.whatsapp.com\/send?text=https:\/\/radiorevelacionfm.cl\/?p=46274' aria-hidden='false' data-av_icon='\uf232' data-av_iconfont='entypo-fontello' title='' data-avia-related-tooltip='Compartir en Whatsapp' rel=\"noopener\"><span class='avia_hidden_link_text'>Compartir en Whatsapp<\/span><\/a><\/li><li class='av-share-link av-social-link-linkedin' ><a target=\"_blank\" aria-label=\"Compartir en LinkedIn\" href='https:\/\/linkedin.com\/shareArticle?mini=true&#038;title=Red%20Asistencial%20de%20Ays%C3%A9n%20est%C3%A1%20preparada%20para%20el%20feriado%20de%20Fiestas%20Patrias&#038;url=https:\/\/radiorevelacionfm.cl\/?p=46274' aria-hidden='false' data-av_icon='\ue8fc' data-av_iconfont='entypo-fontello' title='' data-avia-related-tooltip='Compartir en LinkedIn' rel=\"noopener\"><span class='avia_hidden_link_text'>Compartir en LinkedIn<\/span><\/a><\/li><li class='av-share-link av-social-link-mail' ><a  aria-label=\"Compartir por correo\" href='mailto:?subject=Red%20Asistencial%20de%20Ays%C3%A9n%20est%C3%A1%20preparada%20para%20el%20feriado%20de%20Fiestas%20Patrias&#038;body=https:\/\/radiorevelacionfm.cl\/?p=46274' aria-hidden='false' data-av_icon='\ue805' data-av_iconfont='entypo-fontello' title='' data-avia-related-tooltip='Compartir por correo'><span class='avia_hidden_link_text'>Compartir por correo<\/span><\/a><\/li><\/ul><\/div><\/div>\n<div  style='height:50px' class='hr hr-invisible   avia-builder-el-8  el_after_av_social_share  el_before_av_comments_list '><span class='hr-inner ' ><span class='hr-inner-style'><\/span><\/span><\/div>\n<div  class='av-buildercomment  av-blog-meta-html-info-disabled av-blog-meta-tag-disabled  '><\/div>\n","protected":false},"excerpt":{"rendered":"","protected":false},"author":1,"featured_media":46275,"comment_status":"open","ping_status":"open","sticky":false,"template":"","format":"standard","meta":{"footnotes":""},"categories":[46],"tags":[],"class_list":["post-46274","post","type-post","status-publish","format-standard","has-post-thumbnail","hentry","category-salud"],"jetpack_featured_media_url":"https:\/\/radiorevelacionfm.cl\/wp-content\/uploads\/2024\/09\/BUEN-USO-RED-1-1-1.jpeg","_links":{"self":[{"href":"https:\/\/radiorevelacionfm.cl\/index.php?rest_route=\/wp\/v2\/posts\/46274","targetHints":{"allow":["GET"]}}],"collection":[{"href":"https:\/\/radiorevelacionfm.cl\/index.php?rest_route=\/wp\/v2\/posts"}],"about":[{"href":"https:\/\/radiorevelacionfm.cl\/index.php?rest_route=\/wp\/v2\/types\/post"}],"author":[{"embeddable":true,"href":"https:\/\/radiorevelacionfm.cl\/index.php?rest_route=\/wp\/v2\/users\/1"}],"replies":[{"embeddable":true,"href":"https:\/\/radiorevelacionfm.cl\/index.php?rest_route=%2Fwp%2Fv2%2Fcomments&post=46274"}],"version-history":[{"count":1,"href":"https:\/\/radiorevelacionfm.cl\/index.php?rest_route=\/wp\/v2\/posts\/46274\/revisions"}],"predecessor-version":[{"id":46276,"href":"https:\/\/radiorevelacionfm.cl\/index.php?rest_route=\/wp\/v2\/posts\/46274\/revisions\/46276"}],"wp:featuredmedia":[{"embeddable":true,"href":"https:\/\/radiorevelacionfm.cl\/index.php?rest_route=\/wp\/v2\/media\/46275"}],"wp:attachment":[{"href":"https:\/\/radiorevelacionfm.cl\/index.php?rest_route=%2Fwp%2Fv2%2Fmedia&parent=46274"}],"wp:term":[{"taxonomy":"category","embeddable":true,"href":"https:\/\/radiorevelacionfm.cl\/index.php?rest_route=%2Fwp%2Fv2%2Fcategories&post=46274"},{"taxonomy":"post_tag","embeddable":true,"href":"https:\/\/radiorevelacionfm.cl\/index.php?rest_route=%2Fwp%2Fv2%2Ftags&post=46274"}],"curies":[{"name":"wp","href":"https:\/\/api.w.org\/{rel}","templated":true}]}}