{"id":46271,"date":"2024-09-15T21:35:03","date_gmt":"2024-09-16T00:35:03","guid":{"rendered":"https:\/\/radiorevelacionfm.cl\/?p=46271"},"modified":"2024-09-15T21:35:03","modified_gmt":"2024-09-16T00:35:03","slug":"plaza-simpson-sera-mejorada-y-busca-convertirse-en-paseo-familiar-obligatorio-de-puerto-aysen","status":"publish","type":"post","link":"https:\/\/radiorevelacionfm.cl\/?p=46271","title":{"rendered":"Plaza Simpson ser\u00e1 mejorada y busca convertirse en paseo familiar obligatorio de Puerto Ays\u00e9n"},"content":{"rendered":"<div class=\"flex_column av_one_full  flex_column_div av-zero-column-padding first  avia-builder-el-0  el_before_av_one_full  avia-builder-el-first  \" style='border-radius:0px; '><div  class='avia-image-container  av-styling-    avia-builder-el-1  avia-builder-el-no-sibling  avia-align-center '  itemprop=\"image\" itemscope=\"itemscope\" itemtype=\"https:\/\/schema.org\/ImageObject\"  ><div class='avia-image-container-inner'><div class='avia-image-overlay-wrap'><img decoding=\"async\" class='wp-image-46272 avia-img-lazy-loading-not-46272 avia_image' src=\"https:\/\/radiorevelacionfm.cl\/wp-content\/uploads\/2024\/09\/plaza-simpson-1-1_optimized.jpg\" alt='' title='plaza-simpson-1-(1)_optimized' height=\"600\" width=\"800\"  itemprop=\"thumbnailUrl\" srcset=\"https:\/\/radiorevelacionfm.cl\/wp-content\/uploads\/2024\/09\/plaza-simpson-1-1_optimized.jpg 800w, https:\/\/radiorevelacionfm.cl\/wp-content\/uploads\/2024\/09\/plaza-simpson-1-1_optimized-300x225.jpg 300w, https:\/\/radiorevelacionfm.cl\/wp-content\/uploads\/2024\/09\/plaza-simpson-1-1_optimized-768x576.jpg 768w, https:\/\/radiorevelacionfm.cl\/wp-content\/uploads\/2024\/09\/plaza-simpson-1-1_optimized-705x529.jpg 705w, https:\/\/radiorevelacionfm.cl\/wp-content\/uploads\/2024\/09\/plaza-simpson-1-1_optimized-450x338.jpg 450w, https:\/\/radiorevelacionfm.cl\/wp-content\/uploads\/2024\/09\/plaza-simpson-1-1_optimized-600x450.jpg 600w\" sizes=\"(max-width: 800px) 100vw, 800px\" \/><\/div><\/div><\/div><\/div><div class=\"flex_column av_one_full  flex_column_div av-zero-column-padding first  avia-builder-el-2  el_after_av_one_full  el_before_av_one_full  column-top-margin\" style='border-radius:0px; '><section class=\"av_textblock_section \"  itemscope=\"itemscope\" itemtype=\"https:\/\/schema.org\/BlogPosting\" itemprop=\"blogPost\" ><div class='avia_textblock  '   itemprop=\"text\" ><p style=\"text-align: center;\"><strong><span style=\"font-size: 18pt;\">Plaza Simpson ser\u00e1 mejorada y busca convertirse en paseo familiar obligatorio de Puerto Ays\u00e9n<\/span><\/strong><\/p>\n<div id=\"gtx-trans\" style=\"position: absolute; left: -50px; top: 4.31534px;\">\n<div class=\"gtx-trans-icon\"><\/div>\n<\/div>\n<\/div><\/section><\/div><div class=\"flex_column av_one_full  flex_column_div av-zero-column-padding first  avia-builder-el-4  el_after_av_one_full  el_before_av_hr  column-top-margin\" style='border-radius:0px; '><section class=\"av_textblock_section \"  itemscope=\"itemscope\" itemtype=\"https:\/\/schema.org\/BlogPosting\" itemprop=\"blogPost\" ><div class='avia_textblock  '   itemprop=\"text\" ><p style=\"text-align: justify;\">Con la participaci\u00f3n de autoridades regionales y comunales junto a vecinos del sector, se llev\u00f3 a cabo el hito de entrega de terreno para mejoramiento de plaza Simpson, en la poblaci\u00f3n La Balsa, mediante el programa Recuperaci\u00f3n de barrios \u00abQuiero Mi Barrio\u00bb, del Minvu en conjunto a la Municipalidad de Ays\u00e9n.<\/p>\n<p style=\"text-align: justify;\">\u201cEstamos dando inicio a las obras de plaza Simpson, aqu\u00ed en el barrio La Balsa, este lugar maravilloso, s\u00faper lindo, que es el borde de la ciudad de Puerto Ays\u00e9n. Esperamos con esta obra, revitalizar este espacio p\u00fablico, mejorar la accesibilidad universal, los juegos se van a reemplazar por otros, se va a poner un piso especial para que los ni\u00f1os jueguen. Tambi\u00e9n para que exista m\u00e1s confianza en este lugar, va a tener nueva iluminaci\u00f3n, as\u00ed es que, esperamos que pronto vean finalizadas las obras y estar en un nuevo hito de inauguraci\u00f3n\u201d, manifest\u00f3, Natasha Pot, jefa del departamento de desarrollo urbano del Minvu en la regi\u00f3n y representante de la Seremi del ramo en esta actividad.<\/p>\n<p style=\"text-align: justify;\">Para el Alcalde, Julio Uribe, cada vez es m\u00e1s importante recuperar espacios y brindar lugares para la familia. \u201cPara nosotros es muy importante mejorar espacios p\u00fablicos y ponerlos a disposici\u00f3n de la comunidad en buen estado y con m\u00e1s alternativas. Aqu\u00ed se van a poner m\u00e1s patios techados con m\u00e1quinas de ejercicios. Por lo tanto, estamos cumpliendo con nuestros vecinos, esto era algo que ellos anhelaban hace mucho tiempo, pero por diferentes motivos no hab\u00edan podido salir estos proyectos, hoy se han destrabado y hemos podido cumplir con este requerimiento de los vecinos y esperar que se cuide\u201d.<\/p>\n<p style=\"text-align: justify;\">Una de las dirigentas del consejo vecinal de desarrollo, Aurora Mansilla, se mostr\u00f3 feliz de que esta iniciativa comience a concretarse por el bien de la comunidad, quienes han hecho de este, un lugar de encuentro y paseo familiar. \u201cEstos proyectos ya est\u00e1n saliendo y eso es lo importante, porque cada d\u00eda van a ir avanzando m\u00e1s. Estamos agradecidos tambi\u00e9n porque por primera vez en la historia el barrio cuenta con el programa quiero mi barrio. Adem\u00e1s, esta plaza la gente le ha tomado cari\u00f1o y la cuida, ahora, cuando vean el espacio hecho de nuevo, como les llevo las im\u00e1genes a la junta de vecinos, lo van a cuidar mucho m\u00e1s\u201d.<\/p>\n<p style=\"text-align: justify;\">125 millones de pesos son los que se invertir\u00e1n en el mejoramiento de la plaza Simpson de Puerto Ays\u00e9n, recursos que provienen del Minvu, a trav\u00e9s de su programa \u201crecuperaci\u00f3n de barrios\u201d.<\/p>\n<\/div><\/section><\/div><div  style='height:50px' class='hr hr-invisible   avia-builder-el-6  el_after_av_one_full  el_before_av_social_share '><span class='hr-inner ' ><span class='hr-inner-style'><\/span><\/span><\/div><\/p>\n<div  class='av-social-sharing-box  avia-builder-el-7  el_after_av_hr  el_before_av_hr  '><div class='av-share-box'><h5 class='av-share-link-description av-no-toc '>Compartir esta noticia<\/h5><ul class='av-share-box-list noLightbox'><li class='av-share-link av-social-link-facebook' ><a target=\"_blank\" aria-label=\"Compartir en Facebook\" href='https:\/\/www.facebook.com\/sharer.php?u=https:\/\/radiorevelacionfm.cl\/?p=46271&#038;t=Plaza%20Simpson%20ser%C3%A1%20mejorada%20y%20busca%20convertirse%20en%20paseo%20familiar%20obligatorio%20de%20Puerto%20Ays%C3%A9n' aria-hidden='false' data-av_icon='\ue8f3' data-av_iconfont='entypo-fontello' title='' data-avia-related-tooltip='Compartir en Facebook' rel=\"noopener\"><span class='avia_hidden_link_text'>Compartir en Facebook<\/span><\/a><\/li><li class='av-share-link av-social-link-twitter' ><a target=\"_blank\" aria-label=\"Compartir en Twitter\" href='https:\/\/twitter.com\/share?text=Plaza%20Simpson%20ser%C3%A1%20mejorada%20y%20busca%20convertirse%20en%20paseo%20familiar%20obligatorio%20de%20Puerto%20Ays%C3%A9n&#038;url=https:\/\/radiorevelacionfm.cl\/?p=46271' aria-hidden='false' data-av_icon='\ue8f1' data-av_iconfont='entypo-fontello' title='' data-avia-related-tooltip='Compartir en Twitter' rel=\"noopener\"><span class='avia_hidden_link_text'>Compartir en Twitter<\/span><\/a><\/li><li class='av-share-link av-social-link-whatsapp' ><a target=\"_blank\" aria-label=\"Compartir en Whatsapp\" href='https:\/\/api.whatsapp.com\/send?text=https:\/\/radiorevelacionfm.cl\/?p=46271' aria-hidden='false' data-av_icon='\uf232' data-av_iconfont='entypo-fontello' title='' data-avia-related-tooltip='Compartir en Whatsapp' rel=\"noopener\"><span class='avia_hidden_link_text'>Compartir en Whatsapp<\/span><\/a><\/li><li class='av-share-link av-social-link-linkedin' ><a target=\"_blank\" aria-label=\"Compartir en LinkedIn\" href='https:\/\/linkedin.com\/shareArticle?mini=true&#038;title=Plaza%20Simpson%20ser%C3%A1%20mejorada%20y%20busca%20convertirse%20en%20paseo%20familiar%20obligatorio%20de%20Puerto%20Ays%C3%A9n&#038;url=https:\/\/radiorevelacionfm.cl\/?p=46271' aria-hidden='false' data-av_icon='\ue8fc' data-av_iconfont='entypo-fontello' title='' data-avia-related-tooltip='Compartir en LinkedIn' rel=\"noopener\"><span class='avia_hidden_link_text'>Compartir en LinkedIn<\/span><\/a><\/li><li class='av-share-link av-social-link-mail' ><a  aria-label=\"Compartir por correo\" href='mailto:?subject=Plaza%20Simpson%20ser%C3%A1%20mejorada%20y%20busca%20convertirse%20en%20paseo%20familiar%20obligatorio%20de%20Puerto%20Ays%C3%A9n&#038;body=https:\/\/radiorevelacionfm.cl\/?p=46271' aria-hidden='false' data-av_icon='\ue805' data-av_iconfont='entypo-fontello' title='' data-avia-related-tooltip='Compartir por correo'><span class='avia_hidden_link_text'>Compartir por correo<\/span><\/a><\/li><\/ul><\/div><\/div>\n<div  style='height:50px' class='hr hr-invisible   avia-builder-el-8  el_after_av_social_share  el_before_av_comments_list '><span class='hr-inner ' ><span class='hr-inner-style'><\/span><\/span><\/div>\n<div  class='av-buildercomment  av-blog-meta-html-info-disabled av-blog-meta-tag-disabled  '><\/div>\n","protected":false},"excerpt":{"rendered":"","protected":false},"author":1,"featured_media":46272,"comment_status":"open","ping_status":"open","sticky":false,"template":"","format":"standard","meta":{"footnotes":""},"categories":[38],"tags":[],"class_list":["post-46271","post","type-post","status-publish","format-standard","has-post-thumbnail","hentry","category-regional"],"jetpack_featured_media_url":"https:\/\/radiorevelacionfm.cl\/wp-content\/uploads\/2024\/09\/plaza-simpson-1-1_optimized.jpg","_links":{"self":[{"href":"https:\/\/radiorevelacionfm.cl\/index.php?rest_route=\/wp\/v2\/posts\/46271","targetHints":{"allow":["GET"]}}],"collection":[{"href":"https:\/\/radiorevelacionfm.cl\/index.php?rest_route=\/wp\/v2\/posts"}],"about":[{"href":"https:\/\/radiorevelacionfm.cl\/index.php?rest_route=\/wp\/v2\/types\/post"}],"author":[{"embeddable":true,"href":"https:\/\/radiorevelacionfm.cl\/index.php?rest_route=\/wp\/v2\/users\/1"}],"replies":[{"embeddable":true,"href":"https:\/\/radiorevelacionfm.cl\/index.php?rest_route=%2Fwp%2Fv2%2Fcomments&post=46271"}],"version-history":[{"count":1,"href":"https:\/\/radiorevelacionfm.cl\/index.php?rest_route=\/wp\/v2\/posts\/46271\/revisions"}],"predecessor-version":[{"id":46273,"href":"https:\/\/radiorevelacionfm.cl\/index.php?rest_route=\/wp\/v2\/posts\/46271\/revisions\/46273"}],"wp:featuredmedia":[{"embeddable":true,"href":"https:\/\/radiorevelacionfm.cl\/index.php?rest_route=\/wp\/v2\/media\/46272"}],"wp:attachment":[{"href":"https:\/\/radiorevelacionfm.cl\/index.php?rest_route=%2Fwp%2Fv2%2Fmedia&parent=46271"}],"wp:term":[{"taxonomy":"category","embeddable":true,"href":"https:\/\/radiorevelacionfm.cl\/index.php?rest_route=%2Fwp%2Fv2%2Fcategories&post=46271"},{"taxonomy":"post_tag","embeddable":true,"href":"https:\/\/radiorevelacionfm.cl\/index.php?rest_route=%2Fwp%2Fv2%2Ftags&post=46271"}],"curies":[{"name":"wp","href":"https:\/\/api.w.org\/{rel}","templated":true}]}}