{"id":46268,"date":"2024-09-15T12:02:37","date_gmt":"2024-09-15T15:02:37","guid":{"rendered":"https:\/\/radiorevelacionfm.cl\/?p=46268"},"modified":"2024-09-15T12:02:37","modified_gmt":"2024-09-15T15:02:37","slug":"con-simulacro-concientizan-sobre-seguridad-vial-en-fiestas-patrias","status":"publish","type":"post","link":"https:\/\/radiorevelacionfm.cl\/?p=46268","title":{"rendered":"Con simulacro concientizan sobre seguridad vial en Fiestas Patrias"},"content":{"rendered":"<div class=\"flex_column av_one_full  flex_column_div av-zero-column-padding first  avia-builder-el-0  el_before_av_one_full  avia-builder-el-first  \" style='border-radius:0px; '><div  class='avia-image-container  av-styling-    avia-builder-el-1  avia-builder-el-no-sibling  avia-align-center '  itemprop=\"image\" itemscope=\"itemscope\" itemtype=\"https:\/\/schema.org\/ImageObject\"  ><div class='avia-image-container-inner'><div class='avia-image-overlay-wrap'><img decoding=\"async\" class='wp-image-46269 avia-img-lazy-loading-not-46269 avia_image' src=\"https:\/\/radiorevelacionfm.cl\/wp-content\/uploads\/2024\/09\/49porf_optimized-1.jpg\" alt='' title='_49porf_optimized (1)' height=\"600\" width=\"904\"  itemprop=\"thumbnailUrl\" srcset=\"https:\/\/radiorevelacionfm.cl\/wp-content\/uploads\/2024\/09\/49porf_optimized-1.jpg 904w, https:\/\/radiorevelacionfm.cl\/wp-content\/uploads\/2024\/09\/49porf_optimized-1-300x199.jpg 300w, https:\/\/radiorevelacionfm.cl\/wp-content\/uploads\/2024\/09\/49porf_optimized-1-768x510.jpg 768w, https:\/\/radiorevelacionfm.cl\/wp-content\/uploads\/2024\/09\/49porf_optimized-1-705x468.jpg 705w, https:\/\/radiorevelacionfm.cl\/wp-content\/uploads\/2024\/09\/49porf_optimized-1-450x299.jpg 450w, https:\/\/radiorevelacionfm.cl\/wp-content\/uploads\/2024\/09\/49porf_optimized-1-600x398.jpg 600w\" sizes=\"(max-width: 904px) 100vw, 904px\" \/><\/div><\/div><\/div><\/div><div class=\"flex_column av_one_full  flex_column_div av-zero-column-padding first  avia-builder-el-2  el_after_av_one_full  el_before_av_one_full  column-top-margin\" style='border-radius:0px; '><section class=\"av_textblock_section \"  itemscope=\"itemscope\" itemtype=\"https:\/\/schema.org\/BlogPosting\" itemprop=\"blogPost\" ><div class='avia_textblock  '   itemprop=\"text\" ><p style=\"text-align: center;\"><strong><span style=\"font-size: 18pt;\">Con simulacro concientizan sobre seguridad vial en Fiestas Patrias<\/span><\/strong><\/p>\n<div id=\"gtx-trans\" style=\"position: absolute; left: -50px; top: 4.31534px;\">\n<div class=\"gtx-trans-icon\"><\/div>\n<\/div>\n<\/div><\/section><\/div><div class=\"flex_column av_one_full  flex_column_div av-zero-column-padding first  avia-builder-el-4  el_after_av_one_full  el_before_av_hr  column-top-margin\" style='border-radius:0px; '><section class=\"av_textblock_section \"  itemscope=\"itemscope\" itemtype=\"https:\/\/schema.org\/BlogPosting\" itemprop=\"blogPost\" ><div class='avia_textblock  '   itemprop=\"text\" ><p style=\"text-align: justify;\"><em>Con la puesta en escena de una colisi\u00f3n entre una persona ebria y un ciclista, se expuso las nefastas consecuencias de esta mala pr\u00e1ctica para la seguridad vial, por lo que se invit\u00f3 a la comunidad de Ays\u00e9n a estar unidos por un 18 seguro.<\/em><\/p>\n<p style=\"text-align: justify;\">Ante la importancia de velar por la seguridad de las v\u00edas de Ays\u00e9n en estas Fiestas Patrias, la Comisi\u00f3n Regional de Seguridad de Tr\u00e1nsito integrada por SeremiTT, Delegaci\u00f3n Presidencial Regional, Carabineros, Senda, Senapred, Coordinaci\u00f3n Regional de Seguridad P\u00fablica y Municipalidad de Coyhaique organizaron un simulacro de siniestro vial. Este consisti\u00f3 en una conductora, que en estado ebriedad, colisiona contra un ciclista, provocando todo el despliegue de seguridad: Carabineros, Bomberos y Samu (ambulancia).<\/p>\n<p style=\"text-align: justify;\">El seremiTT Hans Zimmermann afirm\u00f3 que \u201ccon este ejercicio hemos podido medir tambi\u00e9n la capacidad de respuesta a los organismos de seguridad y de emergencia, pero por sobre todo generar conciencia en la poblaci\u00f3n de que el consumo de alcohol y la conducci\u00f3n son conductas incompatibles. El llamado desde el Ministerio de Transportes es a prevenir, es al autocuidado, unidos podemos contar con un 18 m\u00e1s seguro. No queremos lamentar siniestros viales ni resultados fatales. Hay que entender que este 18 de septiembre estas fiestas patrias de 10 d\u00edas de celebraci\u00f3n, aproximadamente, van a ser comparadas con las cifras del a\u00f1o 2019. El a\u00f1o 2019 en la regi\u00f3n de Ays\u00e9n tuvimos que lamentar al menos 9 siniestros viales con un resultado fatal. El llamado es al autocuidado, a la prevenci\u00f3n y a no consumir alcohol si es que se va a conducir\u201d.<\/p>\n<p style=\"text-align: justify;\">Por su parte el delegado regional Rodrigo Araya inform\u00f3 que se realizar\u00e1n 47 actividades en la regi\u00f3n como celebraci\u00f3n de estas Fiestas Patrias, destacando las ramadas de Coyhaique que inician el 17 y culminan el 22 de septiembre. En tanto, las fondas de Puerto Ays\u00e9n se llevar\u00e1n a cabo el 18, 19 y 20 de septiembre. \u201cA medida que hay m\u00e1s gente circulando, y hay m\u00e1s d\u00edas de celebraci\u00f3n, evidentemente los riesgos aumentan. Llamamos a las personas a tener una conducta de protecci\u00f3n, de cuidar a los suyos, de autocuidarse para evitar lamentar fallecimientos y que todos terminemos, al final de estos d\u00edas, contentos, alegres en nuestras casas de haber tenido d\u00edas de asueto, d\u00edas de alegr\u00eda con nuestros amigos, con nuestros familiares y que podamos estar todos sanos y salvos\u201d reflexion\u00f3 la autoridad.<\/p>\n<p style=\"text-align: justify;\">Una arista importante de la prevenci\u00f3n en estas fechas son los operativos de control, en este sentido, el comandante Juan Abarca, subprefecto de los servicios de la prefectura de Ays\u00e9n, se refiri\u00f3 al despliegue del personal policial en zonas rurales y urbanas, y tambi\u00e9n relev\u00f3 el trabajo conjunto coordinado con fiscalizadores del Ministerio de Transportes, Senda y Servicio de Impuestos Internos. El uniformado recomend\u00f3 \u201cutilizar servicios remunerados de transporte de pasajeros, en caso de que usted deba desplazarse y va a disfrutar de estas fiestas bebiendo, por ejemplo, yendo a las ramadas. Tambi\u00e9n queremos hacer un llamado a algo que nos preocupa. La primera causa de accidentes de tr\u00e1nsito en la regi\u00f3n es conducir no atentos a las condiciones del tr\u00e1nsito. Esto quiere decir, cuando estamos atentos al tel\u00e9fono, chateando mientras conducimos\u201d.<\/p>\n<p style=\"text-align: justify;\">Victoria Contreras Lemus, directora regional de Senda agreg\u00f3 que \u201cvamos a estar en conjunto con Carabineros desarrollando operativos en el marco del programa Tolerancia Cero, para justamente evitar situaciones de este tipo, donde las personas que van a conducir no deben consumir alcohol, ni ning\u00fan otro tipo de drogas. Hacemos un llamado para que podamos tener unas lindas fiestas, poder planificar, organizarnos, definir qui\u00e9n va a ser el chofer designado y tambi\u00e9n poder cuidar a nuestros familiares y amigos de tal forma que podamos evitar este tipo de situaciones\u201d.<\/p>\n<p style=\"text-align: justify;\">De enero a julio del 2024 se han registrado 257 accidentes de tr\u00e1nsito en Ays\u00e9n. De ellos 46 se produjeron por conducci\u00f3n en estado de ebriedad, lo que representa el 19,46%.<\/p>\n<\/div><\/section><\/div><div  style='height:50px' class='hr hr-invisible   avia-builder-el-6  el_after_av_one_full  el_before_av_social_share '><span class='hr-inner ' ><span class='hr-inner-style'><\/span><\/span><\/div><\/p>\n<div  class='av-social-sharing-box  avia-builder-el-7  el_after_av_hr  el_before_av_hr  '><div class='av-share-box'><h5 class='av-share-link-description av-no-toc '>Compartir esta noticia<\/h5><ul class='av-share-box-list noLightbox'><li class='av-share-link av-social-link-facebook' ><a target=\"_blank\" aria-label=\"Compartir en Facebook\" href='https:\/\/www.facebook.com\/sharer.php?u=https:\/\/radiorevelacionfm.cl\/?p=46268&#038;t=Con%20simulacro%20concientizan%20sobre%20seguridad%20vial%20en%20Fiestas%20Patrias' aria-hidden='false' data-av_icon='\ue8f3' data-av_iconfont='entypo-fontello' title='' data-avia-related-tooltip='Compartir en Facebook' rel=\"noopener\"><span class='avia_hidden_link_text'>Compartir en Facebook<\/span><\/a><\/li><li class='av-share-link av-social-link-twitter' ><a target=\"_blank\" aria-label=\"Compartir en Twitter\" href='https:\/\/twitter.com\/share?text=Con%20simulacro%20concientizan%20sobre%20seguridad%20vial%20en%20Fiestas%20Patrias&#038;url=https:\/\/radiorevelacionfm.cl\/?p=46268' aria-hidden='false' data-av_icon='\ue8f1' data-av_iconfont='entypo-fontello' title='' data-avia-related-tooltip='Compartir en Twitter' rel=\"noopener\"><span class='avia_hidden_link_text'>Compartir en Twitter<\/span><\/a><\/li><li class='av-share-link av-social-link-whatsapp' ><a target=\"_blank\" aria-label=\"Compartir en Whatsapp\" href='https:\/\/api.whatsapp.com\/send?text=https:\/\/radiorevelacionfm.cl\/?p=46268' aria-hidden='false' data-av_icon='\uf232' data-av_iconfont='entypo-fontello' title='' data-avia-related-tooltip='Compartir en Whatsapp' rel=\"noopener\"><span class='avia_hidden_link_text'>Compartir en Whatsapp<\/span><\/a><\/li><li class='av-share-link av-social-link-linkedin' ><a target=\"_blank\" aria-label=\"Compartir en LinkedIn\" href='https:\/\/linkedin.com\/shareArticle?mini=true&#038;title=Con%20simulacro%20concientizan%20sobre%20seguridad%20vial%20en%20Fiestas%20Patrias&#038;url=https:\/\/radiorevelacionfm.cl\/?p=46268' aria-hidden='false' data-av_icon='\ue8fc' data-av_iconfont='entypo-fontello' title='' data-avia-related-tooltip='Compartir en LinkedIn' rel=\"noopener\"><span class='avia_hidden_link_text'>Compartir en LinkedIn<\/span><\/a><\/li><li class='av-share-link av-social-link-mail' ><a  aria-label=\"Compartir por correo\" href='mailto:?subject=Con%20simulacro%20concientizan%20sobre%20seguridad%20vial%20en%20Fiestas%20Patrias&#038;body=https:\/\/radiorevelacionfm.cl\/?p=46268' aria-hidden='false' data-av_icon='\ue805' data-av_iconfont='entypo-fontello' title='' data-avia-related-tooltip='Compartir por correo'><span class='avia_hidden_link_text'>Compartir por correo<\/span><\/a><\/li><\/ul><\/div><\/div>\n<div  style='height:50px' class='hr hr-invisible   avia-builder-el-8  el_after_av_social_share  el_before_av_comments_list '><span class='hr-inner ' ><span class='hr-inner-style'><\/span><\/span><\/div>\n<div  class='av-buildercomment  av-blog-meta-html-info-disabled av-blog-meta-tag-disabled  '><\/div>\n","protected":false},"excerpt":{"rendered":"","protected":false},"author":1,"featured_media":46269,"comment_status":"open","ping_status":"open","sticky":false,"template":"","format":"standard","meta":{"footnotes":""},"categories":[38],"tags":[],"class_list":["post-46268","post","type-post","status-publish","format-standard","has-post-thumbnail","hentry","category-regional"],"jetpack_featured_media_url":"https:\/\/radiorevelacionfm.cl\/wp-content\/uploads\/2024\/09\/49porf_optimized-1.jpg","_links":{"self":[{"href":"https:\/\/radiorevelacionfm.cl\/index.php?rest_route=\/wp\/v2\/posts\/46268","targetHints":{"allow":["GET"]}}],"collection":[{"href":"https:\/\/radiorevelacionfm.cl\/index.php?rest_route=\/wp\/v2\/posts"}],"about":[{"href":"https:\/\/radiorevelacionfm.cl\/index.php?rest_route=\/wp\/v2\/types\/post"}],"author":[{"embeddable":true,"href":"https:\/\/radiorevelacionfm.cl\/index.php?rest_route=\/wp\/v2\/users\/1"}],"replies":[{"embeddable":true,"href":"https:\/\/radiorevelacionfm.cl\/index.php?rest_route=%2Fwp%2Fv2%2Fcomments&post=46268"}],"version-history":[{"count":1,"href":"https:\/\/radiorevelacionfm.cl\/index.php?rest_route=\/wp\/v2\/posts\/46268\/revisions"}],"predecessor-version":[{"id":46270,"href":"https:\/\/radiorevelacionfm.cl\/index.php?rest_route=\/wp\/v2\/posts\/46268\/revisions\/46270"}],"wp:featuredmedia":[{"embeddable":true,"href":"https:\/\/radiorevelacionfm.cl\/index.php?rest_route=\/wp\/v2\/media\/46269"}],"wp:attachment":[{"href":"https:\/\/radiorevelacionfm.cl\/index.php?rest_route=%2Fwp%2Fv2%2Fmedia&parent=46268"}],"wp:term":[{"taxonomy":"category","embeddable":true,"href":"https:\/\/radiorevelacionfm.cl\/index.php?rest_route=%2Fwp%2Fv2%2Fcategories&post=46268"},{"taxonomy":"post_tag","embeddable":true,"href":"https:\/\/radiorevelacionfm.cl\/index.php?rest_route=%2Fwp%2Fv2%2Ftags&post=46268"}],"curies":[{"name":"wp","href":"https:\/\/api.w.org\/{rel}","templated":true}]}}