{"id":46261,"date":"2024-09-14T11:21:54","date_gmt":"2024-09-14T14:21:54","guid":{"rendered":"https:\/\/radiorevelacionfm.cl\/?p=46261"},"modified":"2024-09-14T11:21:54","modified_gmt":"2024-09-14T14:21:54","slug":"llaman-a-la-ciudadania-al-autocuidado-para-consumo-de-carnes-en-fiestas-patrias","status":"publish","type":"post","link":"https:\/\/radiorevelacionfm.cl\/?p=46261","title":{"rendered":"Llaman a la ciudadan\u00eda al autocuidado para consumo de carnes en Fiestas Patrias"},"content":{"rendered":"<div class=\"flex_column av_one_full  flex_column_div av-zero-column-padding first  avia-builder-el-0  el_before_av_one_full  avia-builder-el-first  \" style='border-radius:0px; '><div  class='avia-image-container  av-styling-    avia-builder-el-1  avia-builder-el-no-sibling  avia-align-center '  itemprop=\"image\" itemscope=\"itemscope\" itemtype=\"https:\/\/schema.org\/ImageObject\"  ><div class='avia-image-container-inner'><div class='avia-image-overlay-wrap'><img decoding=\"async\" class='wp-image-46262 avia-img-lazy-loading-not-46262 avia_image' src=\"https:\/\/radiorevelacionfm.cl\/wp-content\/uploads\/2024\/09\/foto-fisca-carnes-02-1_optimized.jpeg\" alt='' title='foto-fisca-carnes-02-(1)_optimized' height=\"600\" width=\"800\"  itemprop=\"thumbnailUrl\" srcset=\"https:\/\/radiorevelacionfm.cl\/wp-content\/uploads\/2024\/09\/foto-fisca-carnes-02-1_optimized.jpeg 800w, https:\/\/radiorevelacionfm.cl\/wp-content\/uploads\/2024\/09\/foto-fisca-carnes-02-1_optimized-300x225.jpeg 300w, https:\/\/radiorevelacionfm.cl\/wp-content\/uploads\/2024\/09\/foto-fisca-carnes-02-1_optimized-768x576.jpeg 768w, https:\/\/radiorevelacionfm.cl\/wp-content\/uploads\/2024\/09\/foto-fisca-carnes-02-1_optimized-705x529.jpeg 705w, https:\/\/radiorevelacionfm.cl\/wp-content\/uploads\/2024\/09\/foto-fisca-carnes-02-1_optimized-450x338.jpeg 450w, https:\/\/radiorevelacionfm.cl\/wp-content\/uploads\/2024\/09\/foto-fisca-carnes-02-1_optimized-600x450.jpeg 600w\" sizes=\"(max-width: 800px) 100vw, 800px\" \/><\/div><\/div><\/div><\/div><div class=\"flex_column av_one_full  flex_column_div av-zero-column-padding first  avia-builder-el-2  el_after_av_one_full  el_before_av_one_full  column-top-margin\" style='border-radius:0px; '><section class=\"av_textblock_section \"  itemscope=\"itemscope\" itemtype=\"https:\/\/schema.org\/BlogPosting\" itemprop=\"blogPost\" ><div class='avia_textblock  '   itemprop=\"text\" ><p style=\"text-align: center;\"><strong><span style=\"font-size: 18pt;\">Llaman a la ciudadan\u00eda al autocuidado para consumo de carnes en Fiestas Patrias<\/span><\/strong><\/p>\n<div id=\"gtx-trans\" style=\"position: absolute; left: -50px; top: 4.31534px;\">\n<div class=\"gtx-trans-icon\"><\/div>\n<\/div>\n<\/div><\/section><\/div><div class=\"flex_column av_one_full  flex_column_div av-zero-column-padding first  avia-builder-el-4  el_after_av_one_full  el_before_av_hr  column-top-margin\" style='border-radius:0px; '><section class=\"av_textblock_section \"  itemscope=\"itemscope\" itemtype=\"https:\/\/schema.org\/BlogPosting\" itemprop=\"blogPost\" ><div class='avia_textblock  '   itemprop=\"text\" ><p style=\"text-align: justify;\">En el marco de extender el llamado de autocuidado a la ciudadan\u00eda durante estas fiestas patrias y verificar la correcta trazabilidad de carnes, el seremi de Agricultura, Eugenio Ruiz, junto a su par de Salud, Carmen Monsalve, y fiscalizadores del Servicio Agr\u00edcola y Ganadero (SAG) de Ays\u00e9n, realizaron este jueves una nueva inspecci\u00f3n de carnes bovinas desde el supermercado H\u00edperpatag\u00f3nico de Coyhaique, conforme a lo estipulado en la Ley N\u00ba 19.162 de Carnes.<\/p>\n<p style=\"text-align: justify;\">Esta Ley establece que corresponde al SAG fiscalizar y controlar las actividades reguladas por este cuerpo legal. Para ello, funcionarios del Servicio realizan dichas actividades en el \u00e1mbito nacional y tambi\u00e9n en el internacional, ya que las carnes importadas deben cumplir los mismos requisitos que las nacionales.<\/p>\n<p style=\"text-align: justify;\">El seremi de Agricultura, Eugenio Ruiz, quien indica que SAG realiza este trabajo durante todo el a\u00f1o y ya ha ejecutado m\u00e1s del 50% de la meta anual regional, agreg\u00f3 que \u00aben la regi\u00f3n de Ays\u00e9n se han ejecutado 33 operativos de fiscalizaciones a carnes bovinas desde marzo hasta la fecha. Durante estas fiestas patrias, el llamado es a comprar en lugares establecidos, con el objetivo que las y los consumidores puedan adquirir los productos ofertados con la seguridad que se haya respetado los est\u00e1ndares de inocuidad y su respectiva mantenci\u00f3n de la cadena de fr\u00edo\u00bb.<\/p>\n<p style=\"text-align: justify;\">Asimismo, el servicio del Ministerio de Agricultura, de acuerdo con las jurisdicciones de las oficinas ubicadas en Coyhaique, Ays\u00e9n, Cochrane, Chile Chico y La Junta, realiza actividades de fiscalizaci\u00f3n con el prop\u00f3sito de verificar el cumplimiento de dicha normativa, cuyo universo objetivo involucra establecimientos tales como mataderos, CFA, entidades certificadoras, plantas de desposte, supermercados, carnicer\u00edas, transportes de ganado bovino y transportes de carnes.<\/p>\n<p style=\"text-align: justify;\">Estas fiscalizaciones son complementarias a las realizadas por la Autoridad Sanitaria, quienes velan por la seguridad de los productos a la venta, y efectuar los respectivos sumarios o decomisos en caso de ser necesario.<\/p>\n<p style=\"text-align: justify;\">En este sentido, la seremi de Salud, Carmen Monsalve, agreg\u00f3 que \u00abseguimos reforzando nuestro compromiso para proteger la salud p\u00fablica de nuestra comunidad, particularmente en las fiscalizaciones en torno al reglamento sanitario de los alimentos con el objetivo que todos los productos que lleguen a nuestra mesa sean resguardados y as\u00ed evitemos las enfermedades transmitas a trav\u00e9s de estos\u00bb.<\/p>\n<p style=\"text-align: justify;\">Durante el operativo, las autoridades inspeccionaron las c\u00e1maras de fr\u00edo y la disposici\u00f3n de los cortes de las carnes en vitrina, su etiquetado y la documentaci\u00f3n que acredita la leg\u00edtima procedencia de los productos, entre otras medidas de seguridad y trazabilidad para su correcta comercializaci\u00f3n.<\/p>\n<\/div><\/section><\/div><div  style='height:50px' class='hr hr-invisible   avia-builder-el-6  el_after_av_one_full  el_before_av_social_share '><span class='hr-inner ' ><span class='hr-inner-style'><\/span><\/span><\/div><\/p>\n<div  class='av-social-sharing-box  avia-builder-el-7  el_after_av_hr  el_before_av_hr  '><div class='av-share-box'><h5 class='av-share-link-description av-no-toc '>Compartir esta noticia<\/h5><ul class='av-share-box-list noLightbox'><li class='av-share-link av-social-link-facebook' ><a target=\"_blank\" aria-label=\"Compartir en Facebook\" href='https:\/\/www.facebook.com\/sharer.php?u=https:\/\/radiorevelacionfm.cl\/?p=46261&#038;t=Llaman%20a%20la%20ciudadan%C3%ADa%20al%20autocuidado%20para%20consumo%20de%20carnes%20en%20Fiestas%20Patrias' aria-hidden='false' data-av_icon='\ue8f3' data-av_iconfont='entypo-fontello' title='' data-avia-related-tooltip='Compartir en Facebook' rel=\"noopener\"><span class='avia_hidden_link_text'>Compartir en Facebook<\/span><\/a><\/li><li class='av-share-link av-social-link-twitter' ><a target=\"_blank\" aria-label=\"Compartir en Twitter\" href='https:\/\/twitter.com\/share?text=Llaman%20a%20la%20ciudadan%C3%ADa%20al%20autocuidado%20para%20consumo%20de%20carnes%20en%20Fiestas%20Patrias&#038;url=https:\/\/radiorevelacionfm.cl\/?p=46261' aria-hidden='false' data-av_icon='\ue8f1' data-av_iconfont='entypo-fontello' title='' data-avia-related-tooltip='Compartir en Twitter' rel=\"noopener\"><span class='avia_hidden_link_text'>Compartir en Twitter<\/span><\/a><\/li><li class='av-share-link av-social-link-whatsapp' ><a target=\"_blank\" aria-label=\"Compartir en Whatsapp\" href='https:\/\/api.whatsapp.com\/send?text=https:\/\/radiorevelacionfm.cl\/?p=46261' aria-hidden='false' data-av_icon='\uf232' data-av_iconfont='entypo-fontello' title='' data-avia-related-tooltip='Compartir en Whatsapp' rel=\"noopener\"><span class='avia_hidden_link_text'>Compartir en Whatsapp<\/span><\/a><\/li><li class='av-share-link av-social-link-linkedin' ><a target=\"_blank\" aria-label=\"Compartir en LinkedIn\" href='https:\/\/linkedin.com\/shareArticle?mini=true&#038;title=Llaman%20a%20la%20ciudadan%C3%ADa%20al%20autocuidado%20para%20consumo%20de%20carnes%20en%20Fiestas%20Patrias&#038;url=https:\/\/radiorevelacionfm.cl\/?p=46261' aria-hidden='false' data-av_icon='\ue8fc' data-av_iconfont='entypo-fontello' title='' data-avia-related-tooltip='Compartir en LinkedIn' rel=\"noopener\"><span class='avia_hidden_link_text'>Compartir en LinkedIn<\/span><\/a><\/li><li class='av-share-link av-social-link-mail' ><a  aria-label=\"Compartir por correo\" href='mailto:?subject=Llaman%20a%20la%20ciudadan%C3%ADa%20al%20autocuidado%20para%20consumo%20de%20carnes%20en%20Fiestas%20Patrias&#038;body=https:\/\/radiorevelacionfm.cl\/?p=46261' aria-hidden='false' data-av_icon='\ue805' data-av_iconfont='entypo-fontello' title='' data-avia-related-tooltip='Compartir por correo'><span class='avia_hidden_link_text'>Compartir por correo<\/span><\/a><\/li><\/ul><\/div><\/div>\n<div  style='height:50px' class='hr hr-invisible   avia-builder-el-8  el_after_av_social_share  el_before_av_comments_list '><span class='hr-inner ' ><span class='hr-inner-style'><\/span><\/span><\/div>\n<div  class='av-buildercomment  av-blog-meta-html-info-disabled av-blog-meta-tag-disabled  '><\/div>\n","protected":false},"excerpt":{"rendered":"","protected":false},"author":1,"featured_media":46262,"comment_status":"open","ping_status":"open","sticky":false,"template":"","format":"standard","meta":{"footnotes":""},"categories":[58],"tags":[],"class_list":["post-46261","post","type-post","status-publish","format-standard","has-post-thumbnail","hentry","category-agricultura"],"jetpack_featured_media_url":"https:\/\/radiorevelacionfm.cl\/wp-content\/uploads\/2024\/09\/foto-fisca-carnes-02-1_optimized.jpeg","_links":{"self":[{"href":"https:\/\/radiorevelacionfm.cl\/index.php?rest_route=\/wp\/v2\/posts\/46261","targetHints":{"allow":["GET"]}}],"collection":[{"href":"https:\/\/radiorevelacionfm.cl\/index.php?rest_route=\/wp\/v2\/posts"}],"about":[{"href":"https:\/\/radiorevelacionfm.cl\/index.php?rest_route=\/wp\/v2\/types\/post"}],"author":[{"embeddable":true,"href":"https:\/\/radiorevelacionfm.cl\/index.php?rest_route=\/wp\/v2\/users\/1"}],"replies":[{"embeddable":true,"href":"https:\/\/radiorevelacionfm.cl\/index.php?rest_route=%2Fwp%2Fv2%2Fcomments&post=46261"}],"version-history":[{"count":1,"href":"https:\/\/radiorevelacionfm.cl\/index.php?rest_route=\/wp\/v2\/posts\/46261\/revisions"}],"predecessor-version":[{"id":46263,"href":"https:\/\/radiorevelacionfm.cl\/index.php?rest_route=\/wp\/v2\/posts\/46261\/revisions\/46263"}],"wp:featuredmedia":[{"embeddable":true,"href":"https:\/\/radiorevelacionfm.cl\/index.php?rest_route=\/wp\/v2\/media\/46262"}],"wp:attachment":[{"href":"https:\/\/radiorevelacionfm.cl\/index.php?rest_route=%2Fwp%2Fv2%2Fmedia&parent=46261"}],"wp:term":[{"taxonomy":"category","embeddable":true,"href":"https:\/\/radiorevelacionfm.cl\/index.php?rest_route=%2Fwp%2Fv2%2Fcategories&post=46261"},{"taxonomy":"post_tag","embeddable":true,"href":"https:\/\/radiorevelacionfm.cl\/index.php?rest_route=%2Fwp%2Fv2%2Ftags&post=46261"}],"curies":[{"name":"wp","href":"https:\/\/api.w.org\/{rel}","templated":true}]}}