{"id":4626,"date":"2021-05-28T12:59:10","date_gmt":"2021-05-28T15:59:10","guid":{"rendered":"https:\/\/radiorevelacionfm.cl\/?p=4626"},"modified":"2021-05-28T12:59:10","modified_gmt":"2021-05-28T15:59:10","slug":"funcionarios-judiciales-de-aysen-y-chiloe-comparten-experiencia-sobre-aplicacion-de-ley-de-entrevista-videograbada-en-juicios-orales","status":"publish","type":"post","link":"https:\/\/radiorevelacionfm.cl\/?p=4626","title":{"rendered":"Funcionarios Judiciales de Ays\u00e9n y Chilo\u00e9 comparten experiencia sobre aplicaci\u00f3n de Ley de entrevista videograbada en juicios orales"},"content":{"rendered":"<div class=\"flex_column av_one_full  flex_column_div av-zero-column-padding first  avia-builder-el-0  el_before_av_one_full  avia-builder-el-first  \" style='border-radius:0px; '><div  class='avia-image-container  av-styling-    avia-builder-el-1  avia-builder-el-no-sibling  avia-align-center '  itemprop=\"image\" itemscope=\"itemscope\" itemtype=\"https:\/\/schema.org\/ImageObject\"  ><div class='avia-image-container-inner'><div class='avia-image-overlay-wrap'><img decoding=\"async\" class='wp-image-0 avia-img-lazy-loading-not-0 avia_image' src=\"https:\/\/radiorevelacionfm.cl\/wp-content\/uploads\/2021\/05\/foto-1-capacitacion-1-1_optimized.png\" alt='' title=''   itemprop=\"thumbnailUrl\"  \/><\/div><\/div><\/div><\/div><div class=\"flex_column av_one_full  flex_column_div av-zero-column-padding first  avia-builder-el-2  el_after_av_one_full  el_before_av_one_full  column-top-margin\" style='border-radius:0px; '><section class=\"av_textblock_section \"  itemscope=\"itemscope\" itemtype=\"https:\/\/schema.org\/BlogPosting\" itemprop=\"blogPost\" ><div class='avia_textblock  '   itemprop=\"text\" ><p style=\"text-align: center;\"><span style=\"font-size: 18pt;\"><strong>Funcionarios Judiciales de Ays\u00e9n y Chilo\u00e9 comparten experiencia sobre aplicaci\u00f3n de Ley de entrevista videograbada en juicios orales<\/strong><\/span><\/p>\n<div id=\"gtx-trans\" style=\"position: absolute; left: -50px; top: 4.31534px;\">\n<div class=\"gtx-trans-icon\"><\/div>\n<\/div>\n<\/div><\/section><\/div><div class=\"flex_column av_one_full  flex_column_div av-zero-column-padding first  avia-builder-el-4  el_after_av_one_full  el_before_av_hr  column-top-margin\" style='border-radius:0px; '><section class=\"av_textblock_section \"  itemscope=\"itemscope\" itemtype=\"https:\/\/schema.org\/BlogPosting\" itemprop=\"blogPost\" ><div class='avia_textblock  '   itemprop=\"text\" ><p style=\"font-weight: 400; text-align: justify;\">Diversas capacitaciones se est\u00e1n desarrollando en los tribunales donde se iniciar\u00e1 la segunda y tercera etapa de la implementaci\u00f3n de la Ley de Entrevistas videograbadas a ni\u00f1os, ni\u00f1as y adolescentes. Ley que en la regi\u00f3n de Ays\u00e9n inici\u00f3 su implementaci\u00f3n en octubre de 2019 y que,\u00a0 tras la experiencia adquirida, funcionarios y juez del Tribunal Oral en lo Penal de Coyhaique compartieron con sus colegas del Juzgado mixto de Quell\u00f3n.<\/p>\n<p style=\"font-weight: 400; text-align: justify;\">Sobre esta ley que busca evitar la victimizaci\u00f3n secundaria de ni\u00f1os, ni\u00f1as y adolescentes, la magistrada del Tribunal Oral en lo Penal de Coyhaique, Rosal\u00eda Mansilla Quiroz, explic\u00f3 lo realizado. \u201cDesarrollamos una reuni\u00f3n con el Juzgado de Letras, Garant\u00eda y Familia de Quell\u00f3n, oportunidad en que se comparti\u00f3 la experiencia que ha tenido nuestro tribunal en la aplicaci\u00f3n de la Ley 21.057 sobre entrevistas\u00a0 videograbadas de ni\u00f1os, ni\u00f1as y adolescentes. Esta instancia surge a partir de la coordinaci\u00f3n de los administradores de ambos tribunales dada la entrada en vigencia de esta normativa en la jurisdicci\u00f3n de Quell\u00f3n y que requiere de toda la colaboraci\u00f3n posible\u201d.<\/p>\n<p style=\"font-weight: 400; text-align: justify;\">Agreg\u00f3 que: \u201cEn esta instancia los funcionarios de nuestro tribunal tanto de la unidad de testigos como del \u00e1rea de inform\u00e1tica y esta juez, expusimos las particularidades la realizaci\u00f3n de este trabajo conforme a esta nueva normativa aplicada cada vez que comparecen a declarar un ni\u00f1o, ni\u00f1a o adolescente en un juicio\u201d.<\/p>\n<p style=\"font-weight: 400; text-align: justify;\">Esta nueva normativa que comenz\u00f3 con su implementaci\u00f3n hace dos a\u00f1os en Ays\u00e9n junto con otras jurisdicciones del pa\u00eds, iniciar\u00e1 su pr\u00f3xima puesta en marcha en junio de este a\u00f1o en las jurisdicciones de Atacama, Coquimbo, \u00d1uble, Biob\u00edo, La Araucan\u00eda y Los R\u00edos. Quedando para el 2022 las zonas de Valpara\u00edso, O\u2019Higgins, Los Lagos y Metropolitana.<\/p>\n<\/div><\/section><\/div><div  style='height:50px' class='hr hr-invisible   avia-builder-el-6  el_after_av_one_full  el_before_av_social_share '><span class='hr-inner ' ><span class='hr-inner-style'><\/span><\/span><\/div><\/p>\n<div  class='av-social-sharing-box  avia-builder-el-7  el_after_av_hr  el_before_av_hr  '><div class='av-share-box'><h5 class='av-share-link-description av-no-toc '>Compartir esta noticia<\/h5><ul class='av-share-box-list noLightbox'><li class='av-share-link av-social-link-facebook' ><a target=\"_blank\" aria-label=\"Compartir en Facebook\" href='https:\/\/www.facebook.com\/sharer.php?u=https:\/\/radiorevelacionfm.cl\/?p=4626&#038;t=Funcionarios%20Judiciales%20de%20Ays%C3%A9n%20y%20Chilo%C3%A9%20comparten%20experiencia%20sobre%20aplicaci%C3%B3n%20de%20Ley%20de%20entrevista%20videograbada%20en%20juicios%20orales' aria-hidden='false' data-av_icon='\ue8f3' data-av_iconfont='entypo-fontello' title='' data-avia-related-tooltip='Compartir en Facebook' rel=\"noopener\"><span class='avia_hidden_link_text'>Compartir en Facebook<\/span><\/a><\/li><li class='av-share-link av-social-link-twitter' ><a target=\"_blank\" aria-label=\"Compartir en Twitter\" href='https:\/\/twitter.com\/share?text=Funcionarios%20Judiciales%20de%20Ays%C3%A9n%20y%20Chilo%C3%A9%20comparten%20experiencia%20sobre%20aplicaci%C3%B3n%20de%20Ley%20de%20entrevista%20videograbada%20en%20juicios%20orales&#038;url=https:\/\/radiorevelacionfm.cl\/?p=4626' aria-hidden='false' data-av_icon='\ue8f1' data-av_iconfont='entypo-fontello' title='' data-avia-related-tooltip='Compartir en Twitter' rel=\"noopener\"><span class='avia_hidden_link_text'>Compartir en Twitter<\/span><\/a><\/li><li class='av-share-link av-social-link-whatsapp' ><a target=\"_blank\" aria-label=\"Compartir en Whatsapp\" href='https:\/\/api.whatsapp.com\/send?text=https:\/\/radiorevelacionfm.cl\/?p=4626' aria-hidden='false' data-av_icon='\uf232' data-av_iconfont='entypo-fontello' title='' data-avia-related-tooltip='Compartir en Whatsapp' rel=\"noopener\"><span class='avia_hidden_link_text'>Compartir en Whatsapp<\/span><\/a><\/li><li class='av-share-link av-social-link-linkedin' ><a target=\"_blank\" aria-label=\"Compartir en LinkedIn\" href='https:\/\/linkedin.com\/shareArticle?mini=true&#038;title=Funcionarios%20Judiciales%20de%20Ays%C3%A9n%20y%20Chilo%C3%A9%20comparten%20experiencia%20sobre%20aplicaci%C3%B3n%20de%20Ley%20de%20entrevista%20videograbada%20en%20juicios%20orales&#038;url=https:\/\/radiorevelacionfm.cl\/?p=4626' aria-hidden='false' data-av_icon='\ue8fc' data-av_iconfont='entypo-fontello' title='' data-avia-related-tooltip='Compartir en LinkedIn' rel=\"noopener\"><span class='avia_hidden_link_text'>Compartir en LinkedIn<\/span><\/a><\/li><li class='av-share-link av-social-link-mail' ><a  aria-label=\"Compartir por correo\" href='mailto:?subject=Funcionarios%20Judiciales%20de%20Ays%C3%A9n%20y%20Chilo%C3%A9%20comparten%20experiencia%20sobre%20aplicaci%C3%B3n%20de%20Ley%20de%20entrevista%20videograbada%20en%20juicios%20orales&#038;body=https:\/\/radiorevelacionfm.cl\/?p=4626' aria-hidden='false' data-av_icon='\ue805' data-av_iconfont='entypo-fontello' title='' data-avia-related-tooltip='Compartir por correo'><span class='avia_hidden_link_text'>Compartir por correo<\/span><\/a><\/li><\/ul><\/div><\/div>\n<div  style='height:50px' class='hr hr-invisible   avia-builder-el-8  el_after_av_social_share  el_before_av_comments_list '><span class='hr-inner ' ><span class='hr-inner-style'><\/span><\/span><\/div>\n<div  class='av-buildercomment  av-blog-meta-html-info-disabled av-blog-meta-tag-disabled  '><\/div>\n","protected":false},"excerpt":{"rendered":"","protected":false},"author":1,"featured_media":0,"comment_status":"open","ping_status":"open","sticky":false,"template":"","format":"standard","meta":{"footnotes":""},"categories":[55],"tags":[],"class_list":["post-4626","post","type-post","status-publish","format-standard","hentry","category-justicia"],"jetpack_featured_media_url":"","_links":{"self":[{"href":"https:\/\/radiorevelacionfm.cl\/index.php?rest_route=\/wp\/v2\/posts\/4626","targetHints":{"allow":["GET"]}}],"collection":[{"href":"https:\/\/radiorevelacionfm.cl\/index.php?rest_route=\/wp\/v2\/posts"}],"about":[{"href":"https:\/\/radiorevelacionfm.cl\/index.php?rest_route=\/wp\/v2\/types\/post"}],"author":[{"embeddable":true,"href":"https:\/\/radiorevelacionfm.cl\/index.php?rest_route=\/wp\/v2\/users\/1"}],"replies":[{"embeddable":true,"href":"https:\/\/radiorevelacionfm.cl\/index.php?rest_route=%2Fwp%2Fv2%2Fcomments&post=4626"}],"version-history":[{"count":1,"href":"https:\/\/radiorevelacionfm.cl\/index.php?rest_route=\/wp\/v2\/posts\/4626\/revisions"}],"predecessor-version":[{"id":4628,"href":"https:\/\/radiorevelacionfm.cl\/index.php?rest_route=\/wp\/v2\/posts\/4626\/revisions\/4628"}],"wp:attachment":[{"href":"https:\/\/radiorevelacionfm.cl\/index.php?rest_route=%2Fwp%2Fv2%2Fmedia&parent=4626"}],"wp:term":[{"taxonomy":"category","embeddable":true,"href":"https:\/\/radiorevelacionfm.cl\/index.php?rest_route=%2Fwp%2Fv2%2Fcategories&post=4626"},{"taxonomy":"post_tag","embeddable":true,"href":"https:\/\/radiorevelacionfm.cl\/index.php?rest_route=%2Fwp%2Fv2%2Ftags&post=4626"}],"curies":[{"name":"wp","href":"https:\/\/api.w.org\/{rel}","templated":true}]}}