{"id":46258,"date":"2024-09-13T20:05:53","date_gmt":"2024-09-13T23:05:53","guid":{"rendered":"https:\/\/radiorevelacionfm.cl\/?p=46258"},"modified":"2024-09-13T20:05:53","modified_gmt":"2024-09-13T23:05:53","slug":"vecinos-del-camino-viejo-en-aysen-llaman-a-no-cerrar-acceso-a-la-rotonda","status":"publish","type":"post","link":"https:\/\/radiorevelacionfm.cl\/?p=46258","title":{"rendered":"Vecinos del \u201cCamino Viejo\u201d en Ays\u00e9n llaman a no cerrar acceso a la rotonda"},"content":{"rendered":"<div class=\"flex_column av_one_full  flex_column_div av-zero-column-padding first  avia-builder-el-0  el_before_av_one_full  avia-builder-el-first  \" style='border-radius:0px; '><div  class='avia-image-container  av-styling-    avia-builder-el-1  avia-builder-el-no-sibling  avia-align-center '  itemprop=\"image\" itemscope=\"itemscope\" itemtype=\"https:\/\/schema.org\/ImageObject\"  ><div class='avia-image-container-inner'><div class='avia-image-overlay-wrap'><img decoding=\"async\" class='wp-image-46259 avia-img-lazy-loading-not-46259 avia_image' src=\"https:\/\/radiorevelacionfm.cl\/wp-content\/uploads\/2024\/09\/camino-viejo-rotonda-2-1_optimized.jpg\" alt='' title='camino-viejo-rotonda-2-(1)_optimized' height=\"600\" width=\"800\"  itemprop=\"thumbnailUrl\" srcset=\"https:\/\/radiorevelacionfm.cl\/wp-content\/uploads\/2024\/09\/camino-viejo-rotonda-2-1_optimized.jpg 800w, https:\/\/radiorevelacionfm.cl\/wp-content\/uploads\/2024\/09\/camino-viejo-rotonda-2-1_optimized-300x225.jpg 300w, https:\/\/radiorevelacionfm.cl\/wp-content\/uploads\/2024\/09\/camino-viejo-rotonda-2-1_optimized-768x576.jpg 768w, https:\/\/radiorevelacionfm.cl\/wp-content\/uploads\/2024\/09\/camino-viejo-rotonda-2-1_optimized-705x529.jpg 705w, https:\/\/radiorevelacionfm.cl\/wp-content\/uploads\/2024\/09\/camino-viejo-rotonda-2-1_optimized-450x338.jpg 450w, https:\/\/radiorevelacionfm.cl\/wp-content\/uploads\/2024\/09\/camino-viejo-rotonda-2-1_optimized-600x450.jpg 600w\" sizes=\"(max-width: 800px) 100vw, 800px\" \/><\/div><\/div><\/div><\/div><div class=\"flex_column av_one_full  flex_column_div av-zero-column-padding first  avia-builder-el-2  el_after_av_one_full  el_before_av_one_full  column-top-margin\" style='border-radius:0px; '><section class=\"av_textblock_section \"  itemscope=\"itemscope\" itemtype=\"https:\/\/schema.org\/BlogPosting\" itemprop=\"blogPost\" ><div class='avia_textblock  '   itemprop=\"text\" ><p style=\"text-align: center;\"><strong><span style=\"font-size: 18pt;\">Vecinos del \u201cCamino Viejo\u201d en Ays\u00e9n llaman a no cerrar acceso a la rotonda<\/span><\/strong><\/p>\n<div id=\"gtx-trans\" style=\"position: absolute; left: -50px; top: 4.31534px;\">\n<div class=\"gtx-trans-icon\"><\/div>\n<\/div>\n<\/div><\/section><\/div><div class=\"flex_column av_one_full  flex_column_div av-zero-column-padding first  avia-builder-el-4  el_after_av_one_full  el_before_av_hr  column-top-margin\" style='border-radius:0px; '><section class=\"av_textblock_section \"  itemscope=\"itemscope\" itemtype=\"https:\/\/schema.org\/BlogPosting\" itemprop=\"blogPost\" ><div class='avia_textblock  '   itemprop=\"text\" ><p style=\"text-align: justify;\"><em>En la actualidad se realizan trabajos en el sector y de hacerse efectiva la medida los vecinos no descartan iniciar movilizaciones. Alcalde hace gestiones con autoridades del MOP y se compromete reuni\u00f3n para analizar alternativas.<\/em><\/p>\n<p style=\"text-align: justify;\">La tarde de este viernes, Gladys Mar\u00edn, presidenta de la junta de vecinos del sector Camino Viejo (Teniente Merino) en Puerto Ays\u00e9n y ante la preocupaci\u00f3n de quienes viven en el lugar, solicit\u00f3 al alcalde Julio Uribe, el apoyo para plantear a las autoridades regionales la negativa a que se cierre el acceso a la rotonda norte.<\/p>\n<p style=\"text-align: justify;\">Esto habr\u00eda sido informado a trav\u00e9s de correo electr\u00f3nico por parte de la empresa que ejecuta las obras de mejoramiento de la rotonda a la dirigenta vecinal. La molestia es que esta determinaci\u00f3n habr\u00eda sido adoptada sin consultar a quienes viven en el sector.<\/p>\n<p style=\"text-align: justify;\">\u201cMe llega un correo donde dicen que van a cerrar el acceso a la rotonda y que vamos a quedar sin acceso a nuestro sector. Entonces, yo lo encuentro totalmente injusto tanto para nosotros como para la comunidad, este es un camino de acceso a nuestra comunidad, por aqu\u00ed pasan cuando cortan el puente, este es camino alternativo, el primer camino que uni\u00f3 Ays\u00e9n \u2013 Coyhaique. Los vecinos est\u00e1n muy molestos (con el posible cierre del camino), y van a tomar serias medidas si eso ocurre, es algo absurdo\u201d, manifest\u00f3 la presidenta de la junta de vecinos, Gladys Mar\u00edn.<\/p>\n<p style=\"text-align: justify;\">La dirigenta solicit\u00f3 la presencia en el lugar del alcalde, Julio Uribe, para que en conjunto realicen las gestiones ante las autoridades pertinentes, que eviten el cierre del acceso a la rotonda norte por el sector del Camino Viejo.<\/p>\n<p style=\"text-align: justify;\">\u201cAnte el requerimiento de nuestra dirigenta del sector, hemos hablado con el delegado presidencial, con la Seremi del MOP y el director de Vialidad y los tres coinciden en que tenemos que darles una soluci\u00f3n a los vecinos. As\u00ed es que, vamos a esperar el d\u00eda lunes, para ver qu\u00e9 soluciones nos van a entregar, para el ingreso o que no quede cerrada la alternativa del Camino Viejo, como acceso a Puerto Ays\u00e9n. Tenemos vecinos que son transportistas que ocupan este camino y que nunca ha ocurrido un accidente, porque aqu\u00ed hay buena visibilidad, una buena entrada y se ingresa a una rotonda. Esperamos que nuestras autoridades del MOP puedan buscar las soluciones m\u00e1s adecuadas\u201d, indic\u00f3 el Alcalde.<\/p>\n<p style=\"text-align: justify;\">Para este lunes 16 de septiembre se espera la respuesta de las autoridades del Ministerio de Obras P\u00fablicas, a lo planteado por la dirigenta del sector Camino Viejo y el Alcalde de Ays\u00e9n.<\/p>\n<\/div><\/section><\/div><div  style='height:50px' class='hr hr-invisible   avia-builder-el-6  el_after_av_one_full  el_before_av_social_share '><span class='hr-inner ' ><span class='hr-inner-style'><\/span><\/span><\/div><\/p>\n<div  class='av-social-sharing-box  avia-builder-el-7  el_after_av_hr  el_before_av_hr  '><div class='av-share-box'><h5 class='av-share-link-description av-no-toc '>Compartir esta noticia<\/h5><ul class='av-share-box-list noLightbox'><li class='av-share-link av-social-link-facebook' ><a target=\"_blank\" aria-label=\"Compartir en Facebook\" href='https:\/\/www.facebook.com\/sharer.php?u=https:\/\/radiorevelacionfm.cl\/?p=46258&#038;t=Vecinos%20del%20%E2%80%9CCamino%20Viejo%E2%80%9D%20en%20Ays%C3%A9n%20llaman%20a%20no%20cerrar%20acceso%20a%20la%20rotonda' aria-hidden='false' data-av_icon='\ue8f3' data-av_iconfont='entypo-fontello' title='' data-avia-related-tooltip='Compartir en Facebook' rel=\"noopener\"><span class='avia_hidden_link_text'>Compartir en Facebook<\/span><\/a><\/li><li class='av-share-link av-social-link-twitter' ><a target=\"_blank\" aria-label=\"Compartir en Twitter\" href='https:\/\/twitter.com\/share?text=Vecinos%20del%20%E2%80%9CCamino%20Viejo%E2%80%9D%20en%20Ays%C3%A9n%20llaman%20a%20no%20cerrar%20acceso%20a%20la%20rotonda&#038;url=https:\/\/radiorevelacionfm.cl\/?p=46258' aria-hidden='false' data-av_icon='\ue8f1' data-av_iconfont='entypo-fontello' title='' data-avia-related-tooltip='Compartir en Twitter' rel=\"noopener\"><span class='avia_hidden_link_text'>Compartir en Twitter<\/span><\/a><\/li><li class='av-share-link av-social-link-whatsapp' ><a target=\"_blank\" aria-label=\"Compartir en Whatsapp\" href='https:\/\/api.whatsapp.com\/send?text=https:\/\/radiorevelacionfm.cl\/?p=46258' aria-hidden='false' data-av_icon='\uf232' data-av_iconfont='entypo-fontello' title='' data-avia-related-tooltip='Compartir en Whatsapp' rel=\"noopener\"><span class='avia_hidden_link_text'>Compartir en Whatsapp<\/span><\/a><\/li><li class='av-share-link av-social-link-linkedin' ><a target=\"_blank\" aria-label=\"Compartir en LinkedIn\" href='https:\/\/linkedin.com\/shareArticle?mini=true&#038;title=Vecinos%20del%20%E2%80%9CCamino%20Viejo%E2%80%9D%20en%20Ays%C3%A9n%20llaman%20a%20no%20cerrar%20acceso%20a%20la%20rotonda&#038;url=https:\/\/radiorevelacionfm.cl\/?p=46258' aria-hidden='false' data-av_icon='\ue8fc' data-av_iconfont='entypo-fontello' title='' data-avia-related-tooltip='Compartir en LinkedIn' rel=\"noopener\"><span class='avia_hidden_link_text'>Compartir en LinkedIn<\/span><\/a><\/li><li class='av-share-link av-social-link-mail' ><a  aria-label=\"Compartir por correo\" href='mailto:?subject=Vecinos%20del%20%E2%80%9CCamino%20Viejo%E2%80%9D%20en%20Ays%C3%A9n%20llaman%20a%20no%20cerrar%20acceso%20a%20la%20rotonda&#038;body=https:\/\/radiorevelacionfm.cl\/?p=46258' aria-hidden='false' data-av_icon='\ue805' data-av_iconfont='entypo-fontello' title='' data-avia-related-tooltip='Compartir por correo'><span class='avia_hidden_link_text'>Compartir por correo<\/span><\/a><\/li><\/ul><\/div><\/div>\n<div  style='height:50px' class='hr hr-invisible   avia-builder-el-8  el_after_av_social_share  el_before_av_comments_list '><span class='hr-inner ' ><span class='hr-inner-style'><\/span><\/span><\/div>\n<div  class='av-buildercomment  av-blog-meta-html-info-disabled av-blog-meta-tag-disabled  '><\/div>\n","protected":false},"excerpt":{"rendered":"","protected":false},"author":1,"featured_media":46259,"comment_status":"open","ping_status":"open","sticky":false,"template":"","format":"standard","meta":{"footnotes":""},"categories":[38],"tags":[],"class_list":["post-46258","post","type-post","status-publish","format-standard","has-post-thumbnail","hentry","category-regional"],"jetpack_featured_media_url":"https:\/\/radiorevelacionfm.cl\/wp-content\/uploads\/2024\/09\/camino-viejo-rotonda-2-1_optimized.jpg","_links":{"self":[{"href":"https:\/\/radiorevelacionfm.cl\/index.php?rest_route=\/wp\/v2\/posts\/46258","targetHints":{"allow":["GET"]}}],"collection":[{"href":"https:\/\/radiorevelacionfm.cl\/index.php?rest_route=\/wp\/v2\/posts"}],"about":[{"href":"https:\/\/radiorevelacionfm.cl\/index.php?rest_route=\/wp\/v2\/types\/post"}],"author":[{"embeddable":true,"href":"https:\/\/radiorevelacionfm.cl\/index.php?rest_route=\/wp\/v2\/users\/1"}],"replies":[{"embeddable":true,"href":"https:\/\/radiorevelacionfm.cl\/index.php?rest_route=%2Fwp%2Fv2%2Fcomments&post=46258"}],"version-history":[{"count":1,"href":"https:\/\/radiorevelacionfm.cl\/index.php?rest_route=\/wp\/v2\/posts\/46258\/revisions"}],"predecessor-version":[{"id":46260,"href":"https:\/\/radiorevelacionfm.cl\/index.php?rest_route=\/wp\/v2\/posts\/46258\/revisions\/46260"}],"wp:featuredmedia":[{"embeddable":true,"href":"https:\/\/radiorevelacionfm.cl\/index.php?rest_route=\/wp\/v2\/media\/46259"}],"wp:attachment":[{"href":"https:\/\/radiorevelacionfm.cl\/index.php?rest_route=%2Fwp%2Fv2%2Fmedia&parent=46258"}],"wp:term":[{"taxonomy":"category","embeddable":true,"href":"https:\/\/radiorevelacionfm.cl\/index.php?rest_route=%2Fwp%2Fv2%2Fcategories&post=46258"},{"taxonomy":"post_tag","embeddable":true,"href":"https:\/\/radiorevelacionfm.cl\/index.php?rest_route=%2Fwp%2Fv2%2Ftags&post=46258"}],"curies":[{"name":"wp","href":"https:\/\/api.w.org\/{rel}","templated":true}]}}