{"id":46255,"date":"2024-09-14T11:05:36","date_gmt":"2024-09-14T14:05:36","guid":{"rendered":"https:\/\/radiorevelacionfm.cl\/?p=46255"},"modified":"2024-09-14T11:05:36","modified_gmt":"2024-09-14T14:05:36","slug":"aumentaran-camaras-de-televigilancia-en-la-ciudad-de-coyhaique","status":"publish","type":"post","link":"https:\/\/radiorevelacionfm.cl\/?p=46255","title":{"rendered":"Aumentar\u00e1n c\u00e1maras de televigilancia en la ciudad de Coyhaique"},"content":{"rendered":"<div class=\"flex_column av_one_full  flex_column_div av-zero-column-padding first  avia-builder-el-0  el_before_av_one_full  avia-builder-el-first  \" style='border-radius:0px; '><div  class='avia-image-container  av-styling-    avia-builder-el-1  avia-builder-el-no-sibling  avia-align-center '  itemprop=\"image\" itemscope=\"itemscope\" itemtype=\"https:\/\/schema.org\/ImageObject\"  ><div class='avia-image-container-inner'><div class='avia-image-overlay-wrap'><img decoding=\"async\" class='wp-image-46256 avia-img-lazy-loading-not-46256 avia_image' src=\"https:\/\/radiorevelacionfm.cl\/wp-content\/uploads\/2024\/09\/CentralTelevigilancia-1-1.jpg\" alt='' title='CentralTelevigilancia (1) (1)' height=\"600\" width=\"799\"  itemprop=\"thumbnailUrl\" srcset=\"https:\/\/radiorevelacionfm.cl\/wp-content\/uploads\/2024\/09\/CentralTelevigilancia-1-1.jpg 799w, https:\/\/radiorevelacionfm.cl\/wp-content\/uploads\/2024\/09\/CentralTelevigilancia-1-1-300x225.jpg 300w, https:\/\/radiorevelacionfm.cl\/wp-content\/uploads\/2024\/09\/CentralTelevigilancia-1-1-768x577.jpg 768w, https:\/\/radiorevelacionfm.cl\/wp-content\/uploads\/2024\/09\/CentralTelevigilancia-1-1-705x529.jpg 705w, https:\/\/radiorevelacionfm.cl\/wp-content\/uploads\/2024\/09\/CentralTelevigilancia-1-1-450x338.jpg 450w, https:\/\/radiorevelacionfm.cl\/wp-content\/uploads\/2024\/09\/CentralTelevigilancia-1-1-600x451.jpg 600w\" sizes=\"(max-width: 799px) 100vw, 799px\" \/><\/div><\/div><\/div><\/div><div class=\"flex_column av_one_full  flex_column_div av-zero-column-padding first  avia-builder-el-2  el_after_av_one_full  el_before_av_one_full  column-top-margin\" style='border-radius:0px; '><section class=\"av_textblock_section \"  itemscope=\"itemscope\" itemtype=\"https:\/\/schema.org\/BlogPosting\" itemprop=\"blogPost\" ><div class='avia_textblock  '   itemprop=\"text\" ><p style=\"text-align: center;\"><strong><span style=\"font-size: 18pt;\">Aumentar\u00e1n c\u00e1maras de televigilancia en la ciudad de Coyhaique<\/span><\/strong><\/p>\n<div id=\"gtx-trans\" style=\"position: absolute; left: -50px; top: 4.31534px;\">\n<div class=\"gtx-trans-icon\"><\/div>\n<\/div>\n<\/div><\/section><\/div><div class=\"flex_column av_one_full  flex_column_div av-zero-column-padding first  avia-builder-el-4  el_after_av_one_full  el_before_av_hr  column-top-margin\" style='border-radius:0px; '><section class=\"av_textblock_section \"  itemscope=\"itemscope\" itemtype=\"https:\/\/schema.org\/BlogPosting\" itemprop=\"blogPost\" ><div class='avia_textblock  '   itemprop=\"text\" ><p style=\"text-align: justify;\"><em>El alcalde Gatica dio a conocer la noticia tras la asignaci\u00f3n de los recursos por parte de la Subsecretaria de Desarrollo Regional (SUBDERE).<\/em><\/p>\n<p style=\"text-align: justify;\">Con el objetivo de continuar fortaleciendo las acciones de seguridad en la capital regional y la labor que est\u00e1 realizando la unidad de Seguridad P\u00fablica Municipal, el alcalde de Coyhaique, Carlos Gatica, anunci\u00f3 que se asignaron los recursos que ascienden a m\u00e1s de $64 millones de pesos, que permitir\u00e1n dotar de m\u00e1s c\u00e1maras de televigilancia diversos puntos de la ciudad e incorporar 2 antenas m\u00e1s.<\/p>\n<p style=\"text-align: justify;\">Sobre la adjudicaci\u00f3n otorgada a trav\u00e9s del Programa de Mejoramiento Urbano de la Subsecretar\u00eda de Desarrollo Regional, el alcalde de Coyhaique, Carlos Gatica Villegas coment\u00f3 que \u201cestamos contentos y agradecidos de la SUBDERE por la adjudicaci\u00f3n de estos fondos que son en total $64.732.862 y nos permitir\u00e1n incorporar 6 c\u00e1maras m\u00e1s de televigilancia y tambi\u00e9n dos puntos de antenas en nuestra comuna, equipos que cuentan con alta tecnolog\u00eda para estos fines, y que se sumar\u00e1n a las que ya tenemos en nuestra ciudad, estas son acciones que concretamente apuntan a la prevenci\u00f3n y tambi\u00e9n a la persecuci\u00f3n de los mismos delitos, mejorando los tiempos de respuesta de nuestra unidad de Seguridad Ciudadana Municipal y Carabineros mediante el trabajo de coordinaci\u00f3n que se realiza a diario\u201d.<\/p>\n<p style=\"text-align: justify;\">\u201cCabe destacar, que la ubicaci\u00f3n de estas nuevas c\u00e1maras ya est\u00e1 definida, y estar\u00edan en las intersecciones de Magallanes &#8211; Jos\u00e9 Miguel Carrera; Av. Baquedano &#8211; Victoria; Francisco Bilbao &#8211; Dr. Alejandro Guti\u00e9rrez; Av. Divisadero &#8211; Oscar del R\u00edo; Cerro La Paloma &#8211; Cap. Manuel Fuenzalida y Los Coig\u00fces &#8211; Las Lengas. Atendiendo tambi\u00e9n a puntos estrat\u00e9gicos de flujo en nuestra ciudad y tambi\u00e9n a dar respuesta a la preocupaci\u00f3n de nuestros vecinos y vecinas en esta materia\u201d, concluy\u00f3 el alcalde Gatica.<\/p>\n<\/div><\/section><\/div><div  style='height:50px' class='hr hr-invisible   avia-builder-el-6  el_after_av_one_full  el_before_av_social_share '><span class='hr-inner ' ><span class='hr-inner-style'><\/span><\/span><\/div><\/p>\n<div  class='av-social-sharing-box  avia-builder-el-7  el_after_av_hr  el_before_av_hr  '><div class='av-share-box'><h5 class='av-share-link-description av-no-toc '>Compartir esta noticia<\/h5><ul class='av-share-box-list noLightbox'><li class='av-share-link av-social-link-facebook' ><a target=\"_blank\" aria-label=\"Compartir en Facebook\" href='https:\/\/www.facebook.com\/sharer.php?u=https:\/\/radiorevelacionfm.cl\/?p=46255&#038;t=Aumentar%C3%A1n%20c%C3%A1maras%20de%20televigilancia%20en%20la%20ciudad%20de%20Coyhaique' aria-hidden='false' data-av_icon='\ue8f3' data-av_iconfont='entypo-fontello' title='' data-avia-related-tooltip='Compartir en Facebook' rel=\"noopener\"><span class='avia_hidden_link_text'>Compartir en Facebook<\/span><\/a><\/li><li class='av-share-link av-social-link-twitter' ><a target=\"_blank\" aria-label=\"Compartir en Twitter\" href='https:\/\/twitter.com\/share?text=Aumentar%C3%A1n%20c%C3%A1maras%20de%20televigilancia%20en%20la%20ciudad%20de%20Coyhaique&#038;url=https:\/\/radiorevelacionfm.cl\/?p=46255' aria-hidden='false' data-av_icon='\ue8f1' data-av_iconfont='entypo-fontello' title='' data-avia-related-tooltip='Compartir en Twitter' rel=\"noopener\"><span class='avia_hidden_link_text'>Compartir en Twitter<\/span><\/a><\/li><li class='av-share-link av-social-link-whatsapp' ><a target=\"_blank\" aria-label=\"Compartir en Whatsapp\" href='https:\/\/api.whatsapp.com\/send?text=https:\/\/radiorevelacionfm.cl\/?p=46255' aria-hidden='false' data-av_icon='\uf232' data-av_iconfont='entypo-fontello' title='' data-avia-related-tooltip='Compartir en Whatsapp' rel=\"noopener\"><span class='avia_hidden_link_text'>Compartir en Whatsapp<\/span><\/a><\/li><li class='av-share-link av-social-link-linkedin' ><a target=\"_blank\" aria-label=\"Compartir en LinkedIn\" href='https:\/\/linkedin.com\/shareArticle?mini=true&#038;title=Aumentar%C3%A1n%20c%C3%A1maras%20de%20televigilancia%20en%20la%20ciudad%20de%20Coyhaique&#038;url=https:\/\/radiorevelacionfm.cl\/?p=46255' aria-hidden='false' data-av_icon='\ue8fc' data-av_iconfont='entypo-fontello' title='' data-avia-related-tooltip='Compartir en LinkedIn' rel=\"noopener\"><span class='avia_hidden_link_text'>Compartir en LinkedIn<\/span><\/a><\/li><li class='av-share-link av-social-link-mail' ><a  aria-label=\"Compartir por correo\" href='mailto:?subject=Aumentar%C3%A1n%20c%C3%A1maras%20de%20televigilancia%20en%20la%20ciudad%20de%20Coyhaique&#038;body=https:\/\/radiorevelacionfm.cl\/?p=46255' aria-hidden='false' data-av_icon='\ue805' data-av_iconfont='entypo-fontello' title='' data-avia-related-tooltip='Compartir por correo'><span class='avia_hidden_link_text'>Compartir por correo<\/span><\/a><\/li><\/ul><\/div><\/div>\n<div  style='height:50px' class='hr hr-invisible   avia-builder-el-8  el_after_av_social_share  el_before_av_comments_list '><span class='hr-inner ' ><span class='hr-inner-style'><\/span><\/span><\/div>\n<div  class='av-buildercomment  av-blog-meta-html-info-disabled av-blog-meta-tag-disabled  '><\/div>\n","protected":false},"excerpt":{"rendered":"","protected":false},"author":1,"featured_media":46256,"comment_status":"open","ping_status":"open","sticky":false,"template":"","format":"standard","meta":{"footnotes":""},"categories":[38],"tags":[],"class_list":["post-46255","post","type-post","status-publish","format-standard","has-post-thumbnail","hentry","category-regional"],"jetpack_featured_media_url":"https:\/\/radiorevelacionfm.cl\/wp-content\/uploads\/2024\/09\/CentralTelevigilancia-1-1.jpg","_links":{"self":[{"href":"https:\/\/radiorevelacionfm.cl\/index.php?rest_route=\/wp\/v2\/posts\/46255","targetHints":{"allow":["GET"]}}],"collection":[{"href":"https:\/\/radiorevelacionfm.cl\/index.php?rest_route=\/wp\/v2\/posts"}],"about":[{"href":"https:\/\/radiorevelacionfm.cl\/index.php?rest_route=\/wp\/v2\/types\/post"}],"author":[{"embeddable":true,"href":"https:\/\/radiorevelacionfm.cl\/index.php?rest_route=\/wp\/v2\/users\/1"}],"replies":[{"embeddable":true,"href":"https:\/\/radiorevelacionfm.cl\/index.php?rest_route=%2Fwp%2Fv2%2Fcomments&post=46255"}],"version-history":[{"count":1,"href":"https:\/\/radiorevelacionfm.cl\/index.php?rest_route=\/wp\/v2\/posts\/46255\/revisions"}],"predecessor-version":[{"id":46257,"href":"https:\/\/radiorevelacionfm.cl\/index.php?rest_route=\/wp\/v2\/posts\/46255\/revisions\/46257"}],"wp:featuredmedia":[{"embeddable":true,"href":"https:\/\/radiorevelacionfm.cl\/index.php?rest_route=\/wp\/v2\/media\/46256"}],"wp:attachment":[{"href":"https:\/\/radiorevelacionfm.cl\/index.php?rest_route=%2Fwp%2Fv2%2Fmedia&parent=46255"}],"wp:term":[{"taxonomy":"category","embeddable":true,"href":"https:\/\/radiorevelacionfm.cl\/index.php?rest_route=%2Fwp%2Fv2%2Fcategories&post=46255"},{"taxonomy":"post_tag","embeddable":true,"href":"https:\/\/radiorevelacionfm.cl\/index.php?rest_route=%2Fwp%2Fv2%2Ftags&post=46255"}],"curies":[{"name":"wp","href":"https:\/\/api.w.org\/{rel}","templated":true}]}}