{"id":46247,"date":"2024-09-16T10:08:53","date_gmt":"2024-09-16T13:08:53","guid":{"rendered":"https:\/\/radiorevelacionfm.cl\/?p=46247"},"modified":"2024-09-16T10:08:53","modified_gmt":"2024-09-16T13:08:53","slug":"investigadores-expondran-experiencias-de-observatorios-turisticos-en-america-latina-con-miras-a-su-implementacion-en-aysen","status":"publish","type":"post","link":"https:\/\/radiorevelacionfm.cl\/?p=46247","title":{"rendered":"Investigadores expondr\u00e1n experiencias de observatorios tur\u00edsticos en Am\u00e9rica Latina con miras a su implementaci\u00f3n en Ays\u00e9n"},"content":{"rendered":"<div class=\"flex_column av_one_full  flex_column_div av-zero-column-padding first  avia-builder-el-0  el_before_av_one_full  avia-builder-el-first  \" style='border-radius:0px; '><div  class='avia-image-container  av-styling-    avia-builder-el-1  avia-builder-el-no-sibling  avia-align-center '  itemprop=\"image\" itemscope=\"itemscope\" itemtype=\"https:\/\/schema.org\/ImageObject\"  ><div class='avia-image-container-inner'><div class='avia-image-overlay-wrap'><img decoding=\"async\" class='wp-image-46248 avia-img-lazy-loading-not-46248 avia_image' src=\"https:\/\/radiorevelacionfm.cl\/wp-content\/uploads\/2024\/09\/webinar-observatorio-1-1_optimized-1.jpg\" alt='' title='webinar-observatorio-(1)-(1)_optimized (1)' height=\"800\" width=\"800\"  itemprop=\"thumbnailUrl\" srcset=\"https:\/\/radiorevelacionfm.cl\/wp-content\/uploads\/2024\/09\/webinar-observatorio-1-1_optimized-1.jpg 800w, https:\/\/radiorevelacionfm.cl\/wp-content\/uploads\/2024\/09\/webinar-observatorio-1-1_optimized-1-300x300.jpg 300w, https:\/\/radiorevelacionfm.cl\/wp-content\/uploads\/2024\/09\/webinar-observatorio-1-1_optimized-1-80x80.jpg 80w, https:\/\/radiorevelacionfm.cl\/wp-content\/uploads\/2024\/09\/webinar-observatorio-1-1_optimized-1-768x768.jpg 768w, https:\/\/radiorevelacionfm.cl\/wp-content\/uploads\/2024\/09\/webinar-observatorio-1-1_optimized-1-36x36.jpg 36w, https:\/\/radiorevelacionfm.cl\/wp-content\/uploads\/2024\/09\/webinar-observatorio-1-1_optimized-1-180x180.jpg 180w, https:\/\/radiorevelacionfm.cl\/wp-content\/uploads\/2024\/09\/webinar-observatorio-1-1_optimized-1-705x705.jpg 705w, https:\/\/radiorevelacionfm.cl\/wp-content\/uploads\/2024\/09\/webinar-observatorio-1-1_optimized-1-120x120.jpg 120w, https:\/\/radiorevelacionfm.cl\/wp-content\/uploads\/2024\/09\/webinar-observatorio-1-1_optimized-1-450x450.jpg 450w, https:\/\/radiorevelacionfm.cl\/wp-content\/uploads\/2024\/09\/webinar-observatorio-1-1_optimized-1-600x600.jpg 600w, https:\/\/radiorevelacionfm.cl\/wp-content\/uploads\/2024\/09\/webinar-observatorio-1-1_optimized-1-100x100.jpg 100w\" sizes=\"(max-width: 800px) 100vw, 800px\" \/><\/div><\/div><\/div><\/div><div class=\"flex_column av_one_full  flex_column_div av-zero-column-padding first  avia-builder-el-2  el_after_av_one_full  el_before_av_one_full  column-top-margin\" style='border-radius:0px; '><section class=\"av_textblock_section \"  itemscope=\"itemscope\" itemtype=\"https:\/\/schema.org\/BlogPosting\" itemprop=\"blogPost\" ><div class='avia_textblock  '   itemprop=\"text\" ><p style=\"text-align: center;\"><strong><span style=\"font-size: 18pt;\">Investigadores expondr\u00e1n experiencias de observatorios tur\u00edsticos en Am\u00e9rica Latina con miras a su implementaci\u00f3n en Ays\u00e9n<\/span><\/strong><\/p>\n<div id=\"gtx-trans\" style=\"position: absolute; left: -50px; top: 4.31534px;\">\n<div class=\"gtx-trans-icon\"><\/div>\n<\/div>\n<\/div><\/section><\/div><div class=\"flex_column av_one_full  flex_column_div av-zero-column-padding first  avia-builder-el-4  el_after_av_one_full  el_before_av_hr  column-top-margin\" style='border-radius:0px; '><section class=\"av_textblock_section \"  itemscope=\"itemscope\" itemtype=\"https:\/\/schema.org\/BlogPosting\" itemprop=\"blogPost\" ><div class='avia_textblock  '   itemprop=\"text\" ><p dir=\"ltr\" style=\"text-align: justify;\"><em>Participar\u00e1n Michel Bregolin, acad\u00e9mico del Programa de Hospitalidade de la Universidade de Caxias do Sul (UCS), y Gissela Hern\u00e1ndez,coordinadora del\u00a0 Observatorio Universitario de Turismo Sostenible y Cambio Clim\u00e1tico de la Universidad Nacional Aut\u00f3noma de Honduras.\u00a0<\/em><\/p>\n<p dir=\"ltr\" style=\"text-align: justify;\">Como una forma de conocer experiencias internacionales relacionadas con la gesti\u00f3n del conocimiento en el sector tur\u00edstico, el mi\u00e9rcoles 25 de septiembre se desarrollar\u00e1 el webinar \u00abTURISMO SUSTENTABLE Y CAMBIO CLIM\u00c1TICO: Experiencias de Observatorios Tur\u00edsticos en Am\u00e9rica Latina\u00bb, organizado por la Corporaci\u00f3n Chelenko. Esto, en el marco del proyecto \u00abTurismo Cero Impacto: Valor agregado y adaptaci\u00f3n clim\u00e1tica con cocina local y gesti\u00f3n de residuos\u00bb que financia Corfo y mandata Sernatur Ays\u00e9n.<\/p>\n<p dir=\"ltr\" style=\"text-align: justify;\">En este seminario virtual, que se iniciar\u00e1 a las 15:00 hrs., expondr\u00e1n Michel Bregolin, acad\u00e9mico del Programa de Hospitalidade de la Universidade de Caxias do Sul (UCS), quien aportar\u00e1 una mirada general de los observatorios, con foco en sus aspectos pragm\u00e1ticos de gesti\u00f3n y operaci\u00f3n.<\/p>\n<p dir=\"ltr\" style=\"text-align: justify;\">Adem\u00e1s participar\u00e1 Gissela Hern\u00e1ndez Gir\u00f3n, del Observatorio Universitario de Turismo Sostenible y Cambio Clim\u00e1tico de la Universidad Nacional Aut\u00f3noma de Honduras, quien hablar\u00e1 de la experiencia de dicha plataforma.<\/p>\n<p dir=\"ltr\" style=\"text-align: justify;\">Patricio Segura Ortiz, coordinador del componente \u00abObservatorio de Turismo Sustentable y Cambio Clim\u00e1tico\u00bb del proyecto que impulsa la Corporaci\u00f3n Chelenko, se referir\u00e1 a los avances de la propuesta de modelo de gesti\u00f3n que se est\u00e1 desarrollando con un grupo asesor ampliado en el cual participan Sernatur Ays\u00e9n, Corfo Ays\u00e9n, el Centro de Investigaci\u00f3n en Ecosistemas de la Patagonia, la seremi del Medio Ambiente, el Campus Patagonia de la Universidad Austral de Chile y la Universidad de Grenoble Alpes.<\/p>\n<p dir=\"ltr\" style=\"text-align: justify;\">Comentar\u00e1 las exposiciones el acad\u00e9mico e investigador del Instituto de Turismo de la Universidad Austral de Chile, Mauricio Trivi\u00f1os Vel\u00e1squez. Moderar\u00e1, el encargado de Cambio Clim\u00e1tico de la seremi del Medio Ambiente, Nicol\u00e1s Smith de la Carrera.<\/p>\n<p dir=\"ltr\" style=\"text-align: justify;\">Formulario de inscripci\u00f3n en <a href=\"https:\/\/bit.ly\/InscripcionWebinarObservatoriodeTurismoSustentable\" target=\"_blank\" rel=\"noopener noreferrer\">https:\/\/bit.ly\/InscripcionWebinarObservatoriodeTurismoSustentable<\/a>.<\/p>\n<p dir=\"ltr\" style=\"text-align: justify;\"><strong>Serie de webinars sobre turismo<\/strong><\/p>\n<p dir=\"ltr\" style=\"text-align: justify;\">Este ser\u00e1 el tercer webinar de la serie de seminarios online que est\u00e1 desarrollando la corporaci\u00f3n, y que han concitado la asistencia de m\u00e1s de un centenar de participantes en total. \u00a0 El primero fue sobre \u00abCocina Huella Cero\u00bb, mientras que el segundo en \u00abGesti\u00f3n de Residuos y Turismo\u00bb.<\/p>\n<p dir=\"ltr\" style=\"text-align: justify;\">El proyecto \u00abTurismo Cero Impacto: Valor agregado y adaptaci\u00f3n clim\u00e1tica con cocina local y gesti\u00f3n de residuos\u00bb es parte del Programa de Desarrollo Productivo Sostenible que impulsa el gobierno, en el cual participan 30 emprendedore\/as del territorio en pilotos sobre gastronom\u00eda y desechos.<\/p>\n<p dir=\"ltr\" style=\"text-align: justify;\">Se ejecuta en estrecha colaboraci\u00f3n con Sernatur Ays\u00e9n, que act\u00faa como mandante del bien p\u00fablico, y la coejecuci\u00f3n del Centro de Investigaci\u00f3n en Ecosistemas de la Patagonia, la Corporaci\u00f3n Privada para el Desarrollo de Ays\u00e9n (CODESA) y la Universidad de Grenoble, y la consultor\u00eda, adem\u00e1s, de Cristian Balboa, de la Fundaci\u00f3n Lenga y el investigador en turismo Fabien Bourlon.\u00a0 En el caso de la l\u00ednea \u00abCocina Huella Cero\u00bb, el componente incluir\u00e1 una gu\u00eda de procesos que dise\u00f1ar\u00e1 Mar\u00eda de la Maza, mientras que en el \u00abGesti\u00f3n Integral de Residuos S\u00f3lidos\u00bb el producto ser\u00e1 un documental cargo de <a href=\"https:\/\/www.instagram.com\/tananapictures\/\" target=\"_blank\" rel=\"noopener noreferrer\">T\u00e1nana Pictures<\/a>, del audiovisualista Daniel Casado.\u00a0 En el caso del observatorio, el producto ser\u00e1 un informe con el modelo de gesti\u00f3n y una iniciativa ingresada al Banco Integrado de Proyectos del Sistema Nacional de Inversiones.<\/p>\n<p dir=\"ltr\" style=\"text-align: justify;\">La Corporaci\u00f3n Chelenko est\u00e1 conformada por 14 organizaciones de Chile Chico, Puerto Ingeniero Ib\u00e1\u00f1ez, Bah\u00eda Murta, Puerto S\u00e1nchez, Puerto R\u00edo Tranquilo, El Le\u00f3n, Puerto Guadal y Puerto Bertrand, representando a m\u00e1s de 220 empresas familiares del territorio.\u00a0 Es, asimismo, la principal contraparte empresarial de la Mesa P\u00fablico-Privada de la gobernanza de la ZOIT Chelenko, importante instrumento de fomento del turismo de la regi\u00f3n de Ays\u00e9n.<\/p>\n<\/div><\/section><\/div><div  style='height:50px' class='hr hr-invisible   avia-builder-el-6  el_after_av_one_full  el_before_av_social_share '><span class='hr-inner ' ><span class='hr-inner-style'><\/span><\/span><\/div><\/p>\n<div  class='av-social-sharing-box  avia-builder-el-7  el_after_av_hr  el_before_av_hr  '><div class='av-share-box'><h5 class='av-share-link-description av-no-toc '>Compartir esta noticia<\/h5><ul class='av-share-box-list noLightbox'><li class='av-share-link av-social-link-facebook' ><a target=\"_blank\" aria-label=\"Compartir en Facebook\" href='https:\/\/www.facebook.com\/sharer.php?u=https:\/\/radiorevelacionfm.cl\/?p=46247&#038;t=Investigadores%20expondr%C3%A1n%20experiencias%20de%20observatorios%20tur%C3%ADsticos%20en%20Am%C3%A9rica%20Latina%20con%20miras%20a%20su%20implementaci%C3%B3n%20en%20Ays%C3%A9n' aria-hidden='false' data-av_icon='\ue8f3' data-av_iconfont='entypo-fontello' title='' data-avia-related-tooltip='Compartir en Facebook' rel=\"noopener\"><span class='avia_hidden_link_text'>Compartir en Facebook<\/span><\/a><\/li><li class='av-share-link av-social-link-twitter' ><a target=\"_blank\" aria-label=\"Compartir en Twitter\" href='https:\/\/twitter.com\/share?text=Investigadores%20expondr%C3%A1n%20experiencias%20de%20observatorios%20tur%C3%ADsticos%20en%20Am%C3%A9rica%20Latina%20con%20miras%20a%20su%20implementaci%C3%B3n%20en%20Ays%C3%A9n&#038;url=https:\/\/radiorevelacionfm.cl\/?p=46247' aria-hidden='false' data-av_icon='\ue8f1' data-av_iconfont='entypo-fontello' title='' data-avia-related-tooltip='Compartir en Twitter' rel=\"noopener\"><span class='avia_hidden_link_text'>Compartir en Twitter<\/span><\/a><\/li><li class='av-share-link av-social-link-whatsapp' ><a target=\"_blank\" aria-label=\"Compartir en Whatsapp\" href='https:\/\/api.whatsapp.com\/send?text=https:\/\/radiorevelacionfm.cl\/?p=46247' aria-hidden='false' data-av_icon='\uf232' data-av_iconfont='entypo-fontello' title='' data-avia-related-tooltip='Compartir en Whatsapp' rel=\"noopener\"><span class='avia_hidden_link_text'>Compartir en Whatsapp<\/span><\/a><\/li><li class='av-share-link av-social-link-linkedin' ><a target=\"_blank\" aria-label=\"Compartir en LinkedIn\" href='https:\/\/linkedin.com\/shareArticle?mini=true&#038;title=Investigadores%20expondr%C3%A1n%20experiencias%20de%20observatorios%20tur%C3%ADsticos%20en%20Am%C3%A9rica%20Latina%20con%20miras%20a%20su%20implementaci%C3%B3n%20en%20Ays%C3%A9n&#038;url=https:\/\/radiorevelacionfm.cl\/?p=46247' aria-hidden='false' data-av_icon='\ue8fc' data-av_iconfont='entypo-fontello' title='' data-avia-related-tooltip='Compartir en LinkedIn' rel=\"noopener\"><span class='avia_hidden_link_text'>Compartir en LinkedIn<\/span><\/a><\/li><li class='av-share-link av-social-link-mail' ><a  aria-label=\"Compartir por correo\" href='mailto:?subject=Investigadores%20expondr%C3%A1n%20experiencias%20de%20observatorios%20tur%C3%ADsticos%20en%20Am%C3%A9rica%20Latina%20con%20miras%20a%20su%20implementaci%C3%B3n%20en%20Ays%C3%A9n&#038;body=https:\/\/radiorevelacionfm.cl\/?p=46247' aria-hidden='false' data-av_icon='\ue805' data-av_iconfont='entypo-fontello' title='' data-avia-related-tooltip='Compartir por correo'><span class='avia_hidden_link_text'>Compartir por correo<\/span><\/a><\/li><\/ul><\/div><\/div>\n<div  style='height:50px' class='hr hr-invisible   avia-builder-el-8  el_after_av_social_share  el_before_av_comments_list '><span class='hr-inner ' ><span class='hr-inner-style'><\/span><\/span><\/div>\n<div  class='av-buildercomment  av-blog-meta-html-info-disabled av-blog-meta-tag-disabled  '><\/div>\n","protected":false},"excerpt":{"rendered":"","protected":false},"author":1,"featured_media":46248,"comment_status":"open","ping_status":"open","sticky":false,"template":"","format":"standard","meta":{"footnotes":""},"categories":[38],"tags":[],"class_list":["post-46247","post","type-post","status-publish","format-standard","has-post-thumbnail","hentry","category-regional"],"jetpack_featured_media_url":"https:\/\/radiorevelacionfm.cl\/wp-content\/uploads\/2024\/09\/webinar-observatorio-1-1_optimized-1.jpg","_links":{"self":[{"href":"https:\/\/radiorevelacionfm.cl\/index.php?rest_route=\/wp\/v2\/posts\/46247","targetHints":{"allow":["GET"]}}],"collection":[{"href":"https:\/\/radiorevelacionfm.cl\/index.php?rest_route=\/wp\/v2\/posts"}],"about":[{"href":"https:\/\/radiorevelacionfm.cl\/index.php?rest_route=\/wp\/v2\/types\/post"}],"author":[{"embeddable":true,"href":"https:\/\/radiorevelacionfm.cl\/index.php?rest_route=\/wp\/v2\/users\/1"}],"replies":[{"embeddable":true,"href":"https:\/\/radiorevelacionfm.cl\/index.php?rest_route=%2Fwp%2Fv2%2Fcomments&post=46247"}],"version-history":[{"count":1,"href":"https:\/\/radiorevelacionfm.cl\/index.php?rest_route=\/wp\/v2\/posts\/46247\/revisions"}],"predecessor-version":[{"id":46249,"href":"https:\/\/radiorevelacionfm.cl\/index.php?rest_route=\/wp\/v2\/posts\/46247\/revisions\/46249"}],"wp:featuredmedia":[{"embeddable":true,"href":"https:\/\/radiorevelacionfm.cl\/index.php?rest_route=\/wp\/v2\/media\/46248"}],"wp:attachment":[{"href":"https:\/\/radiorevelacionfm.cl\/index.php?rest_route=%2Fwp%2Fv2%2Fmedia&parent=46247"}],"wp:term":[{"taxonomy":"category","embeddable":true,"href":"https:\/\/radiorevelacionfm.cl\/index.php?rest_route=%2Fwp%2Fv2%2Fcategories&post=46247"},{"taxonomy":"post_tag","embeddable":true,"href":"https:\/\/radiorevelacionfm.cl\/index.php?rest_route=%2Fwp%2Fv2%2Ftags&post=46247"}],"curies":[{"name":"wp","href":"https:\/\/api.w.org\/{rel}","templated":true}]}}