{"id":46241,"date":"2024-09-13T15:25:02","date_gmt":"2024-09-13T18:25:02","guid":{"rendered":"https:\/\/radiorevelacionfm.cl\/?p=46241"},"modified":"2024-09-13T17:28:38","modified_gmt":"2024-09-13T20:28:38","slug":"rescatan-cuerpo-sin-vida-y-otro-continua-desaparecido-tras-hundimiento-de-embarcacion-en-cercanias-de-puerto-chacabuco","status":"publish","type":"post","link":"https:\/\/radiorevelacionfm.cl\/?p=46241","title":{"rendered":"Rescatan cuerpo sin vida y otro contin\u00faa desaparecido tras hundimiento de embarcaci\u00f3n en cercan\u00edas de Puerto Chacabuco"},"content":{"rendered":"<div class=\"flex_column av_one_full  flex_column_div av-zero-column-padding first  avia-builder-el-0  el_before_av_one_full  avia-builder-el-first  \" style='border-radius:0px; '><div  class='avia-image-container  av-styling-    avia-builder-el-1  avia-builder-el-no-sibling  avia-align-center '  itemprop=\"image\" itemscope=\"itemscope\" itemtype=\"https:\/\/schema.org\/ImageObject\"  ><div class='avia-image-container-inner'><div class='avia-image-overlay-wrap'><img decoding=\"async\" class='wp-image-46250 avia-img-lazy-loading-not-46250 avia_image' src=\"https:\/\/radiorevelacionfm.cl\/wp-content\/uploads\/2024\/09\/Accidente-Embarcacion-13.09.24-1.jpg\" alt='' title='Accidente Embarcacion 13.09.24 (1)' height=\"617\" width=\"904\"  itemprop=\"thumbnailUrl\" srcset=\"https:\/\/radiorevelacionfm.cl\/wp-content\/uploads\/2024\/09\/Accidente-Embarcacion-13.09.24-1.jpg 904w, https:\/\/radiorevelacionfm.cl\/wp-content\/uploads\/2024\/09\/Accidente-Embarcacion-13.09.24-1-300x205.jpg 300w, https:\/\/radiorevelacionfm.cl\/wp-content\/uploads\/2024\/09\/Accidente-Embarcacion-13.09.24-1-768x524.jpg 768w, https:\/\/radiorevelacionfm.cl\/wp-content\/uploads\/2024\/09\/Accidente-Embarcacion-13.09.24-1-705x481.jpg 705w, https:\/\/radiorevelacionfm.cl\/wp-content\/uploads\/2024\/09\/Accidente-Embarcacion-13.09.24-1-450x307.jpg 450w, https:\/\/radiorevelacionfm.cl\/wp-content\/uploads\/2024\/09\/Accidente-Embarcacion-13.09.24-1-600x410.jpg 600w\" sizes=\"(max-width: 904px) 100vw, 904px\" \/><\/div><\/div><\/div><\/div><div class=\"flex_column av_one_full  flex_column_div av-zero-column-padding first  avia-builder-el-2  el_after_av_one_full  el_before_av_one_full  column-top-margin\" style='border-radius:0px; '><section class=\"av_textblock_section \"  itemscope=\"itemscope\" itemtype=\"https:\/\/schema.org\/BlogPosting\" itemprop=\"blogPost\" ><div class='avia_textblock  '   itemprop=\"text\" ><p style=\"text-align: center;\"><strong><span style=\"font-size: 18pt;\">Rescatan cuerpo sin vida y otro contin\u00faa desaparecido tras hundimiento de embarcaci\u00f3n en cercan\u00edas de Puerto Chacabuco<\/span><\/strong><\/p>\n<div id=\"gtx-trans\" style=\"position: absolute; left: -50px; top: 4.31534px;\">\n<div class=\"gtx-trans-icon\"><\/div>\n<\/div>\n<\/div><\/section><\/div><\/p>\n<div class=\"flex_column av_one_full  flex_column_div av-zero-column-padding first  avia-builder-el-4  el_after_av_one_full  el_before_av_hr  column-top-margin\" style='border-radius:0px; '><section class=\"av_textblock_section \"  itemscope=\"itemscope\" itemtype=\"https:\/\/schema.org\/BlogPosting\" itemprop=\"blogPost\" ><div class='avia_textblock  '   itemprop=\"text\" ><p style=\"text-align: justify;\">En las \u00faltimas horas la Autoridad Mar\u00edtima a confirmado el hundimiento de una embarcaci\u00f3n menor en las cercan\u00edas de Caleta Gato, Fiordo Ays\u00e9n.<\/p>\n<p style=\"text-align: justify;\">Seg\u00fan informaci\u00f3n proporcionada por el Gobernador Mar\u00edtimo de Ays\u00e9n se tratar\u00eda de la embarcaci\u00f3n \u00abHuinay I\u00bb, propiedad de la empresa Cermaq. La cual se encuentra en condici\u00f3n de baja por innavegabilidad absoluta desde el 2019.<\/p>\n<p style=\"text-align: justify;\">Durante los trabajos del personal de la Armada se logra rescatar el cuerpo de una persona fallecida y se mantiene una persona desaparecida.<\/p>\n<p style=\"text-align: justify;\"><strong>Antecedentes<\/strong><\/p>\n<p style=\"text-align: justify;\">A eso de las 10:45 de esta ma\u00f1ana, la Capitan\u00eda de Puerto de Chacabuco recibi\u00f3 una llamada de emergencia informando sobre una embarcaci\u00f3n volcada, cerca de Caleta El Gato. Al llegar al lugar, las primeras diligencias revelaron un tr\u00e1gico hallazgo, un cuerpo sin vida. El Capit\u00e1n de Nav\u00edo Mario Besoain Fuentes, indic\u00f3 que se inform\u00f3 de inmediato al Ministerio P\u00fablico, y el fiscal Fernando Pino Molina orden\u00f3 la presencia de la Polic\u00eda de Investigaciones y de la Brigada de Homicidio de Coyhaique para iniciar las indagaciones correspondientes.<\/p>\n<p style=\"text-align: justify;\">El operativo de rescate y b\u00fasqueda se despleg\u00f3 r\u00e1pidamente en la zona indicada, donde permanece personal especializado realizando diversas maniobras donde se encuentra la nave sumergida.<\/p>\n<p style=\"text-align: justify;\">A esta hora contin\u00faa el trabajo en el sector con personal de la Armada de Chile, 02 patrulleras con personal de buzos, fiscal mar\u00edtimo permanente de Ays\u00e9n y Fiscal del Ministerio P\u00fablico.<\/p>\n<\/div><\/section><\/div>\n<div  style='height:50px' class='hr hr-invisible   avia-builder-el-6  el_after_av_one_full  el_before_av_social_share '><span class='hr-inner ' ><span class='hr-inner-style'><\/span><\/span><\/div>\n<div  class='av-social-sharing-box  avia-builder-el-7  el_after_av_hr  el_before_av_hr  '><div class='av-share-box'><h5 class='av-share-link-description av-no-toc '>Compartir esta noticia<\/h5><ul class='av-share-box-list noLightbox'><li class='av-share-link av-social-link-facebook' ><a target=\"_blank\" aria-label=\"Compartir en Facebook\" href='https:\/\/www.facebook.com\/sharer.php?u=https:\/\/radiorevelacionfm.cl\/?p=46241&#038;t=Rescatan%20cuerpo%20sin%20vida%20y%20otro%20contin%C3%BAa%20desaparecido%20tras%20hundimiento%20de%20embarcaci%C3%B3n%20en%20cercan%C3%ADas%20de%20Puerto%20Chacabuco' aria-hidden='false' data-av_icon='\ue8f3' data-av_iconfont='entypo-fontello' title='' data-avia-related-tooltip='Compartir en Facebook' rel=\"noopener\"><span class='avia_hidden_link_text'>Compartir en Facebook<\/span><\/a><\/li><li class='av-share-link av-social-link-twitter' ><a target=\"_blank\" aria-label=\"Compartir en Twitter\" href='https:\/\/twitter.com\/share?text=Rescatan%20cuerpo%20sin%20vida%20y%20otro%20contin%C3%BAa%20desaparecido%20tras%20hundimiento%20de%20embarcaci%C3%B3n%20en%20cercan%C3%ADas%20de%20Puerto%20Chacabuco&#038;url=https:\/\/radiorevelacionfm.cl\/?p=46241' aria-hidden='false' data-av_icon='\ue8f1' data-av_iconfont='entypo-fontello' title='' data-avia-related-tooltip='Compartir en Twitter' rel=\"noopener\"><span class='avia_hidden_link_text'>Compartir en Twitter<\/span><\/a><\/li><li class='av-share-link av-social-link-whatsapp' ><a target=\"_blank\" aria-label=\"Compartir en Whatsapp\" href='https:\/\/api.whatsapp.com\/send?text=https:\/\/radiorevelacionfm.cl\/?p=46241' aria-hidden='false' data-av_icon='\uf232' data-av_iconfont='entypo-fontello' title='' data-avia-related-tooltip='Compartir en Whatsapp' rel=\"noopener\"><span class='avia_hidden_link_text'>Compartir en Whatsapp<\/span><\/a><\/li><li class='av-share-link av-social-link-linkedin' ><a target=\"_blank\" aria-label=\"Compartir en LinkedIn\" href='https:\/\/linkedin.com\/shareArticle?mini=true&#038;title=Rescatan%20cuerpo%20sin%20vida%20y%20otro%20contin%C3%BAa%20desaparecido%20tras%20hundimiento%20de%20embarcaci%C3%B3n%20en%20cercan%C3%ADas%20de%20Puerto%20Chacabuco&#038;url=https:\/\/radiorevelacionfm.cl\/?p=46241' aria-hidden='false' data-av_icon='\ue8fc' data-av_iconfont='entypo-fontello' title='' data-avia-related-tooltip='Compartir en LinkedIn' rel=\"noopener\"><span class='avia_hidden_link_text'>Compartir en LinkedIn<\/span><\/a><\/li><li class='av-share-link av-social-link-mail' ><a  aria-label=\"Compartir por correo\" href='mailto:?subject=Rescatan%20cuerpo%20sin%20vida%20y%20otro%20contin%C3%BAa%20desaparecido%20tras%20hundimiento%20de%20embarcaci%C3%B3n%20en%20cercan%C3%ADas%20de%20Puerto%20Chacabuco&#038;body=https:\/\/radiorevelacionfm.cl\/?p=46241' aria-hidden='false' data-av_icon='\ue805' data-av_iconfont='entypo-fontello' title='' data-avia-related-tooltip='Compartir por correo'><span class='avia_hidden_link_text'>Compartir por correo<\/span><\/a><\/li><\/ul><\/div><\/div>\n<div  style='height:50px' class='hr hr-invisible   avia-builder-el-8  el_after_av_social_share  el_before_av_comments_list '><span class='hr-inner ' ><span class='hr-inner-style'><\/span><\/span><\/div>\n<div  class='av-buildercomment  av-blog-meta-html-info-disabled av-blog-meta-tag-disabled  '><\/div>\n","protected":false},"excerpt":{"rendered":"","protected":false},"author":1,"featured_media":46250,"comment_status":"open","ping_status":"open","sticky":false,"template":"","format":"standard","meta":{"footnotes":""},"categories":[38],"tags":[],"class_list":["post-46241","post","type-post","status-publish","format-standard","has-post-thumbnail","hentry","category-regional"],"jetpack_featured_media_url":"https:\/\/radiorevelacionfm.cl\/wp-content\/uploads\/2024\/09\/Accidente-Embarcacion-13.09.24-1.jpg","_links":{"self":[{"href":"https:\/\/radiorevelacionfm.cl\/index.php?rest_route=\/wp\/v2\/posts\/46241","targetHints":{"allow":["GET"]}}],"collection":[{"href":"https:\/\/radiorevelacionfm.cl\/index.php?rest_route=\/wp\/v2\/posts"}],"about":[{"href":"https:\/\/radiorevelacionfm.cl\/index.php?rest_route=\/wp\/v2\/types\/post"}],"author":[{"embeddable":true,"href":"https:\/\/radiorevelacionfm.cl\/index.php?rest_route=\/wp\/v2\/users\/1"}],"replies":[{"embeddable":true,"href":"https:\/\/radiorevelacionfm.cl\/index.php?rest_route=%2Fwp%2Fv2%2Fcomments&post=46241"}],"version-history":[{"count":5,"href":"https:\/\/radiorevelacionfm.cl\/index.php?rest_route=\/wp\/v2\/posts\/46241\/revisions"}],"predecessor-version":[{"id":46251,"href":"https:\/\/radiorevelacionfm.cl\/index.php?rest_route=\/wp\/v2\/posts\/46241\/revisions\/46251"}],"wp:featuredmedia":[{"embeddable":true,"href":"https:\/\/radiorevelacionfm.cl\/index.php?rest_route=\/wp\/v2\/media\/46250"}],"wp:attachment":[{"href":"https:\/\/radiorevelacionfm.cl\/index.php?rest_route=%2Fwp%2Fv2%2Fmedia&parent=46241"}],"wp:term":[{"taxonomy":"category","embeddable":true,"href":"https:\/\/radiorevelacionfm.cl\/index.php?rest_route=%2Fwp%2Fv2%2Fcategories&post=46241"},{"taxonomy":"post_tag","embeddable":true,"href":"https:\/\/radiorevelacionfm.cl\/index.php?rest_route=%2Fwp%2Fv2%2Ftags&post=46241"}],"curies":[{"name":"wp","href":"https:\/\/api.w.org\/{rel}","templated":true}]}}