{"id":46238,"date":"2024-09-13T16:07:42","date_gmt":"2024-09-13T19:07:42","guid":{"rendered":"https:\/\/radiorevelacionfm.cl\/?p=46238"},"modified":"2024-09-13T16:07:42","modified_gmt":"2024-09-13T19:07:42","slug":"gobierno-despliega-fonda-preventiva-e-inclusiva-unidos-por-un-18-seguro","status":"publish","type":"post","link":"https:\/\/radiorevelacionfm.cl\/?p=46238","title":{"rendered":"Gobierno despliega Fonda Preventiva e Inclusiva \u201cUnidos por un 18 Seguro\u201d"},"content":{"rendered":"<div class=\"flex_column av_one_full  flex_column_div av-zero-column-padding first  avia-builder-el-0  el_before_av_one_full  avia-builder-el-first  \" style='border-radius:0px; '><div  class='avia-image-container  av-styling-    avia-builder-el-1  avia-builder-el-no-sibling  avia-align-center '  itemprop=\"image\" itemscope=\"itemscope\" itemtype=\"https:\/\/schema.org\/ImageObject\"  ><div class='avia-image-container-inner'><div class='avia-image-overlay-wrap'><img decoding=\"async\" class='wp-image-46239 avia-img-lazy-loading-not-46239 avia_image' src=\"https:\/\/radiorevelacionfm.cl\/wp-content\/uploads\/2024\/09\/whatsapp-image-2024-09-13-at-12_optimized_optimized.49.32-pm-1-1-1.jpeg\" alt='' title='whatsapp-image-2024-09-13-at-12_optimized_optimized.49.32-pm-(1)-(1) (1)' height=\"600\" width=\"1299\"  itemprop=\"thumbnailUrl\" srcset=\"https:\/\/radiorevelacionfm.cl\/wp-content\/uploads\/2024\/09\/whatsapp-image-2024-09-13-at-12_optimized_optimized.49.32-pm-1-1-1.jpeg 1299w, https:\/\/radiorevelacionfm.cl\/wp-content\/uploads\/2024\/09\/whatsapp-image-2024-09-13-at-12_optimized_optimized.49.32-pm-1-1-1-300x139.jpeg 300w, https:\/\/radiorevelacionfm.cl\/wp-content\/uploads\/2024\/09\/whatsapp-image-2024-09-13-at-12_optimized_optimized.49.32-pm-1-1-1-1030x476.jpeg 1030w, https:\/\/radiorevelacionfm.cl\/wp-content\/uploads\/2024\/09\/whatsapp-image-2024-09-13-at-12_optimized_optimized.49.32-pm-1-1-1-768x355.jpeg 768w, https:\/\/radiorevelacionfm.cl\/wp-content\/uploads\/2024\/09\/whatsapp-image-2024-09-13-at-12_optimized_optimized.49.32-pm-1-1-1-705x326.jpeg 705w, https:\/\/radiorevelacionfm.cl\/wp-content\/uploads\/2024\/09\/whatsapp-image-2024-09-13-at-12_optimized_optimized.49.32-pm-1-1-1-450x208.jpeg 450w, https:\/\/radiorevelacionfm.cl\/wp-content\/uploads\/2024\/09\/whatsapp-image-2024-09-13-at-12_optimized_optimized.49.32-pm-1-1-1-600x277.jpeg 600w\" sizes=\"(max-width: 1299px) 100vw, 1299px\" \/><\/div><\/div><\/div><\/div><div class=\"flex_column av_one_full  flex_column_div av-zero-column-padding first  avia-builder-el-2  el_after_av_one_full  el_before_av_one_full  column-top-margin\" style='border-radius:0px; '><section class=\"av_textblock_section \"  itemscope=\"itemscope\" itemtype=\"https:\/\/schema.org\/BlogPosting\" itemprop=\"blogPost\" ><div class='avia_textblock  '   itemprop=\"text\" ><p style=\"text-align: center;\"><span style=\"font-size: 18pt;\"><b>Gobierno despliega Fonda Preventiva e Inclusiva \u201cUnidos por un 18 Seguro\u201d<\/b><\/span><\/p>\n<div id=\"gtx-trans\" style=\"position: absolute; left: -50px; top: 4.31534px;\">\n<div class=\"gtx-trans-icon\"><\/div>\n<\/div>\n<\/div><\/section><\/div><div class=\"flex_column av_one_full  flex_column_div av-zero-column-padding first  avia-builder-el-4  el_after_av_one_full  el_before_av_hr  column-top-margin\" style='border-radius:0px; '><section class=\"av_textblock_section \"  itemscope=\"itemscope\" itemtype=\"https:\/\/schema.org\/BlogPosting\" itemprop=\"blogPost\" ><div class='avia_textblock  '   itemprop=\"text\" ><p style=\"font-weight: 400; text-align: justify;\"><em>En la regi\u00f3n de Ays\u00e9n habr\u00e1 47 eventos organizados al alero de fiestas patrias, en los que se espera una alta afluencia de p\u00fablico.<\/em><\/p>\n<p style=\"font-weight: 400; text-align: justify;\">\u201cChile celebra un a\u00f1o m\u00e1s de su proceso de independencia y lo hace con cari\u00f1o, alegr\u00eda y responsabilidad\u201d, destac\u00f3 el Delegado Presidencial Regional, Rodrigo Araya Morales, en la inauguraci\u00f3n de la Fonda Preventiva e Inclusiva \u201cUnidos por un 18 seguro\u201d, desarrollada este viernes en la Plaza de Coyhaique.<\/p>\n<p style=\"font-weight: 400; text-align: justify;\">El evento reuni\u00f3 a m\u00e1s de 20 servicios p\u00fablicos, entre ellos, las Seremi de Salud, Transportes y Telecomunicaciones, Trabajo y Previsi\u00f3n Social, Agricultura, Desarrollo Social y Familia; Servicio de Impuestos Internos, Senda, Seguridad P\u00fablica, SAG, Senapred, Sernameg, Senadis; Carabineros, PDI y Mutual de Seguridad, entregando informaci\u00f3n de utilidad con motivo de fiestas patrias, adem\u00e1s de la Agrupaci\u00f3n de Emprendedores Esfuerzo Patag\u00f3n.<\/p>\n<p style=\"font-weight: 400; text-align: justify;\">\u201cNosotros estamos ocupados trabajando, hemos coordinado los servicios, los servicios han dispuesto de su recurso humano, f\u00edsicos, tecnol\u00f3gicos tambi\u00e9n para estar durante todos estos d\u00edas trabajando en la comunidad, desplegados en toda la regi\u00f3n y las comunas en nuestro territorio y para justamente brindar \u00a0seguridad. Habr\u00e1 47 eventos catastrados y autorizados en la regi\u00f3n, por lo tanto, hacemos un llamado, insisto, a la comunidad a tomar todas las medidas de autocuidado\u201d, recalc\u00f3 Rodrigo Araya.<\/p>\n<p style=\"font-weight: 400; text-align: justify;\">Por su parte, el seremi Hans Zimmerman dijo que \u201cel llamado desde el Ministerio de Transportes y Telecomunicaciones es a la prevenci\u00f3n, al autocuidado. El mensaje es claro, el consumo de alcohol y la conducci\u00f3n son actividades incompatibles. Por eso hace m\u00e1s de un mes que la Comisi\u00f3n Regional de Seguridad de Tr\u00e1nsito ha programado un cronograma de fiscalizaci\u00f3n con Carabineros. Tendremos distintos puntos de fiscalizaci\u00f3n en las rutas y caminos de la regi\u00f3n. El llamado tambi\u00e9n es a quienes se desplazan fuera de la ciudad, a programar el viaje, a planificar si van a transportar a menores de 12 a\u00f1os que lo hagan con el uso del dispositivo de retenci\u00f3n infantil\u201d.<\/p>\n<p style=\"font-weight: 400; text-align: justify;\">La seremi Carmen Monsalve llam\u00f3 a \u201cconsumir alimentos s\u00f3lo en lugares autorizados. Ya llevamos 115 fiscalizaciones en torno a este per\u00edodo festivo, con nueve sumarios sanitarios, de momento sin decomisos y los incumplimientos concentrados en la manufactura de alimentos. Vamos a estar desplegados durante las fiestas costumbristas de la regi\u00f3n, en fondas tambi\u00e9n \u00a0fiscalizando el cumplimiento del Reglamento Sanitario de los Alimentos\u201d.<\/p>\n<p style=\"font-weight: 400; text-align: justify;\">El Seremi de Agricultura, Eugenio Ruiz, reafirm\u00f3 el mensaje, se\u00f1alando que \u201ca trav\u00e9s del SAG estamos aumentando la fiscalizaci\u00f3n a nivel regional. Invitamos a toda la comunidad a consumir productos que vengan de lugares conocidos y autorizados. Por otro lado, prevenir todo lo que pueda generar incendios\u201d.<\/p>\n<p style=\"font-weight: 400; text-align: justify;\"><strong>Mensajes Preventivos:<\/strong><\/p>\n<ul>\n<li style=\"font-weight: 400; text-align: justify;\">Si vas a beber alcohol, organ\u00edzate con tu familia y amigos\/as para que tu traslado en veh\u00edculo sea seguro. Prioriza el transporte p\u00fablico o la caminata, para acudir a los lugares de encuentro.<\/li>\n<li style=\"font-weight: 400; text-align: justify;\">Si ingieres alcohol durante estas fiestas, planifica tu regreso a casa previamente y aseg\u00farate que te lleve una persona que no haya bebido y est\u00e9 en \u00f3ptimas condiciones para conducir.<\/li>\n<li style=\"font-weight: 400; text-align: justify;\">Si sales de la ciudad en veh\u00edculo, ten precauci\u00f3n y adapta tu velocidad a las condiciones clim\u00e1ticas, de la v\u00eda y del entorno. Estas Fiestas Patrias respeta siempre la velocidad m\u00e1xima permitida.<\/li>\n<li style=\"font-weight: 400; text-align: justify;\">Si vas caminando a tu punto de encuentro, hazlo responsablemente. Respeta el sem\u00e1foro y utiliza siempre cruces habilitados. En las carreteras usa las pasarelas y nunca pases por debajo de ellas.<\/li>\n<li style=\"font-weight: 400; text-align: justify;\">Si viajas en bus interurbano o en un veh\u00edculo particular durante estas fiestas, recuerda que todos los ocupantes deben utilizar cintur\u00f3n de seguridad en todos los asientos. Su uso puede salvar tu vida en caso de sufrir un siniestro de tr\u00e1nsito.<\/li>\n<li style=\"font-weight: 400; text-align: justify;\">Si viajas con menores de 12 a\u00f1os, deben trasladarse en el asiento trasero del veh\u00edculo con un sistema de sujeci\u00f3n adecuado a su edad, estatura y peso.<\/li>\n<li style=\"font-weight: 400; text-align: justify;\">Si sales de la ciudad en veh\u00edculo, ten en cuenta que cualquier elemento suelto en su interior puede transformarse en un proyectil. No bloquees la vista trasera y ubica bultos en el maletero.<\/li>\n<li style=\"font-weight: 400; text-align: justify;\">Si tienes planificado celebrar y beber alcohol, procura que, si tu regreso es caminando, sea acompa\u00f1ado de alguien que est\u00e9 l\u00facido para la seguridad de ambos.<\/li>\n<li style=\"font-weight: 400; text-align: justify;\">Inf\u00f3rmate sobre las condiciones de la ruta y organiza tu viaje con tiempo para que no se complique tu conducci\u00f3n en el veh\u00edculo. \u00a1Planifica tu viaje!<\/li>\n<li style=\"font-weight: 400; text-align: justify;\">Si est\u00e1s atrapado en un taco, mant\u00e9n una distancia prudente con el veh\u00edculo que te antecede para no acelerar y frenar constantemente.<\/li>\n<li style=\"font-weight: 400; text-align: justify;\">Si viajas en bus interurbano, es tu derecho exigir el panel digital visible y habilitado. Si el bus sobrepasa los 100 km\/h puedes exigir al conductor que disminuya la velocidad.<\/li>\n<li style=\"font-weight: 400; text-align: justify;\">Conduce solo si has descansado bien, planifica tu viaje y no salgas apurado. Recuerda que el cansancio o la fatiga pueden ser mortales.<\/li>\n<li style=\"font-weight: 400; text-align: justify;\">Si viajas en motocicleta no olvides utilizar una vestimenta adecuada. La ropa debe servir como protecci\u00f3n frente a lesiones y no solo para condiciones meteorol\u00f3gicas.<\/li>\n<li style=\"font-weight: 400; text-align: justify;\">Si vas a conducir, no consumas alcohol ni otras drogas. Las consecuencias en el tr\u00e1nsito pueden ser fatales.<\/li>\n<\/ul>\n<\/div><\/section><\/div><div  style='height:50px' class='hr hr-invisible   avia-builder-el-6  el_after_av_one_full  el_before_av_social_share '><span class='hr-inner ' ><span class='hr-inner-style'><\/span><\/span><\/div><\/p>\n<div  class='av-social-sharing-box  avia-builder-el-7  el_after_av_hr  el_before_av_hr  '><div class='av-share-box'><h5 class='av-share-link-description av-no-toc '>Compartir esta noticia<\/h5><ul class='av-share-box-list noLightbox'><li class='av-share-link av-social-link-facebook' ><a target=\"_blank\" aria-label=\"Compartir en Facebook\" href='https:\/\/www.facebook.com\/sharer.php?u=https:\/\/radiorevelacionfm.cl\/?p=46238&#038;t=Gobierno%20despliega%20Fonda%20Preventiva%20e%20Inclusiva%20%E2%80%9CUnidos%20por%20un%2018%20Seguro%E2%80%9D' aria-hidden='false' data-av_icon='\ue8f3' data-av_iconfont='entypo-fontello' title='' data-avia-related-tooltip='Compartir en Facebook' rel=\"noopener\"><span class='avia_hidden_link_text'>Compartir en Facebook<\/span><\/a><\/li><li class='av-share-link av-social-link-twitter' ><a target=\"_blank\" aria-label=\"Compartir en Twitter\" href='https:\/\/twitter.com\/share?text=Gobierno%20despliega%20Fonda%20Preventiva%20e%20Inclusiva%20%E2%80%9CUnidos%20por%20un%2018%20Seguro%E2%80%9D&#038;url=https:\/\/radiorevelacionfm.cl\/?p=46238' aria-hidden='false' data-av_icon='\ue8f1' data-av_iconfont='entypo-fontello' title='' data-avia-related-tooltip='Compartir en Twitter' rel=\"noopener\"><span class='avia_hidden_link_text'>Compartir en Twitter<\/span><\/a><\/li><li class='av-share-link av-social-link-whatsapp' ><a target=\"_blank\" aria-label=\"Compartir en Whatsapp\" href='https:\/\/api.whatsapp.com\/send?text=https:\/\/radiorevelacionfm.cl\/?p=46238' aria-hidden='false' data-av_icon='\uf232' data-av_iconfont='entypo-fontello' title='' data-avia-related-tooltip='Compartir en Whatsapp' rel=\"noopener\"><span class='avia_hidden_link_text'>Compartir en Whatsapp<\/span><\/a><\/li><li class='av-share-link av-social-link-linkedin' ><a target=\"_blank\" aria-label=\"Compartir en LinkedIn\" href='https:\/\/linkedin.com\/shareArticle?mini=true&#038;title=Gobierno%20despliega%20Fonda%20Preventiva%20e%20Inclusiva%20%E2%80%9CUnidos%20por%20un%2018%20Seguro%E2%80%9D&#038;url=https:\/\/radiorevelacionfm.cl\/?p=46238' aria-hidden='false' data-av_icon='\ue8fc' data-av_iconfont='entypo-fontello' title='' data-avia-related-tooltip='Compartir en LinkedIn' rel=\"noopener\"><span class='avia_hidden_link_text'>Compartir en LinkedIn<\/span><\/a><\/li><li class='av-share-link av-social-link-mail' ><a  aria-label=\"Compartir por correo\" href='mailto:?subject=Gobierno%20despliega%20Fonda%20Preventiva%20e%20Inclusiva%20%E2%80%9CUnidos%20por%20un%2018%20Seguro%E2%80%9D&#038;body=https:\/\/radiorevelacionfm.cl\/?p=46238' aria-hidden='false' data-av_icon='\ue805' data-av_iconfont='entypo-fontello' title='' data-avia-related-tooltip='Compartir por correo'><span class='avia_hidden_link_text'>Compartir por correo<\/span><\/a><\/li><\/ul><\/div><\/div>\n<div  style='height:50px' class='hr hr-invisible   avia-builder-el-8  el_after_av_social_share  el_before_av_comments_list '><span class='hr-inner ' ><span class='hr-inner-style'><\/span><\/span><\/div>\n<div  class='av-buildercomment  av-blog-meta-html-info-disabled av-blog-meta-tag-disabled  '><\/div>\n","protected":false},"excerpt":{"rendered":"","protected":false},"author":1,"featured_media":46239,"comment_status":"open","ping_status":"open","sticky":false,"template":"","format":"standard","meta":{"footnotes":""},"categories":[38],"tags":[],"class_list":["post-46238","post","type-post","status-publish","format-standard","has-post-thumbnail","hentry","category-regional"],"jetpack_featured_media_url":"https:\/\/radiorevelacionfm.cl\/wp-content\/uploads\/2024\/09\/whatsapp-image-2024-09-13-at-12_optimized_optimized.49.32-pm-1-1-1.jpeg","_links":{"self":[{"href":"https:\/\/radiorevelacionfm.cl\/index.php?rest_route=\/wp\/v2\/posts\/46238","targetHints":{"allow":["GET"]}}],"collection":[{"href":"https:\/\/radiorevelacionfm.cl\/index.php?rest_route=\/wp\/v2\/posts"}],"about":[{"href":"https:\/\/radiorevelacionfm.cl\/index.php?rest_route=\/wp\/v2\/types\/post"}],"author":[{"embeddable":true,"href":"https:\/\/radiorevelacionfm.cl\/index.php?rest_route=\/wp\/v2\/users\/1"}],"replies":[{"embeddable":true,"href":"https:\/\/radiorevelacionfm.cl\/index.php?rest_route=%2Fwp%2Fv2%2Fcomments&post=46238"}],"version-history":[{"count":1,"href":"https:\/\/radiorevelacionfm.cl\/index.php?rest_route=\/wp\/v2\/posts\/46238\/revisions"}],"predecessor-version":[{"id":46240,"href":"https:\/\/radiorevelacionfm.cl\/index.php?rest_route=\/wp\/v2\/posts\/46238\/revisions\/46240"}],"wp:featuredmedia":[{"embeddable":true,"href":"https:\/\/radiorevelacionfm.cl\/index.php?rest_route=\/wp\/v2\/media\/46239"}],"wp:attachment":[{"href":"https:\/\/radiorevelacionfm.cl\/index.php?rest_route=%2Fwp%2Fv2%2Fmedia&parent=46238"}],"wp:term":[{"taxonomy":"category","embeddable":true,"href":"https:\/\/radiorevelacionfm.cl\/index.php?rest_route=%2Fwp%2Fv2%2Fcategories&post=46238"},{"taxonomy":"post_tag","embeddable":true,"href":"https:\/\/radiorevelacionfm.cl\/index.php?rest_route=%2Fwp%2Fv2%2Ftags&post=46238"}],"curies":[{"name":"wp","href":"https:\/\/api.w.org\/{rel}","templated":true}]}}