{"id":46232,"date":"2024-09-13T21:26:10","date_gmt":"2024-09-14T00:26:10","guid":{"rendered":"https:\/\/radiorevelacionfm.cl\/?p=46232"},"modified":"2024-09-13T21:26:10","modified_gmt":"2024-09-14T00:26:10","slug":"indap-llama-a-organizaciones-a-presentar-sus-candidatos-al-consejo-asesor-de-area-cada-ultimos-dias-para-postular-hasta-el-16-de-septiembre","status":"publish","type":"post","link":"https:\/\/radiorevelacionfm.cl\/?p=46232","title":{"rendered":"INDAP llama a organizaciones a presentar sus candidatos al Consejo Asesor de \u00c1rea (CADA): \u00faltimos d\u00edas para postular hasta el 16 de septiembre"},"content":{"rendered":"<div class=\"flex_column av_one_full  flex_column_div av-zero-column-padding first  avia-builder-el-0  el_before_av_one_full  avia-builder-el-first  \" style='border-radius:0px; '><div  class='avia-image-container  av-styling-    avia-builder-el-1  avia-builder-el-no-sibling  avia-align-center '  itemprop=\"image\" itemscope=\"itemscope\" itemtype=\"https:\/\/schema.org\/ImageObject\"  ><div class='avia-image-container-inner'><div class='avia-image-overlay-wrap'><img decoding=\"async\" class='wp-image-46233 avia-img-lazy-loading-not-46233 avia_image' src=\"https:\/\/radiorevelacionfm.cl\/wp-content\/uploads\/2024\/09\/organizaciones-1-1_optimized-2-1.jpeg\" alt='' title='organizaciones-(1)-(1)_optimized (2) (1)' height=\"600\" width=\"800\"  itemprop=\"thumbnailUrl\" srcset=\"https:\/\/radiorevelacionfm.cl\/wp-content\/uploads\/2024\/09\/organizaciones-1-1_optimized-2-1.jpeg 800w, https:\/\/radiorevelacionfm.cl\/wp-content\/uploads\/2024\/09\/organizaciones-1-1_optimized-2-1-300x225.jpeg 300w, https:\/\/radiorevelacionfm.cl\/wp-content\/uploads\/2024\/09\/organizaciones-1-1_optimized-2-1-768x576.jpeg 768w, https:\/\/radiorevelacionfm.cl\/wp-content\/uploads\/2024\/09\/organizaciones-1-1_optimized-2-1-705x529.jpeg 705w, https:\/\/radiorevelacionfm.cl\/wp-content\/uploads\/2024\/09\/organizaciones-1-1_optimized-2-1-450x338.jpeg 450w, https:\/\/radiorevelacionfm.cl\/wp-content\/uploads\/2024\/09\/organizaciones-1-1_optimized-2-1-600x450.jpeg 600w\" sizes=\"(max-width: 800px) 100vw, 800px\" \/><\/div><\/div><\/div><\/div><div class=\"flex_column av_one_full  flex_column_div av-zero-column-padding first  avia-builder-el-2  el_after_av_one_full  el_before_av_one_full  column-top-margin\" style='border-radius:0px; '><section class=\"av_textblock_section \"  itemscope=\"itemscope\" itemtype=\"https:\/\/schema.org\/BlogPosting\" itemprop=\"blogPost\" ><div class='avia_textblock  '   itemprop=\"text\" ><p style=\"text-align: center;\"><strong><span style=\"font-size: 18pt;\">INDAP llama a organizaciones a presentar sus candidatos al Consejo Asesor de \u00c1rea (CADA): \u00faltimos d\u00edas para postular hasta el 16 de septiembre<\/span><\/strong><\/p>\n<div id=\"gtx-trans\" style=\"position: absolute; left: -50px; top: 4.31534px;\">\n<div class=\"gtx-trans-icon\"><\/div>\n<\/div>\n<\/div><\/section><\/div><div class=\"flex_column av_one_full  flex_column_div av-zero-column-padding first  avia-builder-el-4  el_after_av_one_full  el_before_av_hr  column-top-margin\" style='border-radius:0px; '><section class=\"av_textblock_section \"  itemscope=\"itemscope\" itemtype=\"https:\/\/schema.org\/BlogPosting\" itemprop=\"blogPost\" ><div class='avia_textblock  '   itemprop=\"text\" ><p style=\"text-align: justify;\">INDAP Ays\u00e9n del Ministerio de Agricultura, recuerda a todas las organizaciones de peque\u00f1os productores agr\u00edcolas y campesinos el plazo para presentar candidatos a los Consejos Asesores de \u00c1rea (CADA). Las organizaciones tienen hasta el\u00a016 de septiembre de 2024, a las 17:00 horas, para postular a sus representantes, quienes formar\u00e1n parte de esta instancia clave para fortalecer la relaci\u00f3n de cooperaci\u00f3n entre INDAP y sus beneficiarios, y contribuir al desarrollo productivo y organizacional en la regi\u00f3n. Las elecciones de CADA se realizar\u00e1n en las \u00e1reas de INDAP de Chile Chico, La Junta, Cochrane, Puerto Ays\u00e9n y Coyhaique.<\/p>\n<p style=\"text-align: justify;\">La Directora Regional de INDAP,\u00a0Yessica Lagos C\u00e1rdenas, hizo un llamado a aprovechar estos \u00faltimos d\u00edas para participar:\u00a0\u201cEl CADA es un espacio donde nuestros usuarios y usuarias tienen la oportunidad de ser escuchados y de trabajar directamente en soluciones que mejoren la gesti\u00f3n institucional. Invitamos a las organizaciones a presentar sus candidatos y a ser parte de este proceso tan relevante para el desarrollo de la agricultura familiar campesina.\u201d<\/p>\n<p style=\"text-align: justify;\">El CADA cumple un rol fundamental al permitir el seguimiento local de los proyectos en ejecuci\u00f3n, proponer soluciones a problemas detectados y trabajar en conjunto con los Consejos Asesores Regionales (CAR) para garantizar una mejor gesti\u00f3n a nivel local y regional. Las organizaciones que deseen postular deben estar acreditadas y con su vigencia al d\u00eda, y el candidato(a) propuesto(a) debe ser usuario(a) de INDAP sin mora con la instituci\u00f3n.<\/p>\n<p style=\"text-align: justify;\">Este proceso de elecci\u00f3n es una oportunidad \u00fanica para que las organizaciones de peque\u00f1os productores participen activamente en la mejora de las iniciativas en el mundo rural que INDAP lidera y aseguren la representaci\u00f3n de sus intereses. Las postulaciones requieren una carta firmada por el presidente de la organizaci\u00f3n, que debe ser entregada antes del\u00a016 de septiembre a las 17:00\u00a0en la Agencia de \u00c1rea correspondiente.<\/p>\n<p style=\"text-align: justify;\">La lista de candidatos ser\u00e1 difundida entre el 23 de septiembre y el 01 de octubre, y la votaci\u00f3n para elegir a los nuevos representantes del CADA se llevar\u00e1 a cabo el 03 de octubre de 2024, en las oficinas habilitadas para el proceso.<\/p>\n<\/div><\/section><\/div><div  style='height:50px' class='hr hr-invisible   avia-builder-el-6  el_after_av_one_full  el_before_av_social_share '><span class='hr-inner ' ><span class='hr-inner-style'><\/span><\/span><\/div><\/p>\n<div  class='av-social-sharing-box  avia-builder-el-7  el_after_av_hr  el_before_av_hr  '><div class='av-share-box'><h5 class='av-share-link-description av-no-toc '>Compartir esta noticia<\/h5><ul class='av-share-box-list noLightbox'><li class='av-share-link av-social-link-facebook' ><a target=\"_blank\" aria-label=\"Compartir en Facebook\" href='https:\/\/www.facebook.com\/sharer.php?u=https:\/\/radiorevelacionfm.cl\/?p=46232&#038;t=INDAP%20llama%20a%20organizaciones%20a%20presentar%20sus%20candidatos%20al%20Consejo%20Asesor%20de%20%C3%81rea%20%28CADA%29%3A%20%C3%BAltimos%20d%C3%ADas%20para%20postular%20hasta%20el%2016%20de%20septiembre' aria-hidden='false' data-av_icon='\ue8f3' data-av_iconfont='entypo-fontello' title='' data-avia-related-tooltip='Compartir en Facebook' rel=\"noopener\"><span class='avia_hidden_link_text'>Compartir en Facebook<\/span><\/a><\/li><li class='av-share-link av-social-link-twitter' ><a target=\"_blank\" aria-label=\"Compartir en Twitter\" href='https:\/\/twitter.com\/share?text=INDAP%20llama%20a%20organizaciones%20a%20presentar%20sus%20candidatos%20al%20Consejo%20Asesor%20de%20%C3%81rea%20%28CADA%29%3A%20%C3%BAltimos%20d%C3%ADas%20para%20postular%20hasta%20el%2016%20de%20septiembre&#038;url=https:\/\/radiorevelacionfm.cl\/?p=46232' aria-hidden='false' data-av_icon='\ue8f1' data-av_iconfont='entypo-fontello' title='' data-avia-related-tooltip='Compartir en Twitter' rel=\"noopener\"><span class='avia_hidden_link_text'>Compartir en Twitter<\/span><\/a><\/li><li class='av-share-link av-social-link-whatsapp' ><a target=\"_blank\" aria-label=\"Compartir en Whatsapp\" href='https:\/\/api.whatsapp.com\/send?text=https:\/\/radiorevelacionfm.cl\/?p=46232' aria-hidden='false' data-av_icon='\uf232' data-av_iconfont='entypo-fontello' title='' data-avia-related-tooltip='Compartir en Whatsapp' rel=\"noopener\"><span class='avia_hidden_link_text'>Compartir en Whatsapp<\/span><\/a><\/li><li class='av-share-link av-social-link-linkedin' ><a target=\"_blank\" aria-label=\"Compartir en LinkedIn\" href='https:\/\/linkedin.com\/shareArticle?mini=true&#038;title=INDAP%20llama%20a%20organizaciones%20a%20presentar%20sus%20candidatos%20al%20Consejo%20Asesor%20de%20%C3%81rea%20%28CADA%29%3A%20%C3%BAltimos%20d%C3%ADas%20para%20postular%20hasta%20el%2016%20de%20septiembre&#038;url=https:\/\/radiorevelacionfm.cl\/?p=46232' aria-hidden='false' data-av_icon='\ue8fc' data-av_iconfont='entypo-fontello' title='' data-avia-related-tooltip='Compartir en LinkedIn' rel=\"noopener\"><span class='avia_hidden_link_text'>Compartir en LinkedIn<\/span><\/a><\/li><li class='av-share-link av-social-link-mail' ><a  aria-label=\"Compartir por correo\" href='mailto:?subject=INDAP%20llama%20a%20organizaciones%20a%20presentar%20sus%20candidatos%20al%20Consejo%20Asesor%20de%20%C3%81rea%20%28CADA%29%3A%20%C3%BAltimos%20d%C3%ADas%20para%20postular%20hasta%20el%2016%20de%20septiembre&#038;body=https:\/\/radiorevelacionfm.cl\/?p=46232' aria-hidden='false' data-av_icon='\ue805' data-av_iconfont='entypo-fontello' title='' data-avia-related-tooltip='Compartir por correo'><span class='avia_hidden_link_text'>Compartir por correo<\/span><\/a><\/li><\/ul><\/div><\/div>\n<div  style='height:50px' class='hr hr-invisible   avia-builder-el-8  el_after_av_social_share  el_before_av_comments_list '><span class='hr-inner ' ><span class='hr-inner-style'><\/span><\/span><\/div>\n<div  class='av-buildercomment  av-blog-meta-html-info-disabled av-blog-meta-tag-disabled  '><\/div>\n","protected":false},"excerpt":{"rendered":"","protected":false},"author":1,"featured_media":46233,"comment_status":"open","ping_status":"open","sticky":false,"template":"","format":"standard","meta":{"footnotes":""},"categories":[58],"tags":[],"class_list":["post-46232","post","type-post","status-publish","format-standard","has-post-thumbnail","hentry","category-agricultura"],"jetpack_featured_media_url":"https:\/\/radiorevelacionfm.cl\/wp-content\/uploads\/2024\/09\/organizaciones-1-1_optimized-2-1.jpeg","_links":{"self":[{"href":"https:\/\/radiorevelacionfm.cl\/index.php?rest_route=\/wp\/v2\/posts\/46232","targetHints":{"allow":["GET"]}}],"collection":[{"href":"https:\/\/radiorevelacionfm.cl\/index.php?rest_route=\/wp\/v2\/posts"}],"about":[{"href":"https:\/\/radiorevelacionfm.cl\/index.php?rest_route=\/wp\/v2\/types\/post"}],"author":[{"embeddable":true,"href":"https:\/\/radiorevelacionfm.cl\/index.php?rest_route=\/wp\/v2\/users\/1"}],"replies":[{"embeddable":true,"href":"https:\/\/radiorevelacionfm.cl\/index.php?rest_route=%2Fwp%2Fv2%2Fcomments&post=46232"}],"version-history":[{"count":1,"href":"https:\/\/radiorevelacionfm.cl\/index.php?rest_route=\/wp\/v2\/posts\/46232\/revisions"}],"predecessor-version":[{"id":46234,"href":"https:\/\/radiorevelacionfm.cl\/index.php?rest_route=\/wp\/v2\/posts\/46232\/revisions\/46234"}],"wp:featuredmedia":[{"embeddable":true,"href":"https:\/\/radiorevelacionfm.cl\/index.php?rest_route=\/wp\/v2\/media\/46233"}],"wp:attachment":[{"href":"https:\/\/radiorevelacionfm.cl\/index.php?rest_route=%2Fwp%2Fv2%2Fmedia&parent=46232"}],"wp:term":[{"taxonomy":"category","embeddable":true,"href":"https:\/\/radiorevelacionfm.cl\/index.php?rest_route=%2Fwp%2Fv2%2Fcategories&post=46232"},{"taxonomy":"post_tag","embeddable":true,"href":"https:\/\/radiorevelacionfm.cl\/index.php?rest_route=%2Fwp%2Fv2%2Ftags&post=46232"}],"curies":[{"name":"wp","href":"https:\/\/api.w.org\/{rel}","templated":true}]}}