{"id":4623,"date":"2021-05-28T12:54:56","date_gmt":"2021-05-28T15:54:56","guid":{"rendered":"https:\/\/radiorevelacionfm.cl\/?p=4623"},"modified":"2021-05-28T12:54:56","modified_gmt":"2021-05-28T15:54:56","slug":"500-jardines-infantiles-de-fundacion-integra-ya-cuentan-con-reconocimiento-oficial","status":"publish","type":"post","link":"https:\/\/radiorevelacionfm.cl\/?p=4623","title":{"rendered":"500 jardines infantiles de Fundaci\u00f3n Integra ya cuentan con Reconocimiento Oficial"},"content":{"rendered":"<div class=\"flex_column av_one_full  flex_column_div av-zero-column-padding first  avia-builder-el-0  el_before_av_one_full  avia-builder-el-first  \" style='border-radius:0px; '><div  class='avia-image-container  av-styling-    avia-builder-el-1  avia-builder-el-no-sibling  avia-align-center '  itemprop=\"image\" itemscope=\"itemscope\" itemtype=\"https:\/\/schema.org\/ImageObject\"  ><div class='avia-image-container-inner'><div class='avia-image-overlay-wrap'><img decoding=\"async\" class='wp-image-0 avia-img-lazy-loading-not-0 avia_image' src=\"https:\/\/radiorevelacionfm.cl\/wp-content\/uploads\/2021\/05\/IMG_0369-1-1.jpg\" alt='' title=''   itemprop=\"thumbnailUrl\"  \/><\/div><\/div><\/div><\/div><div class=\"flex_column av_one_full  flex_column_div av-zero-column-padding first  avia-builder-el-2  el_after_av_one_full  el_before_av_one_full  column-top-margin\" style='border-radius:0px; '><section class=\"av_textblock_section \"  itemscope=\"itemscope\" itemtype=\"https:\/\/schema.org\/BlogPosting\" itemprop=\"blogPost\" ><div class='avia_textblock  '   itemprop=\"text\" ><p style=\"text-align: center;\"><strong><span style=\"font-size: 18pt;\">500 jardines infantiles de Fundaci\u00f3n Integra ya cuentan con Reconocimiento Oficial<\/span><\/strong><\/p>\n<div id=\"gtx-trans\" style=\"position: absolute; left: -50px; top: 4.31534px;\">\n<div class=\"gtx-trans-icon\"><\/div>\n<\/div>\n<\/div><\/section><\/div><div class=\"flex_column av_one_full  flex_column_div av-zero-column-padding first  avia-builder-el-4  el_after_av_one_full  el_before_av_hr  column-top-margin\" style='border-radius:0px; '><section class=\"av_textblock_section \"  itemscope=\"itemscope\" itemtype=\"https:\/\/schema.org\/BlogPosting\" itemprop=\"blogPost\" ><div class='avia_textblock  '   itemprop=\"text\" ><p style=\"font-weight: 400; text-align: justify;\">Un verdadero hito para la educaci\u00f3n parvularia es que Fundaci\u00f3n Integra cuenta con 500 establecimientos con Reconocimiento Oficial, acreditaci\u00f3n estatal que certifica que sus establecimientos cumplen con estrictos est\u00e1ndares en el \u00e1mbito pedag\u00f3gico, jur\u00eddico y de infraestructura, lo que garantiza una educaci\u00f3n de calidad.<\/p>\n<p style=\"font-weight: 400; text-align: justify;\">El desaf\u00edo de acreditar todos los establecimientos que brindan educaci\u00f3n parvularia deriva de la Reforma a la Educaci\u00f3n, que define la calidad educativa como uno de sus pilares fundamentales, por lo que Fundaci\u00f3n Integra implement\u00f3 un Plan de Acreditaci\u00f3n y Reconocimiento Institucional para lograr que sus jardines infantiles y salas cuna cumplan con los requisitos de calidad que establece la ley y garantizar as\u00ed la calidad de la educaci\u00f3n que se brinda en sus centros educativos.<\/p>\n<p style=\"font-weight: 400; text-align: justify;\">Para que un jard\u00edn infantil o sala cuna reciba Reconocimiento Oficial, debe contar con una serie de requisitos exigidos por Ley, entre ellos, cumplir con el coeficiente de personal docente y t\u00e9cnico de educaci\u00f3n, con sus estudios completos y acreditados, y no estar inhabilitado para trabajar con ni\u00f1os menores de edad; cada establecimiento debe tener un Proyecto Educativo Institucional que gu\u00eda el proceso de aprendizaje y un Reglamento Interno de Convivencia adem\u00e1s de material did\u00e1ctico suficiente y de calidad para cada ni\u00f1o y ni\u00f1a,\u00a0 junto al respectivo equipamiento tecnol\u00f3gico para los docentes y administrativos.<\/p>\n<p style=\"font-weight: 400; text-align: justify;\">Para Jos\u00e9 Manuel Ready, Director Ejecutivo de Integra, lograr la acreditaci\u00f3n de los primeros 500 establecimientos es un logro muy importante. \u201cDesde el 2018 uno de los focos de nuestra gesti\u00f3n ha sido el Reconocimiento Oficial de nuestros jardines infantiles y salas cuna, una tarea enorme que involucra actualizar aspectos jur\u00eddicos y administrativos, inversiones millonarias en infraestructura y capacitaci\u00f3n de nuestros equipos educativos, entre otros aspectos. Estamos muy contentos, porque que un jard\u00edn infantil cuente con el Reconocimiento Oficial es garantizar a las familias que los ni\u00f1os y ni\u00f1as reciben una educaci\u00f3n parvularia de calidad, un derecho de los ni\u00f1os y la manera m\u00e1s relevante de lograr la igualdad de oportunidades desde la infancia\u201d, afirma.<\/p>\n<p style=\"font-weight: 400; text-align: justify;\">El Plan de Reconocimiento de la instituci\u00f3n estatal ha significado la inversi\u00f3n de m\u00e1s de $45.200 millones, solo por mejoramiento y actualizaci\u00f3n en infraestructura, una suma millonaria que ha permitido que los jardines infantiles acreditados tengan inversiones en patios de juegos y salas de actividades, accesos universales para personas con discapacidad, aumento de la seguridad en las instalaciones, entre otros avances.<\/p>\n<p style=\"font-weight: 400; text-align: justify;\"><strong>\u00bfQu\u00e9 es el Reconocimiento Oficial?<\/strong><\/p>\n<p style=\"font-weight: 400; text-align: justify;\">El Reconocimiento Oficial es la certificaci\u00f3n que entrega el Ministerio de Educaci\u00f3n en la que establece que un jard\u00edn infantil y\/o sala cuna cumple con todos los requisitos \u00a0t\u00e9cnico pedag\u00f3gicos, jur\u00eddicos y de infraestructura que exige la normativa vigente, garantizando as\u00ed una educaci\u00f3n parvularia de calidad.<\/p>\n<p style=\"font-weight: 400; text-align: justify;\">El Plan de Reconocimiento de Integra comprende avanzar hasta los\u00a0 600\u00a0 establecimientos reconocidos del Ministerio de Educaci\u00f3n durante este 2021, finalizando el a\u00f1o 2022 con 776 jardines infantiles y salas cuna con el Reconocimiento Oficial.<\/p>\n<p style=\"font-weight: 400; text-align: justify;\">Integra pertenece a la Red de Fundaciones de la Presidencia de la Rep\u00fablica. Con 30 a\u00f1os de experiencia, es la red m\u00e1s grande de salas cuna y jardines infantiles del pa\u00eds con m\u00e1s de 1.200 establecimientos gratuitos, a los que asisten m\u00e1s de 90 mil ni\u00f1os y ni\u00f1as en todo Chile.<\/p>\n<\/div><\/section><\/div><div  style='height:50px' class='hr hr-invisible   avia-builder-el-6  el_after_av_one_full  el_before_av_social_share '><span class='hr-inner ' ><span class='hr-inner-style'><\/span><\/span><\/div><\/p>\n<div  class='av-social-sharing-box  avia-builder-el-7  el_after_av_hr  el_before_av_hr  '><div class='av-share-box'><h5 class='av-share-link-description av-no-toc '>Compartir esta noticia<\/h5><ul class='av-share-box-list noLightbox'><li class='av-share-link av-social-link-facebook' ><a target=\"_blank\" aria-label=\"Compartir en Facebook\" href='https:\/\/www.facebook.com\/sharer.php?u=https:\/\/radiorevelacionfm.cl\/?p=4623&#038;t=500%20jardines%20infantiles%20de%20Fundaci%C3%B3n%20Integra%20ya%20cuentan%20con%20Reconocimiento%20Oficial' aria-hidden='false' data-av_icon='\ue8f3' data-av_iconfont='entypo-fontello' title='' data-avia-related-tooltip='Compartir en Facebook' rel=\"noopener\"><span class='avia_hidden_link_text'>Compartir en Facebook<\/span><\/a><\/li><li class='av-share-link av-social-link-twitter' ><a target=\"_blank\" aria-label=\"Compartir en Twitter\" href='https:\/\/twitter.com\/share?text=500%20jardines%20infantiles%20de%20Fundaci%C3%B3n%20Integra%20ya%20cuentan%20con%20Reconocimiento%20Oficial&#038;url=https:\/\/radiorevelacionfm.cl\/?p=4623' aria-hidden='false' data-av_icon='\ue8f1' data-av_iconfont='entypo-fontello' title='' data-avia-related-tooltip='Compartir en Twitter' rel=\"noopener\"><span class='avia_hidden_link_text'>Compartir en Twitter<\/span><\/a><\/li><li class='av-share-link av-social-link-whatsapp' ><a target=\"_blank\" aria-label=\"Compartir en Whatsapp\" href='https:\/\/api.whatsapp.com\/send?text=https:\/\/radiorevelacionfm.cl\/?p=4623' aria-hidden='false' data-av_icon='\uf232' data-av_iconfont='entypo-fontello' title='' data-avia-related-tooltip='Compartir en Whatsapp' rel=\"noopener\"><span class='avia_hidden_link_text'>Compartir en Whatsapp<\/span><\/a><\/li><li class='av-share-link av-social-link-linkedin' ><a target=\"_blank\" aria-label=\"Compartir en LinkedIn\" href='https:\/\/linkedin.com\/shareArticle?mini=true&#038;title=500%20jardines%20infantiles%20de%20Fundaci%C3%B3n%20Integra%20ya%20cuentan%20con%20Reconocimiento%20Oficial&#038;url=https:\/\/radiorevelacionfm.cl\/?p=4623' aria-hidden='false' data-av_icon='\ue8fc' data-av_iconfont='entypo-fontello' title='' data-avia-related-tooltip='Compartir en LinkedIn' rel=\"noopener\"><span class='avia_hidden_link_text'>Compartir en LinkedIn<\/span><\/a><\/li><li class='av-share-link av-social-link-mail' ><a  aria-label=\"Compartir por correo\" href='mailto:?subject=500%20jardines%20infantiles%20de%20Fundaci%C3%B3n%20Integra%20ya%20cuentan%20con%20Reconocimiento%20Oficial&#038;body=https:\/\/radiorevelacionfm.cl\/?p=4623' aria-hidden='false' data-av_icon='\ue805' data-av_iconfont='entypo-fontello' title='' data-avia-related-tooltip='Compartir por correo'><span class='avia_hidden_link_text'>Compartir por correo<\/span><\/a><\/li><\/ul><\/div><\/div>\n<div  style='height:50px' class='hr hr-invisible   avia-builder-el-8  el_after_av_social_share  el_before_av_comments_list '><span class='hr-inner ' ><span class='hr-inner-style'><\/span><\/span><\/div>\n<div  class='av-buildercomment  av-blog-meta-html-info-disabled av-blog-meta-tag-disabled  '><\/div>\n","protected":false},"excerpt":{"rendered":"","protected":false},"author":1,"featured_media":0,"comment_status":"open","ping_status":"open","sticky":false,"template":"","format":"standard","meta":{"footnotes":""},"categories":[49],"tags":[],"class_list":["post-4623","post","type-post","status-publish","format-standard","hentry","category-educacion"],"jetpack_featured_media_url":"","_links":{"self":[{"href":"https:\/\/radiorevelacionfm.cl\/index.php?rest_route=\/wp\/v2\/posts\/4623","targetHints":{"allow":["GET"]}}],"collection":[{"href":"https:\/\/radiorevelacionfm.cl\/index.php?rest_route=\/wp\/v2\/posts"}],"about":[{"href":"https:\/\/radiorevelacionfm.cl\/index.php?rest_route=\/wp\/v2\/types\/post"}],"author":[{"embeddable":true,"href":"https:\/\/radiorevelacionfm.cl\/index.php?rest_route=\/wp\/v2\/users\/1"}],"replies":[{"embeddable":true,"href":"https:\/\/radiorevelacionfm.cl\/index.php?rest_route=%2Fwp%2Fv2%2Fcomments&post=4623"}],"version-history":[{"count":1,"href":"https:\/\/radiorevelacionfm.cl\/index.php?rest_route=\/wp\/v2\/posts\/4623\/revisions"}],"predecessor-version":[{"id":4625,"href":"https:\/\/radiorevelacionfm.cl\/index.php?rest_route=\/wp\/v2\/posts\/4623\/revisions\/4625"}],"wp:attachment":[{"href":"https:\/\/radiorevelacionfm.cl\/index.php?rest_route=%2Fwp%2Fv2%2Fmedia&parent=4623"}],"wp:term":[{"taxonomy":"category","embeddable":true,"href":"https:\/\/radiorevelacionfm.cl\/index.php?rest_route=%2Fwp%2Fv2%2Fcategories&post=4623"},{"taxonomy":"post_tag","embeddable":true,"href":"https:\/\/radiorevelacionfm.cl\/index.php?rest_route=%2Fwp%2Fv2%2Ftags&post=4623"}],"curies":[{"name":"wp","href":"https:\/\/api.w.org\/{rel}","templated":true}]}}