{"id":46229,"date":"2024-09-13T14:51:28","date_gmt":"2024-09-13T17:51:28","guid":{"rendered":"https:\/\/radiorevelacionfm.cl\/?p=46229"},"modified":"2024-09-13T14:51:28","modified_gmt":"2024-09-13T17:51:28","slug":"infor-acerca-tecnologia-forestal-a-productores-mas-rezagados-en-la-region-de-aysen","status":"publish","type":"post","link":"https:\/\/radiorevelacionfm.cl\/?p=46229","title":{"rendered":"INFOR acerca tecnolog\u00eda forestal a productores m\u00e1s rezagados en la Regi\u00f3n de Ays\u00e9n"},"content":{"rendered":"<div class=\"flex_column av_one_full  flex_column_div av-zero-column-padding first  avia-builder-el-0  el_before_av_one_full  avia-builder-el-first  \" style='border-radius:0px; '><div  class='avia-image-container  av-styling-    avia-builder-el-1  avia-builder-el-no-sibling  avia-align-center '  itemprop=\"image\" itemscope=\"itemscope\" itemtype=\"https:\/\/schema.org\/ImageObject\"  ><div class='avia-image-container-inner'><div class='avia-image-overlay-wrap'><img decoding=\"async\" class='wp-image-46230 avia-img-lazy-loading-not-46230 avia_image' src=\"https:\/\/radiorevelacionfm.cl\/wp-content\/uploads\/2024\/09\/1-84-1_optimized-1.jpeg\" alt='' title='1-(84)-(1)_optimized (1)' height=\"600\" width=\"1067\"  itemprop=\"thumbnailUrl\" srcset=\"https:\/\/radiorevelacionfm.cl\/wp-content\/uploads\/2024\/09\/1-84-1_optimized-1.jpeg 1067w, https:\/\/radiorevelacionfm.cl\/wp-content\/uploads\/2024\/09\/1-84-1_optimized-1-300x169.jpeg 300w, https:\/\/radiorevelacionfm.cl\/wp-content\/uploads\/2024\/09\/1-84-1_optimized-1-1030x579.jpeg 1030w, https:\/\/radiorevelacionfm.cl\/wp-content\/uploads\/2024\/09\/1-84-1_optimized-1-768x432.jpeg 768w, https:\/\/radiorevelacionfm.cl\/wp-content\/uploads\/2024\/09\/1-84-1_optimized-1-705x396.jpeg 705w, https:\/\/radiorevelacionfm.cl\/wp-content\/uploads\/2024\/09\/1-84-1_optimized-1-450x253.jpeg 450w, https:\/\/radiorevelacionfm.cl\/wp-content\/uploads\/2024\/09\/1-84-1_optimized-1-600x337.jpeg 600w\" sizes=\"(max-width: 1067px) 100vw, 1067px\" \/><\/div><\/div><\/div><\/div><div class=\"flex_column av_one_full  flex_column_div av-zero-column-padding first  avia-builder-el-2  el_after_av_one_full  el_before_av_one_full  column-top-margin\" style='border-radius:0px; '><section class=\"av_textblock_section \"  itemscope=\"itemscope\" itemtype=\"https:\/\/schema.org\/BlogPosting\" itemprop=\"blogPost\" ><div class='avia_textblock  '   itemprop=\"text\" ><p style=\"text-align: center;\"><span style=\"font-size: 18pt;\"><b>INFOR acerca tecnolog\u00eda forestal a productores m\u00e1s rezagados en la Regi\u00f3n de Ays\u00e9n<\/b><\/span><\/p>\n<div id=\"gtx-trans\" style=\"position: absolute; left: -50px; top: 4.31534px;\">\n<div class=\"gtx-trans-icon\"><\/div>\n<\/div>\n<\/div><\/section><\/div><div class=\"flex_column av_one_full  flex_column_div av-zero-column-padding first  avia-builder-el-4  el_after_av_one_full  el_before_av_hr  column-top-margin\" style='border-radius:0px; '><section class=\"av_textblock_section \"  itemscope=\"itemscope\" itemtype=\"https:\/\/schema.org\/BlogPosting\" itemprop=\"blogPost\" ><div class='avia_textblock  '   itemprop=\"text\" ><p style=\"text-align: justify;\"><em>A trav\u00e9s de la entrega de maquinaria, se busca disminuir brechas productivas, aumentar la producci\u00f3n y la calidad de la le\u00f1a y otros productos madereros y mejorar la calidad vida de los beneficiarios con una disminuci\u00f3n notable de su esfuerzo f\u00edsico.<\/em><\/p>\n<p style=\"text-align: justify;\">El equipo de Instituto Forestal (INFOR) Patagonia, organismo perteneciente al Ministerio de Agricultura, se traslad\u00f3 a los territorios m\u00e1s australes de la Regi\u00f3n de Ays\u00e9n \u00a0para concretar una nutrida agenda de actividades en las comunas de Cochrane, Tortel y Villa O&#8217;Higgins, que incluy\u00f3 visitas a los productores y productoras del Programa Silv\u00edcola de Capit\u00e1n Prat, financiado por el Gobierno Regional y su consejo, que permite a beneficiarios capacitarse en el uso de nuevas herramientas para trabajar con tecnolog\u00eda de punta.<\/p>\n<p style=\"text-align: justify;\">Al respecto, el gerente de INFOR Patagonia, Jaime Salinas, se\u00f1al\u00f3 que el trabajo realizado en este programa \u00abnos permiti\u00f3 llegar como Gobierno a las zonas m\u00e1s aisladas de la regi\u00f3n para prestar apoyo tecnol\u00f3gico a productoras y productores le\u00f1eros\u00bb.<\/p>\n<p style=\"text-align: justify;\">\u00abAc\u00e1 se conjug\u00f3 un trabajo de traspaso de conocimiento para el correcto uso del bosque por parte del equipo de INFOR, incorporando tecnolog\u00eda que va rotando entre los beneficiarios, que a la vez les permite incrementar sus ingresos familiares y aportar\u00e1 a un desarrollo territorial arm\u00f3nico, equitativo y solidario\u00bb, explic\u00f3.<\/p>\n<p style=\"text-align: justify;\"><strong>Del hacha a la m\u00e1quina trozadora<\/strong><\/p>\n<p style=\"text-align: justify;\">Entre las actividades desarrolladas destac\u00f3 una reuni\u00f3n con el Comit\u00e9 Productivo y Maderero Nativos del Baker, agrupaci\u00f3n recientemente conformada al alero del INFOR, constituido por 20 productores de madera y le\u00f1a, artesanos, mueblistas, hombres y mujeres que trabajan con la madera de los bosques de sur de Ays\u00e9n.<\/p>\n<p style=\"text-align: justify;\">En Cochrane se visitaron una serie de productores de los sectores Los \u00d1adis, Laguna el Diablo y Tres Lagos para conocer el estado de m\u00e1quinas cortadoras de le\u00f1a, hacer entrega de sacos para el almacenamiento y comercializaci\u00f3n de le\u00f1a de calidad que cumpla con los requisitos que indica la legislaci\u00f3n vigente.<\/p>\n<p style=\"text-align: justify;\">Posteriormente, el equipo de INFOR se traslad\u00f3 a Villa O&#8217;Higgins para hacer una visita a Florentino G\u00f3mez, productor del sector de R\u00edo Mayer, quien fue uno de los beneficiarios del Programa que le provey\u00f3 una m\u00e1quina trozadora de le\u00f1a. \u00abAntes, era a hacha y despu\u00e9s llegamos a la motosierra, y hoy en d\u00eda INFOR llega con esta maquinaria que para uno es una tecnolog\u00eda muy avanzada, es muy bueno, a m\u00ed me sirvi\u00f3 much\u00edsimo\u00bb, manifest\u00f3.<\/p>\n<p style=\"text-align: justify;\">El recorrido continu\u00f3 hasta Lago Christie localizado a 54 km hacia el noreste de Villa O&#8217;Higgins para entregar una m\u00e1quina partidora de origen alem\u00e1n a Oreste Mansilla quien trabaja junto a Jovan Campos en una faena de producci\u00f3n de madera y le\u00f1a local.<\/p>\n<p style=\"text-align: justify;\">\u00abHoy en d\u00eda tenemos en comodato una maquinaria de INFOR, la cual ha sido muy \u00fatil en el tema de los procesos; nosotros ac\u00e1 elaboramos la madera y la le\u00f1a del otro lado del Lago Christie y la transportamos en embarcaciones. La maquinaria nos ayuda a optimizar los tiempos, sobre todo en la producci\u00f3n que ayuda much\u00edsimo en el esfuerzo f\u00edsico, como tambi\u00e9n en el rendimiento de volumen, as\u00ed es que&#8230; muy contento\u00bb, expres\u00f3 Campos, agradecido, adem\u00e1s, por el apoyo permanente del INFOR.<\/p>\n<p style=\"text-align: justify;\">\u00abHemos recibido apoyo de INFOR ya hace varios a\u00f1os con la entrega de conocimiento a trav\u00e9s de charlas, cursos en temas de aserraderos y tambi\u00e9n capacitaciones de procesos de le\u00f1a con maquinaria\u00bb, agreg\u00f3.<\/p>\n<p style=\"text-align: justify;\">Finalmente, llegar a estos sitios apartados donde la movilizaci\u00f3n es exclusivamente por v\u00eda mar\u00edtima permite equilibrar el acceso a las oportunidades de las personas y llegar con apoyo del Estado a los lugares m\u00e1s apartados de Chile.<\/p>\n<\/div><\/section><\/div><div  style='height:50px' class='hr hr-invisible   avia-builder-el-6  el_after_av_one_full  el_before_av_social_share '><span class='hr-inner ' ><span class='hr-inner-style'><\/span><\/span><\/div><\/p>\n<div  class='av-social-sharing-box  avia-builder-el-7  el_after_av_hr  el_before_av_hr  '><div class='av-share-box'><h5 class='av-share-link-description av-no-toc '>Compartir esta noticia<\/h5><ul class='av-share-box-list noLightbox'><li class='av-share-link av-social-link-facebook' ><a target=\"_blank\" aria-label=\"Compartir en Facebook\" href='https:\/\/www.facebook.com\/sharer.php?u=https:\/\/radiorevelacionfm.cl\/?p=46229&#038;t=INFOR%20acerca%20tecnolog%C3%ADa%20forestal%20a%20productores%20m%C3%A1s%20rezagados%20en%20la%20Regi%C3%B3n%20de%20Ays%C3%A9n' aria-hidden='false' data-av_icon='\ue8f3' data-av_iconfont='entypo-fontello' title='' data-avia-related-tooltip='Compartir en Facebook' rel=\"noopener\"><span class='avia_hidden_link_text'>Compartir en Facebook<\/span><\/a><\/li><li class='av-share-link av-social-link-twitter' ><a target=\"_blank\" aria-label=\"Compartir en Twitter\" href='https:\/\/twitter.com\/share?text=INFOR%20acerca%20tecnolog%C3%ADa%20forestal%20a%20productores%20m%C3%A1s%20rezagados%20en%20la%20Regi%C3%B3n%20de%20Ays%C3%A9n&#038;url=https:\/\/radiorevelacionfm.cl\/?p=46229' aria-hidden='false' data-av_icon='\ue8f1' data-av_iconfont='entypo-fontello' title='' data-avia-related-tooltip='Compartir en Twitter' rel=\"noopener\"><span class='avia_hidden_link_text'>Compartir en Twitter<\/span><\/a><\/li><li class='av-share-link av-social-link-whatsapp' ><a target=\"_blank\" aria-label=\"Compartir en Whatsapp\" href='https:\/\/api.whatsapp.com\/send?text=https:\/\/radiorevelacionfm.cl\/?p=46229' aria-hidden='false' data-av_icon='\uf232' data-av_iconfont='entypo-fontello' title='' data-avia-related-tooltip='Compartir en Whatsapp' rel=\"noopener\"><span class='avia_hidden_link_text'>Compartir en Whatsapp<\/span><\/a><\/li><li class='av-share-link av-social-link-linkedin' ><a target=\"_blank\" aria-label=\"Compartir en LinkedIn\" href='https:\/\/linkedin.com\/shareArticle?mini=true&#038;title=INFOR%20acerca%20tecnolog%C3%ADa%20forestal%20a%20productores%20m%C3%A1s%20rezagados%20en%20la%20Regi%C3%B3n%20de%20Ays%C3%A9n&#038;url=https:\/\/radiorevelacionfm.cl\/?p=46229' aria-hidden='false' data-av_icon='\ue8fc' data-av_iconfont='entypo-fontello' title='' data-avia-related-tooltip='Compartir en LinkedIn' rel=\"noopener\"><span class='avia_hidden_link_text'>Compartir en LinkedIn<\/span><\/a><\/li><li class='av-share-link av-social-link-mail' ><a  aria-label=\"Compartir por correo\" href='mailto:?subject=INFOR%20acerca%20tecnolog%C3%ADa%20forestal%20a%20productores%20m%C3%A1s%20rezagados%20en%20la%20Regi%C3%B3n%20de%20Ays%C3%A9n&#038;body=https:\/\/radiorevelacionfm.cl\/?p=46229' aria-hidden='false' data-av_icon='\ue805' data-av_iconfont='entypo-fontello' title='' data-avia-related-tooltip='Compartir por correo'><span class='avia_hidden_link_text'>Compartir por correo<\/span><\/a><\/li><\/ul><\/div><\/div>\n<div  style='height:50px' class='hr hr-invisible   avia-builder-el-8  el_after_av_social_share  el_before_av_comments_list '><span class='hr-inner ' ><span class='hr-inner-style'><\/span><\/span><\/div>\n<div  class='av-buildercomment  av-blog-meta-html-info-disabled av-blog-meta-tag-disabled  '><\/div>\n","protected":false},"excerpt":{"rendered":"","protected":false},"author":1,"featured_media":46230,"comment_status":"open","ping_status":"open","sticky":false,"template":"","format":"standard","meta":{"footnotes":""},"categories":[38],"tags":[],"class_list":["post-46229","post","type-post","status-publish","format-standard","has-post-thumbnail","hentry","category-regional"],"jetpack_featured_media_url":"https:\/\/radiorevelacionfm.cl\/wp-content\/uploads\/2024\/09\/1-84-1_optimized-1.jpeg","_links":{"self":[{"href":"https:\/\/radiorevelacionfm.cl\/index.php?rest_route=\/wp\/v2\/posts\/46229","targetHints":{"allow":["GET"]}}],"collection":[{"href":"https:\/\/radiorevelacionfm.cl\/index.php?rest_route=\/wp\/v2\/posts"}],"about":[{"href":"https:\/\/radiorevelacionfm.cl\/index.php?rest_route=\/wp\/v2\/types\/post"}],"author":[{"embeddable":true,"href":"https:\/\/radiorevelacionfm.cl\/index.php?rest_route=\/wp\/v2\/users\/1"}],"replies":[{"embeddable":true,"href":"https:\/\/radiorevelacionfm.cl\/index.php?rest_route=%2Fwp%2Fv2%2Fcomments&post=46229"}],"version-history":[{"count":1,"href":"https:\/\/radiorevelacionfm.cl\/index.php?rest_route=\/wp\/v2\/posts\/46229\/revisions"}],"predecessor-version":[{"id":46231,"href":"https:\/\/radiorevelacionfm.cl\/index.php?rest_route=\/wp\/v2\/posts\/46229\/revisions\/46231"}],"wp:featuredmedia":[{"embeddable":true,"href":"https:\/\/radiorevelacionfm.cl\/index.php?rest_route=\/wp\/v2\/media\/46230"}],"wp:attachment":[{"href":"https:\/\/radiorevelacionfm.cl\/index.php?rest_route=%2Fwp%2Fv2%2Fmedia&parent=46229"}],"wp:term":[{"taxonomy":"category","embeddable":true,"href":"https:\/\/radiorevelacionfm.cl\/index.php?rest_route=%2Fwp%2Fv2%2Fcategories&post=46229"},{"taxonomy":"post_tag","embeddable":true,"href":"https:\/\/radiorevelacionfm.cl\/index.php?rest_route=%2Fwp%2Fv2%2Ftags&post=46229"}],"curies":[{"name":"wp","href":"https:\/\/api.w.org\/{rel}","templated":true}]}}