{"id":46225,"date":"2024-09-13T11:36:53","date_gmt":"2024-09-13T14:36:53","guid":{"rendered":"https:\/\/radiorevelacionfm.cl\/?p=46225"},"modified":"2024-09-13T11:36:53","modified_gmt":"2024-09-13T14:36:53","slug":"revisan-avances-y-plazos-para-la-puesta-en-marcha-del-nuevo-hospital-de-chile-chico","status":"publish","type":"post","link":"https:\/\/radiorevelacionfm.cl\/?p=46225","title":{"rendered":"Revisan avances y plazos para la puesta en marcha del nuevo Hospital de Chile Chico"},"content":{"rendered":"<div class=\"flex_column av_one_full  flex_column_div av-zero-column-padding first  avia-builder-el-0  el_before_av_one_full  avia-builder-el-first  \" style='border-radius:0px; '><div  class='avia-image-container  av-styling-    avia-builder-el-1  avia-builder-el-no-sibling  avia-align-center '  itemprop=\"image\" itemscope=\"itemscope\" itemtype=\"https:\/\/schema.org\/ImageObject\"  ><div class='avia-image-container-inner'><div class='avia-image-overlay-wrap'><img decoding=\"async\" class='wp-image-46227 avia-img-lazy-loading-not-46227 avia_image' src=\"https:\/\/radiorevelacionfm.cl\/wp-content\/uploads\/2024\/09\/FOTO-HOSPITAL-CHILE-CHICO1-1-1.jpg\" alt='' title='FOTO HOSPITAL CHILE CHICO1 (1) (1)' height=\"600\" width=\"858\"  itemprop=\"thumbnailUrl\" srcset=\"https:\/\/radiorevelacionfm.cl\/wp-content\/uploads\/2024\/09\/FOTO-HOSPITAL-CHILE-CHICO1-1-1.jpg 858w, https:\/\/radiorevelacionfm.cl\/wp-content\/uploads\/2024\/09\/FOTO-HOSPITAL-CHILE-CHICO1-1-1-300x210.jpg 300w, https:\/\/radiorevelacionfm.cl\/wp-content\/uploads\/2024\/09\/FOTO-HOSPITAL-CHILE-CHICO1-1-1-768x537.jpg 768w, https:\/\/radiorevelacionfm.cl\/wp-content\/uploads\/2024\/09\/FOTO-HOSPITAL-CHILE-CHICO1-1-1-705x493.jpg 705w, https:\/\/radiorevelacionfm.cl\/wp-content\/uploads\/2024\/09\/FOTO-HOSPITAL-CHILE-CHICO1-1-1-450x315.jpg 450w, https:\/\/radiorevelacionfm.cl\/wp-content\/uploads\/2024\/09\/FOTO-HOSPITAL-CHILE-CHICO1-1-1-600x420.jpg 600w\" sizes=\"(max-width: 858px) 100vw, 858px\" \/><\/div><\/div><\/div><\/div><div class=\"flex_column av_one_full  flex_column_div av-zero-column-padding first  avia-builder-el-2  el_after_av_one_full  el_before_av_one_full  column-top-margin\" style='border-radius:0px; '><section class=\"av_textblock_section \"  itemscope=\"itemscope\" itemtype=\"https:\/\/schema.org\/BlogPosting\" itemprop=\"blogPost\" ><div class='avia_textblock  '   itemprop=\"text\" ><p style=\"text-align: center;\"><span style=\"font-size: 18pt;\"><b>Revisan avances y plazos para la puesta en marcha del nuevo Hospital de Chile Chico<\/b><\/span><\/p>\n<div id=\"gtx-trans\" style=\"position: absolute; left: -50px; top: 4.31534px;\">\n<div class=\"gtx-trans-icon\"><\/div>\n<\/div>\n<\/div><\/section><\/div><div class=\"flex_column av_one_full  flex_column_div av-zero-column-padding first  avia-builder-el-4  el_after_av_one_full  el_before_av_hr  column-top-margin\" style='border-radius:0px; '><section class=\"av_textblock_section \"  itemscope=\"itemscope\" itemtype=\"https:\/\/schema.org\/BlogPosting\" itemprop=\"blogPost\" ><div class='avia_textblock  '   itemprop=\"text\" ><p style=\"font-weight: 400; text-align: justify;\">Con el objetivo de realizar un seguimiento en terreno del proceso de Puesta en Marcha y Gesti\u00f3n del Cambio del Hospital Dr. Leopoldo Ortega de Chile Chico, profesionales de la Subdirecci\u00f3n Administrativa del Servicio de Salud Ays\u00e9n, se reunieron con el equipo de la Direcci\u00f3n Regional de Arquitectura del MOP y el equipo de monitoreo del Ministerio de Salud.<\/p>\n<p style=\"font-weight: 400; text-align: justify;\">El encuentro tuvo como objetivo revisar minuciosamente los aspectos normativos y t\u00e9cnicos del contrato de la obra, asegurando que todos los compromisos est\u00e9n listos en los plazos establecidos de la apertura del establecimiento, garantizando as\u00ed salud de calidad a los habitantes de la comuna.<\/p>\n<p style=\"font-weight: 400; text-align: justify;\">As\u00ed lo dio a conocer el director (S) del Servicio de Salud Ays\u00e9n, quien explic\u00f3 la importancia de esta reuni\u00f3n en la ciudad del sol.<\/p>\n<p style=\"font-weight: 400; text-align: justify;\">\u201cLa reuni\u00f3n se desarroll\u00f3 con la finalidad de ajustar todos los detalles que tenemos para terminar de muy buena forma la ejecuci\u00f3n de este contrato. Hemos estado revisando aspectos normativos, funcionales para que en conjunto podamos dar un muy buen t\u00e9rmino a esta obra desde el punto de vista t\u00e9cnico, desde la llegada de los equipos y as\u00ed poder cumplir con los plazos que nos han solicitado desde el Ministerio de Salud\u201d, expres\u00f3 Mauricio Cort\u00e9s Molina, director (S) del Servicio de Salud Ays\u00e9n.<\/p>\n<p style=\"font-weight: 400; text-align: justify;\">En esa misma l\u00ednea, Germ\u00e1n S\u00e1ez Cabello, jefe del Departamento de Monitoreo del Ministerio de Salud dependiente de la Divisi\u00f3n de Inversiones de la Subsecretar\u00eda de Redes Asistenciales, manifest\u00f3. \u201cHoy d\u00eda podr\u00edamos estar planteando que el hospital va a estar terminado dentro de este periodo 2024, es decir, no estamos poniendo como fecha determinada para generar el proceso de recepci\u00f3n a partir de la \u00faltima semana de diciembre o la primera semana de enero, de tal forma de cumplir con que el hospital ya est\u00e1 construido y pueda entrar en operaci\u00f3n a partir no m\u00e1s all\u00e1 en el mes de marzo, como se estableci\u00f3 en los compromisos y eso es lo que nosotros venimos hoy d\u00eda a certificar y a corroborar de que eso se cumpla\u201d.<\/p>\n<p style=\"font-weight: 400; text-align: justify;\">Asimismo, Paola Az\u00f3car Betancur, directora regional de la Direcci\u00f3n de Arquitectura del MOP, mencion\u00f3, \u201ccon esto esperamos poder dar un buen cierre a esta gran obra emblem\u00e1tica que ha sido encomendada, tanto la ministra de Obras P\u00fablicas como de Salud se han comprometido en este Gobierno a poder tener edificaciones de calidad que presten servicio a habitantes alejados, como es en la comuna de Chile Chico, as\u00ed es que estamos hoy d\u00eda trabajando en ello y esperamos poder tener buenas noticias para que tengamos fecha de entrega de esta obra de manera definitiva\u201d, dijo Az\u00f3car.<\/p>\n<p style=\"font-weight: 400; text-align: justify;\">El Hospital Dr. Leopoldo Ortega de Chile Chico, es una obra emblem\u00e1tica que busca fortalecer la red de salud en la regi\u00f3n, proporcionando instalaciones modernas y equipadas para mejorar la atenci\u00f3n de los habitantes de la comuna y sus alrededores.<\/p>\n<\/div><\/section><\/div><div  style='height:50px' class='hr hr-invisible   avia-builder-el-6  el_after_av_one_full  el_before_av_social_share '><span class='hr-inner ' ><span class='hr-inner-style'><\/span><\/span><\/div><\/p>\n<div  class='av-social-sharing-box  avia-builder-el-7  el_after_av_hr  el_before_av_hr  '><div class='av-share-box'><h5 class='av-share-link-description av-no-toc '>Compartir esta noticia<\/h5><ul class='av-share-box-list noLightbox'><li class='av-share-link av-social-link-facebook' ><a target=\"_blank\" aria-label=\"Compartir en Facebook\" href='https:\/\/www.facebook.com\/sharer.php?u=https:\/\/radiorevelacionfm.cl\/?p=46225&#038;t=Revisan%20avances%20y%20plazos%20para%20la%20puesta%20en%20marcha%20del%20nuevo%20Hospital%20de%20Chile%20Chico' aria-hidden='false' data-av_icon='\ue8f3' data-av_iconfont='entypo-fontello' title='' data-avia-related-tooltip='Compartir en Facebook' rel=\"noopener\"><span class='avia_hidden_link_text'>Compartir en Facebook<\/span><\/a><\/li><li class='av-share-link av-social-link-twitter' ><a target=\"_blank\" aria-label=\"Compartir en Twitter\" href='https:\/\/twitter.com\/share?text=Revisan%20avances%20y%20plazos%20para%20la%20puesta%20en%20marcha%20del%20nuevo%20Hospital%20de%20Chile%20Chico&#038;url=https:\/\/radiorevelacionfm.cl\/?p=46225' aria-hidden='false' data-av_icon='\ue8f1' data-av_iconfont='entypo-fontello' title='' data-avia-related-tooltip='Compartir en Twitter' rel=\"noopener\"><span class='avia_hidden_link_text'>Compartir en Twitter<\/span><\/a><\/li><li class='av-share-link av-social-link-whatsapp' ><a target=\"_blank\" aria-label=\"Compartir en Whatsapp\" href='https:\/\/api.whatsapp.com\/send?text=https:\/\/radiorevelacionfm.cl\/?p=46225' aria-hidden='false' data-av_icon='\uf232' data-av_iconfont='entypo-fontello' title='' data-avia-related-tooltip='Compartir en Whatsapp' rel=\"noopener\"><span class='avia_hidden_link_text'>Compartir en Whatsapp<\/span><\/a><\/li><li class='av-share-link av-social-link-linkedin' ><a target=\"_blank\" aria-label=\"Compartir en LinkedIn\" href='https:\/\/linkedin.com\/shareArticle?mini=true&#038;title=Revisan%20avances%20y%20plazos%20para%20la%20puesta%20en%20marcha%20del%20nuevo%20Hospital%20de%20Chile%20Chico&#038;url=https:\/\/radiorevelacionfm.cl\/?p=46225' aria-hidden='false' data-av_icon='\ue8fc' data-av_iconfont='entypo-fontello' title='' data-avia-related-tooltip='Compartir en LinkedIn' rel=\"noopener\"><span class='avia_hidden_link_text'>Compartir en LinkedIn<\/span><\/a><\/li><li class='av-share-link av-social-link-mail' ><a  aria-label=\"Compartir por correo\" href='mailto:?subject=Revisan%20avances%20y%20plazos%20para%20la%20puesta%20en%20marcha%20del%20nuevo%20Hospital%20de%20Chile%20Chico&#038;body=https:\/\/radiorevelacionfm.cl\/?p=46225' aria-hidden='false' data-av_icon='\ue805' data-av_iconfont='entypo-fontello' title='' data-avia-related-tooltip='Compartir por correo'><span class='avia_hidden_link_text'>Compartir por correo<\/span><\/a><\/li><\/ul><\/div><\/div>\n<div  style='height:50px' class='hr hr-invisible   avia-builder-el-8  el_after_av_social_share  el_before_av_comments_list '><span class='hr-inner ' ><span class='hr-inner-style'><\/span><\/span><\/div>\n<div  class='av-buildercomment  av-blog-meta-html-info-disabled av-blog-meta-tag-disabled  '><\/div>\n","protected":false},"excerpt":{"rendered":"","protected":false},"author":1,"featured_media":46227,"comment_status":"open","ping_status":"open","sticky":false,"template":"","format":"standard","meta":{"footnotes":""},"categories":[46],"tags":[],"class_list":["post-46225","post","type-post","status-publish","format-standard","has-post-thumbnail","hentry","category-salud"],"jetpack_featured_media_url":"https:\/\/radiorevelacionfm.cl\/wp-content\/uploads\/2024\/09\/FOTO-HOSPITAL-CHILE-CHICO1-1-1.jpg","_links":{"self":[{"href":"https:\/\/radiorevelacionfm.cl\/index.php?rest_route=\/wp\/v2\/posts\/46225","targetHints":{"allow":["GET"]}}],"collection":[{"href":"https:\/\/radiorevelacionfm.cl\/index.php?rest_route=\/wp\/v2\/posts"}],"about":[{"href":"https:\/\/radiorevelacionfm.cl\/index.php?rest_route=\/wp\/v2\/types\/post"}],"author":[{"embeddable":true,"href":"https:\/\/radiorevelacionfm.cl\/index.php?rest_route=\/wp\/v2\/users\/1"}],"replies":[{"embeddable":true,"href":"https:\/\/radiorevelacionfm.cl\/index.php?rest_route=%2Fwp%2Fv2%2Fcomments&post=46225"}],"version-history":[{"count":1,"href":"https:\/\/radiorevelacionfm.cl\/index.php?rest_route=\/wp\/v2\/posts\/46225\/revisions"}],"predecessor-version":[{"id":46228,"href":"https:\/\/radiorevelacionfm.cl\/index.php?rest_route=\/wp\/v2\/posts\/46225\/revisions\/46228"}],"wp:featuredmedia":[{"embeddable":true,"href":"https:\/\/radiorevelacionfm.cl\/index.php?rest_route=\/wp\/v2\/media\/46227"}],"wp:attachment":[{"href":"https:\/\/radiorevelacionfm.cl\/index.php?rest_route=%2Fwp%2Fv2%2Fmedia&parent=46225"}],"wp:term":[{"taxonomy":"category","embeddable":true,"href":"https:\/\/radiorevelacionfm.cl\/index.php?rest_route=%2Fwp%2Fv2%2Fcategories&post=46225"},{"taxonomy":"post_tag","embeddable":true,"href":"https:\/\/radiorevelacionfm.cl\/index.php?rest_route=%2Fwp%2Fv2%2Ftags&post=46225"}],"curies":[{"name":"wp","href":"https:\/\/api.w.org\/{rel}","templated":true}]}}