{"id":46222,"date":"2024-09-13T11:00:56","date_gmt":"2024-09-13T14:00:56","guid":{"rendered":"https:\/\/radiorevelacionfm.cl\/?p=46222"},"modified":"2024-09-13T11:00:56","modified_gmt":"2024-09-13T14:00:56","slug":"sag-cuenta-con-modulos-de-autogestion-para-trazabilidad-animal-en-sus-oficinas-sectoriales","status":"publish","type":"post","link":"https:\/\/radiorevelacionfm.cl\/?p=46222","title":{"rendered":"SAG cuenta con m\u00f3dulos de autogesti\u00f3n para Trazabilidad Animal en sus oficinas sectoriales"},"content":{"rendered":"<div class=\"flex_column av_one_full  flex_column_div av-zero-column-padding first  avia-builder-el-0  el_before_av_one_full  avia-builder-el-first  \" style='border-radius:0px; '><div  class='avia-image-container  av-styling-    avia-builder-el-1  avia-builder-el-no-sibling  avia-align-center '  itemprop=\"image\" itemscope=\"itemscope\" itemtype=\"https:\/\/schema.org\/ImageObject\"  ><div class='avia-image-container-inner'><div class='avia-image-overlay-wrap'><img decoding=\"async\" class='wp-image-46223 avia-img-lazy-loading-not-46223 avia_image' src=\"https:\/\/radiorevelacionfm.cl\/wp-content\/uploads\/2024\/09\/modulo-2-1-1.jpg\" alt='' title='m\u00f3dulo 2 (1) (1)' height=\"600\" width=\"824\"  itemprop=\"thumbnailUrl\" srcset=\"https:\/\/radiorevelacionfm.cl\/wp-content\/uploads\/2024\/09\/modulo-2-1-1.jpg 824w, https:\/\/radiorevelacionfm.cl\/wp-content\/uploads\/2024\/09\/modulo-2-1-1-300x218.jpg 300w, https:\/\/radiorevelacionfm.cl\/wp-content\/uploads\/2024\/09\/modulo-2-1-1-768x559.jpg 768w, https:\/\/radiorevelacionfm.cl\/wp-content\/uploads\/2024\/09\/modulo-2-1-1-705x513.jpg 705w, https:\/\/radiorevelacionfm.cl\/wp-content\/uploads\/2024\/09\/modulo-2-1-1-450x328.jpg 450w, https:\/\/radiorevelacionfm.cl\/wp-content\/uploads\/2024\/09\/modulo-2-1-1-600x437.jpg 600w\" sizes=\"(max-width: 824px) 100vw, 824px\" \/><\/div><\/div><\/div><\/div><div class=\"flex_column av_one_full  flex_column_div av-zero-column-padding first  avia-builder-el-2  el_after_av_one_full  el_before_av_one_full  column-top-margin\" style='border-radius:0px; '><section class=\"av_textblock_section \"  itemscope=\"itemscope\" itemtype=\"https:\/\/schema.org\/BlogPosting\" itemprop=\"blogPost\" ><div class='avia_textblock  '   itemprop=\"text\" ><p style=\"text-align: center;\"><span style=\"font-size: 18pt;\"><strong>SAG cuenta con m\u00f3dulos de autogesti\u00f3n para Trazabilidad Animal en sus oficinas sectoriales<\/strong><\/span><\/p>\n<div id=\"gtx-trans\" style=\"position: absolute; left: -50px; top: 4.31534px;\">\n<div class=\"gtx-trans-icon\"><\/div>\n<\/div>\n<\/div><\/section><\/div><div class=\"flex_column av_one_full  flex_column_div av-zero-column-padding first  avia-builder-el-4  el_after_av_one_full  el_before_av_hr  column-top-margin\" style='border-radius:0px; '><section class=\"av_textblock_section \"  itemscope=\"itemscope\" itemtype=\"https:\/\/schema.org\/BlogPosting\" itemprop=\"blogPost\" ><div class='avia_textblock  '   itemprop=\"text\" ><p style=\"text-align: justify;\">El Servicio Agr\u00edcola y Ganadero instal\u00f3 m\u00f3dulos de autogesti\u00f3n de trazabilidad animal, en sus cinco oficinas sectoriales en regi\u00f3n de Ays\u00e9n (La Junta- Puerto Ays\u00e9n- Coyhaique- Chile Chico y Cochrane).<\/p>\n<p style=\"text-align: justify;\">La iniciativa, forma parte del programa FNDR \u00abApoyo a la Trazabilidad de la Peque\u00f1a Ganader\u00eda de la Regi\u00f3n de Ays\u00e9n\u201d, ejecutado por SAG y financiado por el Gobierno Regional de Ays\u00e9n, programa, centrado en potenciar la actividad agropecuaria a trav\u00e9s de la diferenciaci\u00f3n productiva de la ganader\u00eda regional. El Servicio Agr\u00edcola y Ganadero (SAG) del Ministerio de Agricultura impulsa en Ays\u00e9n un plan para que peque\u00f1os productores y productoras accedan al programa oficial de Trazabilidad Animal.<\/p>\n<p style=\"text-align: justify;\">El director regional SAG, Julio Cerda Cordero, destac\u00f3 \u201cla importancia de esta iniciativa es acercar y facilitar el acceso a las herramientas digitales disponibles para la gesti\u00f3n de la trazabilidad del ganado, contando con un m\u00f3dulo de autogesti\u00f3n en las oficinas del Servicio en la regi\u00f3n, y a la vez poder disponer asistencia por parte de las y los supervisores del Programa\u201d, declar\u00f3.<\/p>\n<p style=\"text-align: justify;\">En dichos M\u00f3dulos las y los productores podr\u00e1n acceder a las plataformas oficiales del Servicio Agr\u00edcola y Ganadero como SIPEC M\u00f3vil y SIPEC Web donde con sus respectivos \u00abusuarios y contrase\u00f1as\u00bb, podr\u00e1 cada usuario gestionar de manera amigable los tr\u00e1mites obligatorios como declaraci\u00f3n de existencia animal (DEA) en SIPEC web, registrar Formularios de Identificaci\u00f3n Individual Oficial (FIIO) y formularios de movimiento animal en SIPEC M\u00f3vil, para\u00a0mantener actualizada\u00a0la trazabilidad de\u00a0sus\u00a0bovinos, indic\u00f3 Nicol\u00e1s Valdivieso, encargado regional de protecci\u00f3n pecuaria SAG Ays\u00e9n.<\/p>\n<\/div><\/section><\/div><div  style='height:50px' class='hr hr-invisible   avia-builder-el-6  el_after_av_one_full  el_before_av_social_share '><span class='hr-inner ' ><span class='hr-inner-style'><\/span><\/span><\/div><\/p>\n<div  class='av-social-sharing-box  avia-builder-el-7  el_after_av_hr  el_before_av_hr  '><div class='av-share-box'><h5 class='av-share-link-description av-no-toc '>Compartir esta noticia<\/h5><ul class='av-share-box-list noLightbox'><li class='av-share-link av-social-link-facebook' ><a target=\"_blank\" aria-label=\"Compartir en Facebook\" href='https:\/\/www.facebook.com\/sharer.php?u=https:\/\/radiorevelacionfm.cl\/?p=46222&#038;t=SAG%20cuenta%20con%20m%C3%B3dulos%20de%20autogesti%C3%B3n%20para%20Trazabilidad%20Animal%20en%20sus%20oficinas%20sectoriales' aria-hidden='false' data-av_icon='\ue8f3' data-av_iconfont='entypo-fontello' title='' data-avia-related-tooltip='Compartir en Facebook' rel=\"noopener\"><span class='avia_hidden_link_text'>Compartir en Facebook<\/span><\/a><\/li><li class='av-share-link av-social-link-twitter' ><a target=\"_blank\" aria-label=\"Compartir en Twitter\" href='https:\/\/twitter.com\/share?text=SAG%20cuenta%20con%20m%C3%B3dulos%20de%20autogesti%C3%B3n%20para%20Trazabilidad%20Animal%20en%20sus%20oficinas%20sectoriales&#038;url=https:\/\/radiorevelacionfm.cl\/?p=46222' aria-hidden='false' data-av_icon='\ue8f1' data-av_iconfont='entypo-fontello' title='' data-avia-related-tooltip='Compartir en Twitter' rel=\"noopener\"><span class='avia_hidden_link_text'>Compartir en Twitter<\/span><\/a><\/li><li class='av-share-link av-social-link-whatsapp' ><a target=\"_blank\" aria-label=\"Compartir en Whatsapp\" href='https:\/\/api.whatsapp.com\/send?text=https:\/\/radiorevelacionfm.cl\/?p=46222' aria-hidden='false' data-av_icon='\uf232' data-av_iconfont='entypo-fontello' title='' data-avia-related-tooltip='Compartir en Whatsapp' rel=\"noopener\"><span class='avia_hidden_link_text'>Compartir en Whatsapp<\/span><\/a><\/li><li class='av-share-link av-social-link-linkedin' ><a target=\"_blank\" aria-label=\"Compartir en LinkedIn\" href='https:\/\/linkedin.com\/shareArticle?mini=true&#038;title=SAG%20cuenta%20con%20m%C3%B3dulos%20de%20autogesti%C3%B3n%20para%20Trazabilidad%20Animal%20en%20sus%20oficinas%20sectoriales&#038;url=https:\/\/radiorevelacionfm.cl\/?p=46222' aria-hidden='false' data-av_icon='\ue8fc' data-av_iconfont='entypo-fontello' title='' data-avia-related-tooltip='Compartir en LinkedIn' rel=\"noopener\"><span class='avia_hidden_link_text'>Compartir en LinkedIn<\/span><\/a><\/li><li class='av-share-link av-social-link-mail' ><a  aria-label=\"Compartir por correo\" href='mailto:?subject=SAG%20cuenta%20con%20m%C3%B3dulos%20de%20autogesti%C3%B3n%20para%20Trazabilidad%20Animal%20en%20sus%20oficinas%20sectoriales&#038;body=https:\/\/radiorevelacionfm.cl\/?p=46222' aria-hidden='false' data-av_icon='\ue805' data-av_iconfont='entypo-fontello' title='' data-avia-related-tooltip='Compartir por correo'><span class='avia_hidden_link_text'>Compartir por correo<\/span><\/a><\/li><\/ul><\/div><\/div>\n<div  style='height:50px' class='hr hr-invisible   avia-builder-el-8  el_after_av_social_share  el_before_av_comments_list '><span class='hr-inner ' ><span class='hr-inner-style'><\/span><\/span><\/div>\n<div  class='av-buildercomment  av-blog-meta-html-info-disabled av-blog-meta-tag-disabled  '><\/div>\n","protected":false},"excerpt":{"rendered":"","protected":false},"author":1,"featured_media":46223,"comment_status":"open","ping_status":"open","sticky":false,"template":"","format":"standard","meta":{"footnotes":""},"categories":[38],"tags":[],"class_list":["post-46222","post","type-post","status-publish","format-standard","has-post-thumbnail","hentry","category-regional"],"jetpack_featured_media_url":"https:\/\/radiorevelacionfm.cl\/wp-content\/uploads\/2024\/09\/modulo-2-1-1.jpg","_links":{"self":[{"href":"https:\/\/radiorevelacionfm.cl\/index.php?rest_route=\/wp\/v2\/posts\/46222","targetHints":{"allow":["GET"]}}],"collection":[{"href":"https:\/\/radiorevelacionfm.cl\/index.php?rest_route=\/wp\/v2\/posts"}],"about":[{"href":"https:\/\/radiorevelacionfm.cl\/index.php?rest_route=\/wp\/v2\/types\/post"}],"author":[{"embeddable":true,"href":"https:\/\/radiorevelacionfm.cl\/index.php?rest_route=\/wp\/v2\/users\/1"}],"replies":[{"embeddable":true,"href":"https:\/\/radiorevelacionfm.cl\/index.php?rest_route=%2Fwp%2Fv2%2Fcomments&post=46222"}],"version-history":[{"count":1,"href":"https:\/\/radiorevelacionfm.cl\/index.php?rest_route=\/wp\/v2\/posts\/46222\/revisions"}],"predecessor-version":[{"id":46224,"href":"https:\/\/radiorevelacionfm.cl\/index.php?rest_route=\/wp\/v2\/posts\/46222\/revisions\/46224"}],"wp:featuredmedia":[{"embeddable":true,"href":"https:\/\/radiorevelacionfm.cl\/index.php?rest_route=\/wp\/v2\/media\/46223"}],"wp:attachment":[{"href":"https:\/\/radiorevelacionfm.cl\/index.php?rest_route=%2Fwp%2Fv2%2Fmedia&parent=46222"}],"wp:term":[{"taxonomy":"category","embeddable":true,"href":"https:\/\/radiorevelacionfm.cl\/index.php?rest_route=%2Fwp%2Fv2%2Fcategories&post=46222"},{"taxonomy":"post_tag","embeddable":true,"href":"https:\/\/radiorevelacionfm.cl\/index.php?rest_route=%2Fwp%2Fv2%2Ftags&post=46222"}],"curies":[{"name":"wp","href":"https:\/\/api.w.org\/{rel}","templated":true}]}}