{"id":46219,"date":"2024-09-13T10:02:32","date_gmt":"2024-09-13T13:02:32","guid":{"rendered":"https:\/\/radiorevelacionfm.cl\/?p=46219"},"modified":"2024-09-13T10:02:32","modified_gmt":"2024-09-13T13:02:32","slug":"sera-el-primero-en-la-region-gobierno-anuncia-instalacion-de-centro-de-atencion-especializada-en-violencias-de-genero-en-cochrane","status":"publish","type":"post","link":"https:\/\/radiorevelacionfm.cl\/?p=46219","title":{"rendered":"Ser\u00e1 el primero en la regi\u00f3n: Gobierno anuncia instalaci\u00f3n de Centro de Atenci\u00f3n Especializada en Violencias de G\u00e9nero en Cochrane"},"content":{"rendered":"<div class=\"flex_column av_one_full  flex_column_div av-zero-column-padding first  avia-builder-el-0  el_before_av_one_full  avia-builder-el-first  \" style='border-radius:0px; '><div  class='avia-image-container  av-styling-    avia-builder-el-1  avia-builder-el-no-sibling  avia-align-center '  itemprop=\"image\" itemscope=\"itemscope\" itemtype=\"https:\/\/schema.org\/ImageObject\"  ><div class='avia-image-container-inner'><div class='avia-image-overlay-wrap'><img decoding=\"async\" class='wp-image-46220 avia-img-lazy-loading-not-46220 avia_image' src=\"https:\/\/radiorevelacionfm.cl\/wp-content\/uploads\/2024\/09\/cae-cochrane-2-1_optimized-1.jpg\" alt='' title='cae-cochrane-2-(1)_optimized (1)' height=\"600\" width=\"900\"  itemprop=\"thumbnailUrl\" srcset=\"https:\/\/radiorevelacionfm.cl\/wp-content\/uploads\/2024\/09\/cae-cochrane-2-1_optimized-1.jpg 900w, https:\/\/radiorevelacionfm.cl\/wp-content\/uploads\/2024\/09\/cae-cochrane-2-1_optimized-1-300x200.jpg 300w, https:\/\/radiorevelacionfm.cl\/wp-content\/uploads\/2024\/09\/cae-cochrane-2-1_optimized-1-768x512.jpg 768w, https:\/\/radiorevelacionfm.cl\/wp-content\/uploads\/2024\/09\/cae-cochrane-2-1_optimized-1-705x470.jpg 705w, https:\/\/radiorevelacionfm.cl\/wp-content\/uploads\/2024\/09\/cae-cochrane-2-1_optimized-1-450x300.jpg 450w, https:\/\/radiorevelacionfm.cl\/wp-content\/uploads\/2024\/09\/cae-cochrane-2-1_optimized-1-600x400.jpg 600w\" sizes=\"(max-width: 900px) 100vw, 900px\" \/><\/div><\/div><\/div><\/div><div class=\"flex_column av_one_full  flex_column_div av-zero-column-padding first  avia-builder-el-2  el_after_av_one_full  el_before_av_one_full  column-top-margin\" style='border-radius:0px; '><section class=\"av_textblock_section \"  itemscope=\"itemscope\" itemtype=\"https:\/\/schema.org\/BlogPosting\" itemprop=\"blogPost\" ><div class='avia_textblock  '   itemprop=\"text\" ><p style=\"text-align: center;\"><strong><span style=\"font-size: 18pt;\">Ser\u00e1 el primero en la regi\u00f3n: Gobierno anuncia instalaci\u00f3n de Centro de Atenci\u00f3n Especializada en Violencias de G\u00e9nero en Cochrane<\/span><\/strong><\/p>\n<div id=\"gtx-trans\" style=\"position: absolute; left: -50px; top: 4.31534px;\">\n<div class=\"gtx-trans-icon\"><\/div>\n<\/div>\n<\/div><\/section><\/div><div class=\"flex_column av_one_full  flex_column_div av-zero-column-padding first  avia-builder-el-4  el_after_av_one_full  el_before_av_hr  column-top-margin\" style='border-radius:0px; '><section class=\"av_textblock_section \"  itemscope=\"itemscope\" itemtype=\"https:\/\/schema.org\/BlogPosting\" itemprop=\"blogPost\" ><div class='avia_textblock  '   itemprop=\"text\" ><p dir=\"ltr\" style=\"text-align: justify;\">En el marco de un compromiso de Gobierno, comunicado por el Presidente Gabriel Boric en la conmemoraci\u00f3n del 8 de marzo de este a\u00f1o, el delegado presidencial regional de Ays\u00e9n, la directora regional del Servicio Nacional de la Mujer y la Equidad de G\u00e9nero (SernamEG) y el alcalde de la Ilustre Municipalidad de Cochrane, se reunieron este jueves en la Plaza Pentagonal de Coyhaique para anunciar la instalaci\u00f3n del primer Centro de Atenci\u00f3n Especializada en Violencias de G\u00e9nero en la Regi\u00f3n de Ays\u00e9n.<\/p>\n<p dir=\"ltr\" style=\"text-align: justify;\">Es as\u00ed como, continuando con la labor gubernamental de descentralizar el Estado y sus instituciones, tanto a nivel pa\u00eds como a nivel regional, este centro no estar\u00e1 ubicado en Coyhaique, sino que funcionar\u00e1 en la localidad de Cochrane. Esta decisi\u00f3n estrat\u00e9gica, que tambi\u00e9n responde a una deuda hist\u00f3rica con las mujeres del territorio, permitir\u00e1 a SernamEG entregar apoyo de manera presencial y oportuna a v\u00edctimas de violencia de cuatro comunas del sur de la regi\u00f3n.<\/p>\n<p dir=\"ltr\" style=\"text-align: justify;\">As\u00ed lo recalc\u00f3 el Delegado Presidencial Regional de Ays\u00e9n, Rodrigo Araya Morales, quien sostuvo que la instalaci\u00f3n de este centro \u00abva en directo beneficio de la Provincia de Capit\u00e1n Prat. Estamos hablando que el alcalde asume esa responsabilidad y esa cooperaci\u00f3n para poder instalarlo en la comuna de Cochrane, pero evidentemente va a beneficiar a la gente que vive en Tortel, en O&#8217;Higgins y tambi\u00e9n en Chile Chico (Provincia de General Carrera). Por lo tanto, creemos que estamos avanzando en la equidad y prestaci\u00f3n de atenciones en este tema tan relevante\u00bb.<\/p>\n<p dir=\"ltr\" style=\"text-align: justify;\">Posterior al anuncio, las autoridades de SernamEG y del municipio procedieron a la firma del convenio de transferencia que permitir\u00e1 materializar este centro en Cochrane, donde desde el mes de octubre funcionar\u00e1 el \u00abPrograma de Recuperaci\u00f3n del Ejercicio de la Autonom\u00eda para V\u00edctimas y Sobrevivientes de Violencia de G\u00e9nero\u00bb de SernamEG, el cual contempla apoyo y atenciones psicol\u00f3gicas, sociales, jur\u00eddicas e inclusive psiqui\u00e1tricas de ser necesario.<\/p>\n<p dir=\"ltr\" style=\"text-align: justify;\">\u00abEsta es una se\u00f1al importante, que da cuenta de c\u00f3mo el Estado est\u00e1 llegando con su oferta a los territorios, y dando respuesta a una problem\u00e1tica que es tremendamente importante que es el tema de la violencia contra la mujer. Sabemos que este ha sido un problema de connotaci\u00f3n p\u00fablica y que ha tenido altos \u00edndices en este \u00faltimo tiempo, por lo tanto para nosotros es muy relevante poder concretar hoy este proceso con la firma del convenio que nos permite llevar a cabo la instalaci\u00f3n del centro\u00bb, se\u00f1al\u00f3 la Directora Regional de SernamEG Ays\u00e9n, Patricia Baeza Cabezas.<\/p>\n<p dir=\"ltr\" style=\"text-align: justify;\">Por su parte, el alcalde de la Ilustre Municipalidad de Cochrane, Jorge Calder\u00f3n N\u00fa\u00f1ez, explic\u00f3 que \u00abeste va a ser uno de los 15 centros especializados que vamos a tener en Chile, y la gran noticia es que vamos a tener uno en la Regi\u00f3n de Ays\u00e9n y particularmente en la comuna de Cochrane. Por lo tanto, estamos tremendamente satisfechos, pero adem\u00e1s como municipio tenemos el desaf\u00edo de abordar esto con la seriedad que se requiere. Hemos avanzado en la instalaci\u00f3n de la Oficina Local de la Ni\u00f1ez, hemos abordado de muy buena manera el trabajo con adultos mayores, y hoy nos permitimos seguir avanzando con las mujeres\u00bb.<\/p>\n<\/div><\/section><\/div><div  style='height:50px' class='hr hr-invisible   avia-builder-el-6  el_after_av_one_full  el_before_av_social_share '><span class='hr-inner ' ><span class='hr-inner-style'><\/span><\/span><\/div><\/p>\n<div  class='av-social-sharing-box  avia-builder-el-7  el_after_av_hr  el_before_av_hr  '><div class='av-share-box'><h5 class='av-share-link-description av-no-toc '>Compartir esta noticia<\/h5><ul class='av-share-box-list noLightbox'><li class='av-share-link av-social-link-facebook' ><a target=\"_blank\" aria-label=\"Compartir en Facebook\" href='https:\/\/www.facebook.com\/sharer.php?u=https:\/\/radiorevelacionfm.cl\/?p=46219&#038;t=Ser%C3%A1%20el%20primero%20en%20la%20regi%C3%B3n%3A%20Gobierno%20anuncia%20instalaci%C3%B3n%20de%20Centro%20de%20Atenci%C3%B3n%20Especializada%20en%20Violencias%20de%20G%C3%A9nero%20en%20Cochrane' aria-hidden='false' data-av_icon='\ue8f3' data-av_iconfont='entypo-fontello' title='' data-avia-related-tooltip='Compartir en Facebook' rel=\"noopener\"><span class='avia_hidden_link_text'>Compartir en Facebook<\/span><\/a><\/li><li class='av-share-link av-social-link-twitter' ><a target=\"_blank\" aria-label=\"Compartir en Twitter\" href='https:\/\/twitter.com\/share?text=Ser%C3%A1%20el%20primero%20en%20la%20regi%C3%B3n%3A%20Gobierno%20anuncia%20instalaci%C3%B3n%20de%20Centro%20de%20Atenci%C3%B3n%20Especializada%20en%20Violencias%20de%20G%C3%A9nero%20en%20Cochrane&#038;url=https:\/\/radiorevelacionfm.cl\/?p=46219' aria-hidden='false' data-av_icon='\ue8f1' data-av_iconfont='entypo-fontello' title='' data-avia-related-tooltip='Compartir en Twitter' rel=\"noopener\"><span class='avia_hidden_link_text'>Compartir en Twitter<\/span><\/a><\/li><li class='av-share-link av-social-link-whatsapp' ><a target=\"_blank\" aria-label=\"Compartir en Whatsapp\" href='https:\/\/api.whatsapp.com\/send?text=https:\/\/radiorevelacionfm.cl\/?p=46219' aria-hidden='false' data-av_icon='\uf232' data-av_iconfont='entypo-fontello' title='' data-avia-related-tooltip='Compartir en Whatsapp' rel=\"noopener\"><span class='avia_hidden_link_text'>Compartir en Whatsapp<\/span><\/a><\/li><li class='av-share-link av-social-link-linkedin' ><a target=\"_blank\" aria-label=\"Compartir en LinkedIn\" href='https:\/\/linkedin.com\/shareArticle?mini=true&#038;title=Ser%C3%A1%20el%20primero%20en%20la%20regi%C3%B3n%3A%20Gobierno%20anuncia%20instalaci%C3%B3n%20de%20Centro%20de%20Atenci%C3%B3n%20Especializada%20en%20Violencias%20de%20G%C3%A9nero%20en%20Cochrane&#038;url=https:\/\/radiorevelacionfm.cl\/?p=46219' aria-hidden='false' data-av_icon='\ue8fc' data-av_iconfont='entypo-fontello' title='' data-avia-related-tooltip='Compartir en LinkedIn' rel=\"noopener\"><span class='avia_hidden_link_text'>Compartir en LinkedIn<\/span><\/a><\/li><li class='av-share-link av-social-link-mail' ><a  aria-label=\"Compartir por correo\" href='mailto:?subject=Ser%C3%A1%20el%20primero%20en%20la%20regi%C3%B3n%3A%20Gobierno%20anuncia%20instalaci%C3%B3n%20de%20Centro%20de%20Atenci%C3%B3n%20Especializada%20en%20Violencias%20de%20G%C3%A9nero%20en%20Cochrane&#038;body=https:\/\/radiorevelacionfm.cl\/?p=46219' aria-hidden='false' data-av_icon='\ue805' data-av_iconfont='entypo-fontello' title='' data-avia-related-tooltip='Compartir por correo'><span class='avia_hidden_link_text'>Compartir por correo<\/span><\/a><\/li><\/ul><\/div><\/div>\n<div  style='height:50px' class='hr hr-invisible   avia-builder-el-8  el_after_av_social_share  el_before_av_comments_list '><span class='hr-inner ' ><span class='hr-inner-style'><\/span><\/span><\/div>\n<div  class='av-buildercomment  av-blog-meta-html-info-disabled av-blog-meta-tag-disabled  '><\/div>\n","protected":false},"excerpt":{"rendered":"","protected":false},"author":1,"featured_media":46220,"comment_status":"open","ping_status":"open","sticky":false,"template":"","format":"standard","meta":{"footnotes":""},"categories":[38],"tags":[],"class_list":["post-46219","post","type-post","status-publish","format-standard","has-post-thumbnail","hentry","category-regional"],"jetpack_featured_media_url":"https:\/\/radiorevelacionfm.cl\/wp-content\/uploads\/2024\/09\/cae-cochrane-2-1_optimized-1.jpg","_links":{"self":[{"href":"https:\/\/radiorevelacionfm.cl\/index.php?rest_route=\/wp\/v2\/posts\/46219","targetHints":{"allow":["GET"]}}],"collection":[{"href":"https:\/\/radiorevelacionfm.cl\/index.php?rest_route=\/wp\/v2\/posts"}],"about":[{"href":"https:\/\/radiorevelacionfm.cl\/index.php?rest_route=\/wp\/v2\/types\/post"}],"author":[{"embeddable":true,"href":"https:\/\/radiorevelacionfm.cl\/index.php?rest_route=\/wp\/v2\/users\/1"}],"replies":[{"embeddable":true,"href":"https:\/\/radiorevelacionfm.cl\/index.php?rest_route=%2Fwp%2Fv2%2Fcomments&post=46219"}],"version-history":[{"count":1,"href":"https:\/\/radiorevelacionfm.cl\/index.php?rest_route=\/wp\/v2\/posts\/46219\/revisions"}],"predecessor-version":[{"id":46221,"href":"https:\/\/radiorevelacionfm.cl\/index.php?rest_route=\/wp\/v2\/posts\/46219\/revisions\/46221"}],"wp:featuredmedia":[{"embeddable":true,"href":"https:\/\/radiorevelacionfm.cl\/index.php?rest_route=\/wp\/v2\/media\/46220"}],"wp:attachment":[{"href":"https:\/\/radiorevelacionfm.cl\/index.php?rest_route=%2Fwp%2Fv2%2Fmedia&parent=46219"}],"wp:term":[{"taxonomy":"category","embeddable":true,"href":"https:\/\/radiorevelacionfm.cl\/index.php?rest_route=%2Fwp%2Fv2%2Fcategories&post=46219"},{"taxonomy":"post_tag","embeddable":true,"href":"https:\/\/radiorevelacionfm.cl\/index.php?rest_route=%2Fwp%2Fv2%2Ftags&post=46219"}],"curies":[{"name":"wp","href":"https:\/\/api.w.org\/{rel}","templated":true}]}}