{"id":46216,"date":"2024-09-12T19:05:16","date_gmt":"2024-09-12T22:05:16","guid":{"rendered":"https:\/\/radiorevelacionfm.cl\/?p=46216"},"modified":"2024-09-12T19:05:16","modified_gmt":"2024-09-12T22:05:16","slug":"despues-de-7-anos-de-servicio-tamar-la-funcionaria-canina-de-la-pdi-inicia-su-retiro","status":"publish","type":"post","link":"https:\/\/radiorevelacionfm.cl\/?p=46216","title":{"rendered":"Despu\u00e9s de 7 a\u00f1os de servicio Tamar, la funcionaria canina de la PDI inicia su retiro"},"content":{"rendered":"<div class=\"flex_column av_one_full  flex_column_div av-zero-column-padding first  avia-builder-el-0  el_before_av_one_full  avia-builder-el-first  \" style='border-radius:0px; '><div  class='avia-image-container  av-styling-    avia-builder-el-1  avia-builder-el-no-sibling  avia-align-center '  itemprop=\"image\" itemscope=\"itemscope\" itemtype=\"https:\/\/schema.org\/ImageObject\"  ><div class='avia-image-container-inner'><div class='avia-image-overlay-wrap'><img decoding=\"async\" class='wp-image-46217 avia-img-lazy-loading-not-46217 avia_image' src=\"https:\/\/radiorevelacionfm.cl\/wp-content\/uploads\/2024\/09\/DSC_0036-1-1-1.jpg\" alt='' title='DSC_0036 (1) (1) (1)' height=\"600\" width=\"900\"  itemprop=\"thumbnailUrl\" srcset=\"https:\/\/radiorevelacionfm.cl\/wp-content\/uploads\/2024\/09\/DSC_0036-1-1-1.jpg 900w, https:\/\/radiorevelacionfm.cl\/wp-content\/uploads\/2024\/09\/DSC_0036-1-1-1-300x200.jpg 300w, https:\/\/radiorevelacionfm.cl\/wp-content\/uploads\/2024\/09\/DSC_0036-1-1-1-768x512.jpg 768w, https:\/\/radiorevelacionfm.cl\/wp-content\/uploads\/2024\/09\/DSC_0036-1-1-1-705x470.jpg 705w, https:\/\/radiorevelacionfm.cl\/wp-content\/uploads\/2024\/09\/DSC_0036-1-1-1-450x300.jpg 450w, https:\/\/radiorevelacionfm.cl\/wp-content\/uploads\/2024\/09\/DSC_0036-1-1-1-600x400.jpg 600w\" sizes=\"(max-width: 900px) 100vw, 900px\" \/><\/div><\/div><\/div><\/div><div class=\"flex_column av_one_full  flex_column_div av-zero-column-padding first  avia-builder-el-2  el_after_av_one_full  el_before_av_one_full  column-top-margin\" style='border-radius:0px; '><section class=\"av_textblock_section \"  itemscope=\"itemscope\" itemtype=\"https:\/\/schema.org\/BlogPosting\" itemprop=\"blogPost\" ><div class='avia_textblock  '   itemprop=\"text\" ><p style=\"text-align: center;\"><strong><span style=\"font-size: 18pt;\">Despu\u00e9s de 7 a\u00f1os de servicio Tamar, la funcionaria canina de la PDI inicia su retiro<\/span><\/strong><\/p>\n<div id=\"gtx-trans\" style=\"position: absolute; left: -50px; top: 4.31534px;\">\n<div class=\"gtx-trans-icon\"><\/div>\n<\/div>\n<\/div><\/section><\/div><div class=\"flex_column av_one_full  flex_column_div av-zero-column-padding first  avia-builder-el-4  el_after_av_one_full  el_before_av_hr  column-top-margin\" style='border-radius:0px; '><section class=\"av_textblock_section \"  itemscope=\"itemscope\" itemtype=\"https:\/\/schema.org\/BlogPosting\" itemprop=\"blogPost\" ><div class='avia_textblock  '   itemprop=\"text\" ><p style=\"text-align: justify;\">Con una ceremonia y acompa\u00f1ada de autoridades regionales y compa\u00f1eros de trabajo, Tamar Dubrovnik\u00b4s, ejemplar canina perteneciente a la Brigada Antinarc\u00f3ticos y Contra el Crimen Organizado Coyhaique, dio inicio a su retiro de las filas PDI.<\/p>\n<p style=\"text-align: justify;\">Tamar, naci\u00f3 el 05 de mayo del 2013, en Santiago, ciudad donde fue adiestrada por la Brigada de Adiestramiento Canino (BRIACAN) de la PDI. desde cachorra, demostr\u00f3 gran inter\u00e9s, disciplina y entrega al trabajo, siendo aceptada por los profesionales m\u00e9dicos e instructores para ser parte del equipo de B\u00fasqueda de Cad\u00e1veres. Fue as\u00ed, que en el a\u00f1o 2014 es destinada como funcionaria a la BRIACAN, logrando el hallazgo de 10 cuerpos durante su paso por la unidad.<\/p>\n<p style=\"text-align: justify;\">Es importante hacer presente que la mayor\u00eda de los ejemplares caninos, cuando son adiestrados, parten con una base de detecci\u00f3n de drogas, alrededor de 10 meses de adiestramiento olfativo, posteriormente y seg\u00fan sus habilidades, se le suman nuevos olores para poder trabajar en otras disciplinas como fue el caso de Tamar.<\/p>\n<p style=\"text-align: justify;\">En junio del 2021, fue destinada a la Brigada Antinarc\u00f3ticos y Contra el Crimen Organizado (BRIANCO) Coyhaique junto a su gu\u00eda, ambos comenzaron una labor en la regi\u00f3n que dur\u00f3 tres a\u00f1os, siendo un gran apoyo tanto en las investigaciones de b\u00fasqueda de droga de su brigada, como para el equipo MT-0 de Puerto Ays\u00e9n. \u201cHoy Tamar cierra una d\u00e9cada de trabajo en la PDI.\u00a0Fue una gran ejemplar, particip\u00f3 en distintas cat\u00e1strofes, ayud\u00f3 a combatir el narcotr\u00e1fico\u00a0y gracias a su trabajo ayud\u00f3 a que yo me consolidara como gu\u00eda, canino e instructor.\u00a0As\u00ed que voy a estar eternamente agradecido, va a tener un lugar muy especial en mi casa, junto a mi familia\u00a0y brindarle todas las comodidades que ella se merece.\u201d Coment\u00f3 el agente policial superior Jos\u00e9 Vargas, gu\u00eda de Tamar.<\/p>\n<p style=\"text-align: justify;\">Debido a su gran trabajo logr\u00f3 incautar 91.740 dosis de Cannabis Sativa, 20.836 dosis de Clorhidrato de Coca\u00edna y 517 comprimidos de droga sint\u00e9tica. Sumado a lo anterior, logr\u00f3 el hallazgo de un arma de fuego y 2 artefactos pirot\u00e9cnicos controlados por la Ley 17.798.<\/p>\n<p style=\"text-align: justify;\">La ceremonia culmin\u00f3 con la acci\u00f3n simb\u00f3lica de quitar el parche distintivo de la brigada y el arn\u00e9s que la identificaba como miembro de la instituci\u00f3n. Tamar inicia su retiro y comienza su merecido descanso, luego de 7 a\u00f1os al servicio de la naci\u00f3n, abandonando definitivamente su destacada labor en favor de toda la comunidad.<\/p>\n<\/div><\/section><\/div><div  style='height:50px' class='hr hr-invisible   avia-builder-el-6  el_after_av_one_full  el_before_av_social_share '><span class='hr-inner ' ><span class='hr-inner-style'><\/span><\/span><\/div><\/p>\n<div  class='av-social-sharing-box  avia-builder-el-7  el_after_av_hr  el_before_av_hr  '><div class='av-share-box'><h5 class='av-share-link-description av-no-toc '>Compartir esta noticia<\/h5><ul class='av-share-box-list noLightbox'><li class='av-share-link av-social-link-facebook' ><a target=\"_blank\" aria-label=\"Compartir en Facebook\" href='https:\/\/www.facebook.com\/sharer.php?u=https:\/\/radiorevelacionfm.cl\/?p=46216&#038;t=Despu%C3%A9s%20de%207%20a%C3%B1os%20de%20servicio%20Tamar%2C%20la%20funcionaria%20canina%20de%20la%20PDI%20inicia%20su%20retiro' aria-hidden='false' data-av_icon='\ue8f3' data-av_iconfont='entypo-fontello' title='' data-avia-related-tooltip='Compartir en Facebook' rel=\"noopener\"><span class='avia_hidden_link_text'>Compartir en Facebook<\/span><\/a><\/li><li class='av-share-link av-social-link-twitter' ><a target=\"_blank\" aria-label=\"Compartir en Twitter\" href='https:\/\/twitter.com\/share?text=Despu%C3%A9s%20de%207%20a%C3%B1os%20de%20servicio%20Tamar%2C%20la%20funcionaria%20canina%20de%20la%20PDI%20inicia%20su%20retiro&#038;url=https:\/\/radiorevelacionfm.cl\/?p=46216' aria-hidden='false' data-av_icon='\ue8f1' data-av_iconfont='entypo-fontello' title='' data-avia-related-tooltip='Compartir en Twitter' rel=\"noopener\"><span class='avia_hidden_link_text'>Compartir en Twitter<\/span><\/a><\/li><li class='av-share-link av-social-link-whatsapp' ><a target=\"_blank\" aria-label=\"Compartir en Whatsapp\" href='https:\/\/api.whatsapp.com\/send?text=https:\/\/radiorevelacionfm.cl\/?p=46216' aria-hidden='false' data-av_icon='\uf232' data-av_iconfont='entypo-fontello' title='' data-avia-related-tooltip='Compartir en Whatsapp' rel=\"noopener\"><span class='avia_hidden_link_text'>Compartir en Whatsapp<\/span><\/a><\/li><li class='av-share-link av-social-link-linkedin' ><a target=\"_blank\" aria-label=\"Compartir en LinkedIn\" href='https:\/\/linkedin.com\/shareArticle?mini=true&#038;title=Despu%C3%A9s%20de%207%20a%C3%B1os%20de%20servicio%20Tamar%2C%20la%20funcionaria%20canina%20de%20la%20PDI%20inicia%20su%20retiro&#038;url=https:\/\/radiorevelacionfm.cl\/?p=46216' aria-hidden='false' data-av_icon='\ue8fc' data-av_iconfont='entypo-fontello' title='' data-avia-related-tooltip='Compartir en LinkedIn' rel=\"noopener\"><span class='avia_hidden_link_text'>Compartir en LinkedIn<\/span><\/a><\/li><li class='av-share-link av-social-link-mail' ><a  aria-label=\"Compartir por correo\" href='mailto:?subject=Despu%C3%A9s%20de%207%20a%C3%B1os%20de%20servicio%20Tamar%2C%20la%20funcionaria%20canina%20de%20la%20PDI%20inicia%20su%20retiro&#038;body=https:\/\/radiorevelacionfm.cl\/?p=46216' aria-hidden='false' data-av_icon='\ue805' data-av_iconfont='entypo-fontello' title='' data-avia-related-tooltip='Compartir por correo'><span class='avia_hidden_link_text'>Compartir por correo<\/span><\/a><\/li><\/ul><\/div><\/div>\n<div  style='height:50px' class='hr hr-invisible   avia-builder-el-8  el_after_av_social_share  el_before_av_comments_list '><span class='hr-inner ' ><span class='hr-inner-style'><\/span><\/span><\/div>\n<div  class='av-buildercomment  av-blog-meta-html-info-disabled av-blog-meta-tag-disabled  '><\/div>\n","protected":false},"excerpt":{"rendered":"","protected":false},"author":1,"featured_media":46217,"comment_status":"open","ping_status":"open","sticky":false,"template":"","format":"standard","meta":{"footnotes":""},"categories":[36],"tags":[],"class_list":["post-46216","post","type-post","status-publish","format-standard","has-post-thumbnail","hentry","category-policial"],"jetpack_featured_media_url":"https:\/\/radiorevelacionfm.cl\/wp-content\/uploads\/2024\/09\/DSC_0036-1-1-1.jpg","_links":{"self":[{"href":"https:\/\/radiorevelacionfm.cl\/index.php?rest_route=\/wp\/v2\/posts\/46216","targetHints":{"allow":["GET"]}}],"collection":[{"href":"https:\/\/radiorevelacionfm.cl\/index.php?rest_route=\/wp\/v2\/posts"}],"about":[{"href":"https:\/\/radiorevelacionfm.cl\/index.php?rest_route=\/wp\/v2\/types\/post"}],"author":[{"embeddable":true,"href":"https:\/\/radiorevelacionfm.cl\/index.php?rest_route=\/wp\/v2\/users\/1"}],"replies":[{"embeddable":true,"href":"https:\/\/radiorevelacionfm.cl\/index.php?rest_route=%2Fwp%2Fv2%2Fcomments&post=46216"}],"version-history":[{"count":1,"href":"https:\/\/radiorevelacionfm.cl\/index.php?rest_route=\/wp\/v2\/posts\/46216\/revisions"}],"predecessor-version":[{"id":46218,"href":"https:\/\/radiorevelacionfm.cl\/index.php?rest_route=\/wp\/v2\/posts\/46216\/revisions\/46218"}],"wp:featuredmedia":[{"embeddable":true,"href":"https:\/\/radiorevelacionfm.cl\/index.php?rest_route=\/wp\/v2\/media\/46217"}],"wp:attachment":[{"href":"https:\/\/radiorevelacionfm.cl\/index.php?rest_route=%2Fwp%2Fv2%2Fmedia&parent=46216"}],"wp:term":[{"taxonomy":"category","embeddable":true,"href":"https:\/\/radiorevelacionfm.cl\/index.php?rest_route=%2Fwp%2Fv2%2Fcategories&post=46216"},{"taxonomy":"post_tag","embeddable":true,"href":"https:\/\/radiorevelacionfm.cl\/index.php?rest_route=%2Fwp%2Fv2%2Ftags&post=46216"}],"curies":[{"name":"wp","href":"https:\/\/api.w.org\/{rel}","templated":true}]}}