{"id":46213,"date":"2024-09-13T10:23:52","date_gmt":"2024-09-13T13:23:52","guid":{"rendered":"https:\/\/radiorevelacionfm.cl\/?p=46213"},"modified":"2024-09-13T10:23:52","modified_gmt":"2024-09-13T13:23:52","slug":"uaysen-abrira-las-carreras-de-ingenieria-comercial-y-terapia-ocupacional-el-2025","status":"publish","type":"post","link":"https:\/\/radiorevelacionfm.cl\/?p=46213","title":{"rendered":"UAys\u00e9n abrir\u00e1 las carreras de Ingenier\u00eda Comercial y Terapia Ocupacional el 2025"},"content":{"rendered":"<div class=\"flex_column av_one_full  flex_column_div av-zero-column-padding first  avia-builder-el-0  el_before_av_one_full  avia-builder-el-first  \" style='border-radius:0px; '><div  class='avia-image-container  av-styling-    avia-builder-el-1  avia-builder-el-no-sibling  avia-align-center '  itemprop=\"image\" itemscope=\"itemscope\" itemtype=\"https:\/\/schema.org\/ImageObject\"  ><div class='avia-image-container-inner'><div class='avia-image-overlay-wrap'><img decoding=\"async\" class='wp-image-46214 avia-img-lazy-loading-not-46214 avia_image' src=\"https:\/\/radiorevelacionfm.cl\/wp-content\/uploads\/2024\/09\/IMG_3552-1-1.jpg\" alt='' title='IMG_3552 (1) (1)' height=\"600\" width=\"898\"  itemprop=\"thumbnailUrl\" srcset=\"https:\/\/radiorevelacionfm.cl\/wp-content\/uploads\/2024\/09\/IMG_3552-1-1.jpg 898w, https:\/\/radiorevelacionfm.cl\/wp-content\/uploads\/2024\/09\/IMG_3552-1-1-300x200.jpg 300w, https:\/\/radiorevelacionfm.cl\/wp-content\/uploads\/2024\/09\/IMG_3552-1-1-768x513.jpg 768w, https:\/\/radiorevelacionfm.cl\/wp-content\/uploads\/2024\/09\/IMG_3552-1-1-705x471.jpg 705w, https:\/\/radiorevelacionfm.cl\/wp-content\/uploads\/2024\/09\/IMG_3552-1-1-450x301.jpg 450w, https:\/\/radiorevelacionfm.cl\/wp-content\/uploads\/2024\/09\/IMG_3552-1-1-600x401.jpg 600w\" sizes=\"(max-width: 898px) 100vw, 898px\" \/><\/div><\/div><\/div><\/div><div class=\"flex_column av_one_full  flex_column_div av-zero-column-padding first  avia-builder-el-2  el_after_av_one_full  el_before_av_one_full  column-top-margin\" style='border-radius:0px; '><section class=\"av_textblock_section \"  itemscope=\"itemscope\" itemtype=\"https:\/\/schema.org\/BlogPosting\" itemprop=\"blogPost\" ><div class='avia_textblock  '   itemprop=\"text\" ><p dir=\"ltr\" style=\"text-align: center;\"><strong><span style=\"font-size: 18pt;\">UAys\u00e9n abrir\u00e1 las carreras de Ingenier\u00eda Comercial y Terapia Ocupacional el 2025<\/span><\/strong><\/p>\n<div id=\"gtx-trans\" style=\"position: absolute; left: -50px; top: 4.31534px;\">\n<div class=\"gtx-trans-icon\"><\/div>\n<\/div>\n<\/div><\/section><\/div><div class=\"flex_column av_one_full  flex_column_div av-zero-column-padding first  avia-builder-el-4  el_after_av_one_full  el_before_av_hr  column-top-margin\" style='border-radius:0px; '><section class=\"av_textblock_section \"  itemscope=\"itemscope\" itemtype=\"https:\/\/schema.org\/BlogPosting\" itemprop=\"blogPost\" ><div class='avia_textblock  '   itemprop=\"text\" ><p dir=\"ltr\" style=\"text-align: justify;\">La Universidad de Ays\u00e9n sigue ampliando su oferta acad\u00e9mica y, para el proceso de Admisi\u00f3n 2025, incorporar\u00e1 dos nuevas carreras: Ingenier\u00eda Comercial y Terapia Ocupacional, cada una con 41 vacantes disponibles. Con esta expansi\u00f3n, la universidad reafirma su compromiso con la formaci\u00f3n de profesionales que contribuyan al desarrollo de la regi\u00f3n y el pa\u00eds, ofreciendo oportunidades acad\u00e9micas de calidad y en sinton\u00eda con las necesidades del entorno.<\/p>\n<p dir=\"ltr\" style=\"text-align: justify;\">El anuncio fue entregado por Juan Pablo Prieto Cox, administrador provisional de la Universidad de Ays\u00e9n. \u00abBueno, es un gusto contarles que el pr\u00f3ximo a\u00f1o en la admisi\u00f3n 2025 tendremos una oferta m\u00e1s amplia, m\u00e1s diversa de carreras, ya que se va a incorporar Ingenier\u00eda Comercial, con un sello en desarrollo sostenible, y la carrera Terapia Ocupacional. Esto refleja el fortalecimiento, el crecimiento, la diversificaci\u00f3n de la oferta acad\u00e9mica que estamos llevando adelante en la Universidad de Ays\u00e9n para ofrecerle a los j\u00f3venes m\u00e1s oportunidades, m\u00e1s alternativas de formaci\u00f3n superior y con eso ir cumpliendo tambi\u00e9n la misi\u00f3n institucional que es hacer un aporte a la regi\u00f3n, a la formaci\u00f3n de capital humano, a la formaci\u00f3n de los j\u00f3venes, su desarrollo profesional.<\/p>\n<p dir=\"ltr\" style=\"text-align: justify;\">A su vez, el Administrador Provisional manifest\u00f3 que como instituci\u00f3n\u00a0 se encuentran muy contentos de seguir aportando a la regi\u00f3n. \u00abRespecto al sector salud, queremos ir creciendo en esa \u00e1rea, creemos que hay una necesidad en el \u00e1rea de salud y con ello ir completando una oferta de carrera en la salud que aporte tambi\u00e9n al desarrollo de esta \u00e1rea en la regi\u00f3n. En el caso de ingenier\u00eda comercial, busca el desarrollo sostenible, busca hacerse cargo de la econom\u00eda del siglo XXI, de la econom\u00eda circular, de todos esos temas que hoy d\u00eda son los temas de futuro que tienen que ver con la gesti\u00f3n de organizaciones, la gesti\u00f3n de empresas, organizaciones p\u00fablicas y privadas en torno a una mirada tambi\u00e9n sustentable y sostenible\u00bb, enfatiz\u00f3 Prieto.<\/p>\n<p dir=\"ltr\" style=\"text-align: justify;\">Por su parte, la Seremi de Educaci\u00f3n de la regi\u00f3n de Ays\u00e9n, expres\u00f3 la satisfacci\u00f3n del gobierno con esta iniciativa de crecimiento de la UAys\u00e9n. \u00abComo gobierno estamos tremendamente contentos por esta excelente noticia de que se abren dos carreras nuevas en nuestra universidad regional, la Universidad de Ays\u00e9n. Valoramos y felicitamos el trabajo que ha hecho la administraci\u00f3n provisional y su equipo directivo al permitirnos proyectar nuestra instituci\u00f3n regional que ya lo hemos dicho en otras oportunidades, no s\u00f3lo le permite a las y los j\u00f3venes de nuestra regi\u00f3n pensar en un futuro profesional, sino que tambi\u00e9n es una instituci\u00f3n indispensable para el desarrollo de nuestro territorio. Por lo mismo tambi\u00e9n aprovecho de saludar a la comunidad universitaria que ha mostrado su resiliencia, su empuje para lograr sacar adelante la Universidad de Ays\u00e9n y nuevamente invitarnos a toda la regi\u00f3n a so\u00f1ar nuestra universidad regional de la mano con su territorio\u00bb, expres\u00f3 la autoridad.<\/p>\n<p dir=\"ltr\" style=\"text-align: justify;\">En la misma l\u00ednea, H\u00e9ctor Canales, presidente del directorio de CIEP, valor\u00f3 el anuncio de apertura de Ingenier\u00eda Comercial y Terapia Ocupacional. \u00abBueno, es muy importante porque si hablamos siempre de desarrollo, quienes estamos trabajando por la regi\u00f3n de los distintos \u00e1mbitos, tanto en el sector p\u00fablico como privado, no podemos dejar de lado la importancia que tiene la educaci\u00f3n superior, en este caso nuestras universidades, y en este caso espec\u00edfico nuestra Universidad de Ays\u00e9n. Por lo tanto yo celebro que por fin estamos empezando a ver la luz, con una nueva administraci\u00f3n en la universidad, con nuevas carreras, hoy d\u00eda vemos una nueva Universidad de Ays\u00e9n que ha retomado el rumbo con bastante br\u00edo, yo celebro que tenga carreras nuevas, que son carreras que tienen mucha pertenencia a nuestras necesidades, de los empresarios, del sector p\u00fablico, y tambi\u00e9n ampliar las carreras que ya tienen\u00bb, enfatiz\u00f3<\/p>\n<p dir=\"ltr\" style=\"text-align: justify;\">Cabe se\u00f1alar que estas dos nuevas carreras se suman a las ocho que imparte la casa de estudios estatal, Enfermer\u00eda, Obstetricia, Agronom\u00eda, Ingenier\u00eda Forestal, Ingenier\u00eda Civil Industrial, Ingenier\u00eda Civil Inform\u00e1tica, Trabajo Social y Psicolog\u00eda.<\/p>\n<p style=\"text-align: justify;\">Finalmente, las personas interesadas en informaci\u00f3n de las carreras pueden ingresar al sitio\u00a0<a href=\"http:\/\/www.uaysen.cl\/\" target=\"_blank\" rel=\"noopener noreferrer\">www.uaysen.cl<\/a>\u00a0escribir el correo electr\u00f3nico\u00a0<a href=\"mailto:admision@uaysen.cl\" rel=\"noreferrer\">admision@uaysen.cl<\/a>\u00a0o visitar al equipo de Admisi\u00f3n en el Campus Lillo en Coyhaique.<\/p>\n<\/div><\/section><\/div><div  style='height:50px' class='hr hr-invisible   avia-builder-el-6  el_after_av_one_full  el_before_av_social_share '><span class='hr-inner ' ><span class='hr-inner-style'><\/span><\/span><\/div><\/p>\n<div  class='av-social-sharing-box  avia-builder-el-7  el_after_av_hr  el_before_av_hr  '><div class='av-share-box'><h5 class='av-share-link-description av-no-toc '>Compartir esta noticia<\/h5><ul class='av-share-box-list noLightbox'><li class='av-share-link av-social-link-facebook' ><a target=\"_blank\" aria-label=\"Compartir en Facebook\" href='https:\/\/www.facebook.com\/sharer.php?u=https:\/\/radiorevelacionfm.cl\/?p=46213&#038;t=UAys%C3%A9n%20abrir%C3%A1%20las%20carreras%20de%20Ingenier%C3%ADa%20Comercial%20y%20Terapia%20Ocupacional%20el%202025' aria-hidden='false' data-av_icon='\ue8f3' data-av_iconfont='entypo-fontello' title='' data-avia-related-tooltip='Compartir en Facebook' rel=\"noopener\"><span class='avia_hidden_link_text'>Compartir en Facebook<\/span><\/a><\/li><li class='av-share-link av-social-link-twitter' ><a target=\"_blank\" aria-label=\"Compartir en Twitter\" href='https:\/\/twitter.com\/share?text=UAys%C3%A9n%20abrir%C3%A1%20las%20carreras%20de%20Ingenier%C3%ADa%20Comercial%20y%20Terapia%20Ocupacional%20el%202025&#038;url=https:\/\/radiorevelacionfm.cl\/?p=46213' aria-hidden='false' data-av_icon='\ue8f1' data-av_iconfont='entypo-fontello' title='' data-avia-related-tooltip='Compartir en Twitter' rel=\"noopener\"><span class='avia_hidden_link_text'>Compartir en Twitter<\/span><\/a><\/li><li class='av-share-link av-social-link-whatsapp' ><a target=\"_blank\" aria-label=\"Compartir en Whatsapp\" href='https:\/\/api.whatsapp.com\/send?text=https:\/\/radiorevelacionfm.cl\/?p=46213' aria-hidden='false' data-av_icon='\uf232' data-av_iconfont='entypo-fontello' title='' data-avia-related-tooltip='Compartir en Whatsapp' rel=\"noopener\"><span class='avia_hidden_link_text'>Compartir en Whatsapp<\/span><\/a><\/li><li class='av-share-link av-social-link-linkedin' ><a target=\"_blank\" aria-label=\"Compartir en LinkedIn\" href='https:\/\/linkedin.com\/shareArticle?mini=true&#038;title=UAys%C3%A9n%20abrir%C3%A1%20las%20carreras%20de%20Ingenier%C3%ADa%20Comercial%20y%20Terapia%20Ocupacional%20el%202025&#038;url=https:\/\/radiorevelacionfm.cl\/?p=46213' aria-hidden='false' data-av_icon='\ue8fc' data-av_iconfont='entypo-fontello' title='' data-avia-related-tooltip='Compartir en LinkedIn' rel=\"noopener\"><span class='avia_hidden_link_text'>Compartir en LinkedIn<\/span><\/a><\/li><li class='av-share-link av-social-link-mail' ><a  aria-label=\"Compartir por correo\" href='mailto:?subject=UAys%C3%A9n%20abrir%C3%A1%20las%20carreras%20de%20Ingenier%C3%ADa%20Comercial%20y%20Terapia%20Ocupacional%20el%202025&#038;body=https:\/\/radiorevelacionfm.cl\/?p=46213' aria-hidden='false' data-av_icon='\ue805' data-av_iconfont='entypo-fontello' title='' data-avia-related-tooltip='Compartir por correo'><span class='avia_hidden_link_text'>Compartir por correo<\/span><\/a><\/li><\/ul><\/div><\/div>\n<div  style='height:50px' class='hr hr-invisible   avia-builder-el-8  el_after_av_social_share  el_before_av_comments_list '><span class='hr-inner ' ><span class='hr-inner-style'><\/span><\/span><\/div>\n<div  class='av-buildercomment  av-blog-meta-html-info-disabled av-blog-meta-tag-disabled  '><\/div>\n","protected":false},"excerpt":{"rendered":"","protected":false},"author":1,"featured_media":46214,"comment_status":"open","ping_status":"open","sticky":false,"template":"","format":"standard","meta":{"footnotes":""},"categories":[49],"tags":[],"class_list":["post-46213","post","type-post","status-publish","format-standard","has-post-thumbnail","hentry","category-educacion"],"jetpack_featured_media_url":"https:\/\/radiorevelacionfm.cl\/wp-content\/uploads\/2024\/09\/IMG_3552-1-1.jpg","_links":{"self":[{"href":"https:\/\/radiorevelacionfm.cl\/index.php?rest_route=\/wp\/v2\/posts\/46213","targetHints":{"allow":["GET"]}}],"collection":[{"href":"https:\/\/radiorevelacionfm.cl\/index.php?rest_route=\/wp\/v2\/posts"}],"about":[{"href":"https:\/\/radiorevelacionfm.cl\/index.php?rest_route=\/wp\/v2\/types\/post"}],"author":[{"embeddable":true,"href":"https:\/\/radiorevelacionfm.cl\/index.php?rest_route=\/wp\/v2\/users\/1"}],"replies":[{"embeddable":true,"href":"https:\/\/radiorevelacionfm.cl\/index.php?rest_route=%2Fwp%2Fv2%2Fcomments&post=46213"}],"version-history":[{"count":1,"href":"https:\/\/radiorevelacionfm.cl\/index.php?rest_route=\/wp\/v2\/posts\/46213\/revisions"}],"predecessor-version":[{"id":46215,"href":"https:\/\/radiorevelacionfm.cl\/index.php?rest_route=\/wp\/v2\/posts\/46213\/revisions\/46215"}],"wp:featuredmedia":[{"embeddable":true,"href":"https:\/\/radiorevelacionfm.cl\/index.php?rest_route=\/wp\/v2\/media\/46214"}],"wp:attachment":[{"href":"https:\/\/radiorevelacionfm.cl\/index.php?rest_route=%2Fwp%2Fv2%2Fmedia&parent=46213"}],"wp:term":[{"taxonomy":"category","embeddable":true,"href":"https:\/\/radiorevelacionfm.cl\/index.php?rest_route=%2Fwp%2Fv2%2Fcategories&post=46213"},{"taxonomy":"post_tag","embeddable":true,"href":"https:\/\/radiorevelacionfm.cl\/index.php?rest_route=%2Fwp%2Fv2%2Ftags&post=46213"}],"curies":[{"name":"wp","href":"https:\/\/api.w.org\/{rel}","templated":true}]}}