{"id":46209,"date":"2024-09-13T17:32:36","date_gmt":"2024-09-13T20:32:36","guid":{"rendered":"https:\/\/radiorevelacionfm.cl\/?p=46209"},"modified":"2024-09-13T17:32:36","modified_gmt":"2024-09-13T20:32:36","slug":"presentan-agenda-regional-para-el-abordaje-integral-del-consumo-de-drogas-y-alcohol","status":"publish","type":"post","link":"https:\/\/radiorevelacionfm.cl\/?p=46209","title":{"rendered":"Presentan agenda regional para el abordaje integral del consumo de drogas y alcohol"},"content":{"rendered":"<div class=\"flex_column av_one_full  flex_column_div av-zero-column-padding first  avia-builder-el-0  el_before_av_one_full  avia-builder-el-first  \" style='border-radius:0px; '><div  class='avia-image-container  av-styling-    avia-builder-el-1  avia-builder-el-no-sibling  avia-align-center '  itemprop=\"image\" itemscope=\"itemscope\" itemtype=\"https:\/\/schema.org\/ImageObject\"  ><div class='avia-image-container-inner'><div class='avia-image-overlay-wrap'><img decoding=\"async\" class='wp-image-46210 avia-img-lazy-loading-not-46210 avia_image' src=\"https:\/\/radiorevelacionfm.cl\/wp-content\/uploads\/2024\/09\/pa8-1_optimized-1.jpeg\" alt='' title='pa8-(1)_optimized (1)' height=\"600\" width=\"1007\"  itemprop=\"thumbnailUrl\" srcset=\"https:\/\/radiorevelacionfm.cl\/wp-content\/uploads\/2024\/09\/pa8-1_optimized-1.jpeg 1007w, https:\/\/radiorevelacionfm.cl\/wp-content\/uploads\/2024\/09\/pa8-1_optimized-1-300x179.jpeg 300w, https:\/\/radiorevelacionfm.cl\/wp-content\/uploads\/2024\/09\/pa8-1_optimized-1-768x458.jpeg 768w, https:\/\/radiorevelacionfm.cl\/wp-content\/uploads\/2024\/09\/pa8-1_optimized-1-705x420.jpeg 705w, https:\/\/radiorevelacionfm.cl\/wp-content\/uploads\/2024\/09\/pa8-1_optimized-1-450x268.jpeg 450w, https:\/\/radiorevelacionfm.cl\/wp-content\/uploads\/2024\/09\/pa8-1_optimized-1-600x357.jpeg 600w\" sizes=\"(max-width: 1007px) 100vw, 1007px\" \/><\/div><\/div><\/div><\/div><div class=\"flex_column av_one_full  flex_column_div av-zero-column-padding first  avia-builder-el-2  el_after_av_one_full  el_before_av_one_full  column-top-margin\" style='border-radius:0px; '><section class=\"av_textblock_section \"  itemscope=\"itemscope\" itemtype=\"https:\/\/schema.org\/BlogPosting\" itemprop=\"blogPost\" ><div class='avia_textblock  '   itemprop=\"text\" ><p style=\"text-align: center;\"><strong><span style=\"font-size: 18pt;\">Presentan agenda regional para el abordaje integral del consumo de drogas y alcohol<\/span><\/strong><\/p>\n<div id=\"gtx-trans\" style=\"position: absolute; left: -50px; top: 4.31534px;\">\n<div class=\"gtx-trans-icon\"><\/div>\n<\/div>\n<\/div><\/section><\/div><div class=\"flex_column av_one_full  flex_column_div av-zero-column-padding first  avia-builder-el-4  el_after_av_one_full  el_before_av_hr  column-top-margin\" style='border-radius:0px; '><section class=\"av_textblock_section \"  itemscope=\"itemscope\" itemtype=\"https:\/\/schema.org\/BlogPosting\" itemprop=\"blogPost\" ><div class='avia_textblock  '   itemprop=\"text\" ><p style=\"text-align: justify;\"><em>Prevenci\u00f3n, tratamiento y circuitos barriales protegidos son los ejes estrat\u00e9gicos de esta agenda regional construida por diversos servicios del Estado.<\/em><\/p>\n<p style=\"text-align: justify;\">En el marco del Plan de Acci\u00f3n 2024-2030, que refuerza la Estrategia Nacional de Drogas, se llev\u00f3 a cabo la sesi\u00f3n del Comit\u00e9 Directivo Regional, presidido por el Delegado Presidencial Regional, Rodrigo Araya. En esta instancia, participaron diversos servicios p\u00fablicos, quienes se comprometieron a implementar medidas y acciones concretas para brindar respuestas articuladas e integrales, asegurando que la prevenci\u00f3n, el tratamiento y la integraci\u00f3n social se incorporen en todas las pol\u00edticas p\u00fablicas.<\/p>\n<p style=\"text-align: justify;\">Uno de sus objetivos es garantizar trayectorias educativas para ni\u00f1os, ni\u00f1as y adolescentes que incluyan la prevenci\u00f3n del consumo de drogas desde edades tempranas, integrando estos contenidos en los procesos formativos. Adem\u00e1s, el plan busca transversalizar la prevenci\u00f3n del consumo de sustancias en las comunidades laborales del pa\u00eds, promoviendo entornos de trabajo seguros y saludables. Para la poblaci\u00f3n adulta, se implementar\u00e1n estrategias de gesti\u00f3n de riesgos y reducci\u00f3n de da\u00f1os, orientadas a minimizar los impactos negativos del consumo y ofrecer apoyo adecuado a quienes lo necesiten. Estas acciones reflejan un enfoque amplio y articulado que reconoce la importancia de la prevenci\u00f3n en todos los \u00e1mbitos.<\/p>\n<p style=\"text-align: justify;\">El Servicio Nacional para la Prevenci\u00f3n y Rehabilitaci\u00f3n del Consumo de Drogas y Alcohol (SENDA) lider\u00f3 este esfuerzo junto a los Ministerios de Educaci\u00f3n, Interior, Salud, Justicia y Derechos Humanos, Desarrollo Social y Familia, y Trabajo y Previsi\u00f3n Social. El objetivo es abordar tanto las causas como las consecuencias sociales y sanitarias del consumo de drogas, reconociendo que este fen\u00f3meno afecta de manera desigual a las personas y comunidades.<\/p>\n<p style=\"text-align: justify;\">Al respecto, el Delegado Presidencial Regional, Rodrigo Araya Morales, destac\u00f3: \u201cesto se hizo a trav\u00e9s de un trabajo activo que lider\u00f3 SENDA en la regi\u00f3n, donde hubo conversaciones con equipos t\u00e9cnicos, donde se definieron una serie de actividades y todas las instituciones presentes tienen que ejecutar de aqu\u00ed a los pr\u00f3ximos a\u00f1os. Creemos que estas coordinaciones son fundamentales para que las personas y las familias tengan elementos \u00a0de seguridad para prevenir el consumo de la drogas; yo creo que eso es clave, a nivel de educaci\u00f3n, de los colegios,\u00a0 de los sitios de trabajo, de los servicios p\u00fablicos y de la regi\u00f3n de Ays\u00e9n\u201d.<\/p>\n<p style=\"text-align: justify;\">En la regi\u00f3n de Ays\u00e9n, SENDA convoc\u00f3 a las contrapartes de Seremis y Servicios P\u00fablicos, quienes trabajaron bajo la estructura del Comit\u00e9 T\u00e9cnico Regional, reforzando el compromiso y la integralidad en las respuestas del Estado frente al consumo de sustancias. Este trabajo se enmarca en 3 objetivos estrat\u00e9gicos, 15 medidas intersectoriales y 66 acciones espec\u00edficas para enfrentar este desaf\u00edo.<\/p>\n<p style=\"text-align: justify;\">La Directora Regional de SENDA, Victoria Contreras Lemus, relev\u00f3 la importancia de este documento que fortalecen las pol\u00edticas p\u00fablicas en materia de consumo de sustancias, \u201cpara el logro de este trabajo hemos sumado esfuerzos con distintas instituciones p\u00fablicas, asumiendo un compromiso por el bienestar de las personas y las comunidades, ya que comprendemos que comprendemos que la prevenci\u00f3n y la rehabilitaci\u00f3n del consumo de drogas y alcohol\u00a0 demandan un enfoque integral y colaborativo. No se trata s\u00f3lo de aplicar medidas, sino de transformar realidades y brindar oportunidades a quienes m\u00e1s lo necesitan, y lo haremos abordando 3 objetivos estrat\u00e9gicos; el primero es potenciar el sistema integral de prevenci\u00f3n, el segundo es consolidar la red nacional de tratamiento y por \u00faltimo, desarrollar circuitos territoriales protegidos, asegurando que la respuesta del Estado sea coordinada, coherente e inclusiva\u201d.<\/p>\n<p style=\"text-align: justify;\">La agenda es un instrumento que le permitir\u00e1 al Estado disponer de objetivos de largo plazo que sean sostenibles, claros y medibles, y que cuenten con la necesaria validaci\u00f3n social, t\u00e9cnica y pol\u00edtica. Su construcci\u00f3n se realiz\u00f3 con la participaci\u00f3n ciudadana mediante los di\u00e1logos realizados el a\u00f1o 2023 y con el intersector como la Seremi de Educaci\u00f3n, el Seremi de Justicia y Derechos Humanos, la Seremi de Salud, la Seremi del Trabajo y Previsi\u00f3n Social, la Seremi de la Mujer y la Equidad de G\u00e9nero, la Seremi del Deporte, la Seremi de Transporte y Telecomunicaciones, la Seremi de Vivienda y Urbanismo, la Seremi de las Culturas, las Artes y el Patrimonio, la Direcci\u00f3n de Salud, la Seremi de Desarrollo Social y Familia, Fosis, Injuv, el Servicio Local para la Educaci\u00f3n P\u00fablica, el Gobierno Regional, entre otros.<\/p>\n<\/div><\/section><\/div><div  style='height:50px' class='hr hr-invisible   avia-builder-el-6  el_after_av_one_full  el_before_av_social_share '><span class='hr-inner ' ><span class='hr-inner-style'><\/span><\/span><\/div><\/p>\n<div  class='av-social-sharing-box  avia-builder-el-7  el_after_av_hr  el_before_av_hr  '><div class='av-share-box'><h5 class='av-share-link-description av-no-toc '>Compartir esta noticia<\/h5><ul class='av-share-box-list noLightbox'><li class='av-share-link av-social-link-facebook' ><a target=\"_blank\" aria-label=\"Compartir en Facebook\" href='https:\/\/www.facebook.com\/sharer.php?u=https:\/\/radiorevelacionfm.cl\/?p=46209&#038;t=Presentan%20agenda%20regional%20para%20el%20abordaje%20integral%20del%20consumo%20de%20drogas%20y%20alcohol' aria-hidden='false' data-av_icon='\ue8f3' data-av_iconfont='entypo-fontello' title='' data-avia-related-tooltip='Compartir en Facebook' rel=\"noopener\"><span class='avia_hidden_link_text'>Compartir en Facebook<\/span><\/a><\/li><li class='av-share-link av-social-link-twitter' ><a target=\"_blank\" aria-label=\"Compartir en Twitter\" href='https:\/\/twitter.com\/share?text=Presentan%20agenda%20regional%20para%20el%20abordaje%20integral%20del%20consumo%20de%20drogas%20y%20alcohol&#038;url=https:\/\/radiorevelacionfm.cl\/?p=46209' aria-hidden='false' data-av_icon='\ue8f1' data-av_iconfont='entypo-fontello' title='' data-avia-related-tooltip='Compartir en Twitter' rel=\"noopener\"><span class='avia_hidden_link_text'>Compartir en Twitter<\/span><\/a><\/li><li class='av-share-link av-social-link-whatsapp' ><a target=\"_blank\" aria-label=\"Compartir en Whatsapp\" href='https:\/\/api.whatsapp.com\/send?text=https:\/\/radiorevelacionfm.cl\/?p=46209' aria-hidden='false' data-av_icon='\uf232' data-av_iconfont='entypo-fontello' title='' data-avia-related-tooltip='Compartir en Whatsapp' rel=\"noopener\"><span class='avia_hidden_link_text'>Compartir en Whatsapp<\/span><\/a><\/li><li class='av-share-link av-social-link-linkedin' ><a target=\"_blank\" aria-label=\"Compartir en LinkedIn\" href='https:\/\/linkedin.com\/shareArticle?mini=true&#038;title=Presentan%20agenda%20regional%20para%20el%20abordaje%20integral%20del%20consumo%20de%20drogas%20y%20alcohol&#038;url=https:\/\/radiorevelacionfm.cl\/?p=46209' aria-hidden='false' data-av_icon='\ue8fc' data-av_iconfont='entypo-fontello' title='' data-avia-related-tooltip='Compartir en LinkedIn' rel=\"noopener\"><span class='avia_hidden_link_text'>Compartir en LinkedIn<\/span><\/a><\/li><li class='av-share-link av-social-link-mail' ><a  aria-label=\"Compartir por correo\" href='mailto:?subject=Presentan%20agenda%20regional%20para%20el%20abordaje%20integral%20del%20consumo%20de%20drogas%20y%20alcohol&#038;body=https:\/\/radiorevelacionfm.cl\/?p=46209' aria-hidden='false' data-av_icon='\ue805' data-av_iconfont='entypo-fontello' title='' data-avia-related-tooltip='Compartir por correo'><span class='avia_hidden_link_text'>Compartir por correo<\/span><\/a><\/li><\/ul><\/div><\/div>\n<div  style='height:50px' class='hr hr-invisible   avia-builder-el-8  el_after_av_social_share  el_before_av_comments_list '><span class='hr-inner ' ><span class='hr-inner-style'><\/span><\/span><\/div>\n<div  class='av-buildercomment  av-blog-meta-html-info-disabled av-blog-meta-tag-disabled  '><\/div>\n","protected":false},"excerpt":{"rendered":"","protected":false},"author":1,"featured_media":46210,"comment_status":"open","ping_status":"open","sticky":false,"template":"","format":"standard","meta":{"footnotes":""},"categories":[38],"tags":[],"class_list":["post-46209","post","type-post","status-publish","format-standard","has-post-thumbnail","hentry","category-regional"],"jetpack_featured_media_url":"https:\/\/radiorevelacionfm.cl\/wp-content\/uploads\/2024\/09\/pa8-1_optimized-1.jpeg","_links":{"self":[{"href":"https:\/\/radiorevelacionfm.cl\/index.php?rest_route=\/wp\/v2\/posts\/46209","targetHints":{"allow":["GET"]}}],"collection":[{"href":"https:\/\/radiorevelacionfm.cl\/index.php?rest_route=\/wp\/v2\/posts"}],"about":[{"href":"https:\/\/radiorevelacionfm.cl\/index.php?rest_route=\/wp\/v2\/types\/post"}],"author":[{"embeddable":true,"href":"https:\/\/radiorevelacionfm.cl\/index.php?rest_route=\/wp\/v2\/users\/1"}],"replies":[{"embeddable":true,"href":"https:\/\/radiorevelacionfm.cl\/index.php?rest_route=%2Fwp%2Fv2%2Fcomments&post=46209"}],"version-history":[{"count":1,"href":"https:\/\/radiorevelacionfm.cl\/index.php?rest_route=\/wp\/v2\/posts\/46209\/revisions"}],"predecessor-version":[{"id":46211,"href":"https:\/\/radiorevelacionfm.cl\/index.php?rest_route=\/wp\/v2\/posts\/46209\/revisions\/46211"}],"wp:featuredmedia":[{"embeddable":true,"href":"https:\/\/radiorevelacionfm.cl\/index.php?rest_route=\/wp\/v2\/media\/46210"}],"wp:attachment":[{"href":"https:\/\/radiorevelacionfm.cl\/index.php?rest_route=%2Fwp%2Fv2%2Fmedia&parent=46209"}],"wp:term":[{"taxonomy":"category","embeddable":true,"href":"https:\/\/radiorevelacionfm.cl\/index.php?rest_route=%2Fwp%2Fv2%2Fcategories&post=46209"},{"taxonomy":"post_tag","embeddable":true,"href":"https:\/\/radiorevelacionfm.cl\/index.php?rest_route=%2Fwp%2Fv2%2Ftags&post=46209"}],"curies":[{"name":"wp","href":"https:\/\/api.w.org\/{rel}","templated":true}]}}