{"id":46198,"date":"2024-09-12T15:27:36","date_gmt":"2024-09-12T18:27:36","guid":{"rendered":"https:\/\/radiorevelacionfm.cl\/?p=46198"},"modified":"2024-09-12T15:27:36","modified_gmt":"2024-09-12T18:27:36","slug":"primeras-galas-folcloricas-de-septiembre-mueven-a-los-ayseninos-con-ritmos-patrioticos","status":"publish","type":"post","link":"https:\/\/radiorevelacionfm.cl\/?p=46198","title":{"rendered":"Primeras galas folcl\u00f3ricas de septiembre mueven a los ayseninos con ritmos patri\u00f3ticos"},"content":{"rendered":"<div class=\"flex_column av_one_full  flex_column_div av-zero-column-padding first  avia-builder-el-0  el_before_av_one_full  avia-builder-el-first  \" style='border-radius:0px; '><div  class='avia-image-container  av-styling-    avia-builder-el-1  avia-builder-el-no-sibling  avia-align-center '  itemprop=\"image\" itemscope=\"itemscope\" itemtype=\"https:\/\/schema.org\/ImageObject\"  ><div class='avia-image-container-inner'><div class='avia-image-overlay-wrap'><img decoding=\"async\" class='wp-image-46199 avia-img-lazy-loading-not-46199 avia_image' src=\"https:\/\/radiorevelacionfm.cl\/wp-content\/uploads\/2024\/09\/img_9120-1_optimized.jpg\" alt='' title='img_9120-(1)_optimized' height=\"600\" width=\"900\"  itemprop=\"thumbnailUrl\" srcset=\"https:\/\/radiorevelacionfm.cl\/wp-content\/uploads\/2024\/09\/img_9120-1_optimized.jpg 900w, https:\/\/radiorevelacionfm.cl\/wp-content\/uploads\/2024\/09\/img_9120-1_optimized-300x200.jpg 300w, https:\/\/radiorevelacionfm.cl\/wp-content\/uploads\/2024\/09\/img_9120-1_optimized-768x512.jpg 768w, https:\/\/radiorevelacionfm.cl\/wp-content\/uploads\/2024\/09\/img_9120-1_optimized-705x470.jpg 705w, https:\/\/radiorevelacionfm.cl\/wp-content\/uploads\/2024\/09\/img_9120-1_optimized-450x300.jpg 450w, https:\/\/radiorevelacionfm.cl\/wp-content\/uploads\/2024\/09\/img_9120-1_optimized-600x400.jpg 600w\" sizes=\"(max-width: 900px) 100vw, 900px\" \/><\/div><\/div><\/div><\/div><div class=\"flex_column av_one_full  flex_column_div av-zero-column-padding first  avia-builder-el-2  el_after_av_one_full  el_before_av_one_full  column-top-margin\" style='border-radius:0px; '><section class=\"av_textblock_section \"  itemscope=\"itemscope\" itemtype=\"https:\/\/schema.org\/BlogPosting\" itemprop=\"blogPost\" ><div class='avia_textblock  '   itemprop=\"text\" ><p style=\"text-align: center;\"><strong><span style=\"font-size: 18pt;\">Primeras galas folcl\u00f3ricas de septiembre mueven a los ayseninos con ritmos patri\u00f3ticos<\/span><\/strong><\/p>\n<div id=\"gtx-trans\" style=\"position: absolute; left: -50px; top: 4.31534px;\">\n<div class=\"gtx-trans-icon\"><\/div>\n<\/div>\n<\/div><\/section><\/div><div class=\"flex_column av_one_full  flex_column_div av-zero-column-padding first  avia-builder-el-4  el_after_av_one_full  el_before_av_hr  column-top-margin\" style='border-radius:0px; '><section class=\"av_textblock_section \"  itemscope=\"itemscope\" itemtype=\"https:\/\/schema.org\/BlogPosting\" itemprop=\"blogPost\" ><div class='avia_textblock  '   itemprop=\"text\" ><p style=\"text-align: justify;\"><em>Los grupos \u201cPatagonia M\u00eda\u201d y \u201cNuevos Aires de la Patagonia\u201d celebraron con gran marco de p\u00fablico su presentaci\u00f3n conjunta con bailes t\u00edpicos de las zonas norte, centro y sur del pa\u00eds.<\/em><\/p>\n<p style=\"text-align: justify;\">Decenas de familias se reunieron en el gimnasio IND para disfrutar de las galas folcl\u00f3ricas que trajeron cuadros de cueca, pascuense, nortino, guarachas y chamames; todos bailes que tienen origen o influencia en el pa\u00eds.<\/p>\n<p style=\"text-align: justify;\">Esta es una actividad que se realiza com\u00fanmente en esta \u00e9poca del a\u00f1o, pero \u00faltimamente se ha estado realizando con la colaboraci\u00f3n de la municipalidad de Ays\u00e9n en la ayuda log\u00edstica, de organizaci\u00f3n y difusi\u00f3n.<\/p>\n<p style=\"text-align: justify;\">Marisol Fern\u00e1ndez, parte del grupo Nuevos Aires de la Patagonia comenta que, \u201cnosotros desde hace 15 a\u00f1os, hemos hecho una gala para las Fiestas Patrias, este cuadro de bailes que presentamos hoy lo implementamos hace ocho a\u00f1os y desde ese tiempo que no lo volv\u00edamos exhibido. Cada vez le vamos agregando un poco m\u00e1s de danzas, es un trabajo que inicia en marzo y no paramos de practicar hasta esta fecha, todo para mostrarlo hoy a la gente de Puerto Ays\u00e9n\u201d.<\/p>\n<p style=\"text-align: justify;\">Javier Fern\u00e1ndez, participante de la agrupaci\u00f3n Patagonia M\u00eda, quiso expresar su satisfacci\u00f3n, ya que, \u201cgracias a que en esta vuelta se nos sum\u00f3 el municipio en colaboraci\u00f3n a los presidentes de los dos grupos pudimos hacer una presentaci\u00f3n m\u00e1s grande, as\u00ed como eran antiguamente. Ya empezamos a trabajar con la Unidad de Cultura, as\u00ed que esperamos que no se pierda esta instancia, el municipio siempre tiene que apoyar este tipo de encuentros porque son muy valiosos, bonitos, distraen a la gente y la invita a salir de la casa, a disfrutar de momentos agradables como estos, entonces agradecidos tambi\u00e9n del municipio y de toda la gente que nos acompa\u00f1\u00f3\u201d.<\/p>\n<p style=\"text-align: justify;\">Est\u00e1n planeadas otras galas en este mes patrio, las cuales son la del grupo folcl\u00f3rico \u201cNalcayec\u201d este s\u00e1bado 14 a las 19:30 y la de los grupos \u201cCuequeros sin Fronteras\u201d y \u201cFantas\u00eda Sure\u00f1a\u201d el d\u00eda 21 a la misma hora, ambas en el Gimnasio IND de Puerto Ays\u00e9n.<\/p>\n<\/div><\/section><\/div><div  style='height:50px' class='hr hr-invisible   avia-builder-el-6  el_after_av_one_full  el_before_av_social_share '><span class='hr-inner ' ><span class='hr-inner-style'><\/span><\/span><\/div><\/p>\n<div  class='av-social-sharing-box  avia-builder-el-7  el_after_av_hr  el_before_av_hr  '><div class='av-share-box'><h5 class='av-share-link-description av-no-toc '>Compartir esta noticia<\/h5><ul class='av-share-box-list noLightbox'><li class='av-share-link av-social-link-facebook' ><a target=\"_blank\" aria-label=\"Compartir en Facebook\" href='https:\/\/www.facebook.com\/sharer.php?u=https:\/\/radiorevelacionfm.cl\/?p=46198&#038;t=Primeras%20galas%20folcl%C3%B3ricas%20de%20septiembre%20mueven%20a%20los%20ayseninos%20con%20ritmos%20patri%C3%B3ticos' aria-hidden='false' data-av_icon='\ue8f3' data-av_iconfont='entypo-fontello' title='' data-avia-related-tooltip='Compartir en Facebook' rel=\"noopener\"><span class='avia_hidden_link_text'>Compartir en Facebook<\/span><\/a><\/li><li class='av-share-link av-social-link-twitter' ><a target=\"_blank\" aria-label=\"Compartir en Twitter\" href='https:\/\/twitter.com\/share?text=Primeras%20galas%20folcl%C3%B3ricas%20de%20septiembre%20mueven%20a%20los%20ayseninos%20con%20ritmos%20patri%C3%B3ticos&#038;url=https:\/\/radiorevelacionfm.cl\/?p=46198' aria-hidden='false' data-av_icon='\ue8f1' data-av_iconfont='entypo-fontello' title='' data-avia-related-tooltip='Compartir en Twitter' rel=\"noopener\"><span class='avia_hidden_link_text'>Compartir en Twitter<\/span><\/a><\/li><li class='av-share-link av-social-link-whatsapp' ><a target=\"_blank\" aria-label=\"Compartir en Whatsapp\" href='https:\/\/api.whatsapp.com\/send?text=https:\/\/radiorevelacionfm.cl\/?p=46198' aria-hidden='false' data-av_icon='\uf232' data-av_iconfont='entypo-fontello' title='' data-avia-related-tooltip='Compartir en Whatsapp' rel=\"noopener\"><span class='avia_hidden_link_text'>Compartir en Whatsapp<\/span><\/a><\/li><li class='av-share-link av-social-link-linkedin' ><a target=\"_blank\" aria-label=\"Compartir en LinkedIn\" href='https:\/\/linkedin.com\/shareArticle?mini=true&#038;title=Primeras%20galas%20folcl%C3%B3ricas%20de%20septiembre%20mueven%20a%20los%20ayseninos%20con%20ritmos%20patri%C3%B3ticos&#038;url=https:\/\/radiorevelacionfm.cl\/?p=46198' aria-hidden='false' data-av_icon='\ue8fc' data-av_iconfont='entypo-fontello' title='' data-avia-related-tooltip='Compartir en LinkedIn' rel=\"noopener\"><span class='avia_hidden_link_text'>Compartir en LinkedIn<\/span><\/a><\/li><li class='av-share-link av-social-link-mail' ><a  aria-label=\"Compartir por correo\" href='mailto:?subject=Primeras%20galas%20folcl%C3%B3ricas%20de%20septiembre%20mueven%20a%20los%20ayseninos%20con%20ritmos%20patri%C3%B3ticos&#038;body=https:\/\/radiorevelacionfm.cl\/?p=46198' aria-hidden='false' data-av_icon='\ue805' data-av_iconfont='entypo-fontello' title='' data-avia-related-tooltip='Compartir por correo'><span class='avia_hidden_link_text'>Compartir por correo<\/span><\/a><\/li><\/ul><\/div><\/div>\n<div  style='height:50px' class='hr hr-invisible   avia-builder-el-8  el_after_av_social_share  el_before_av_comments_list '><span class='hr-inner ' ><span class='hr-inner-style'><\/span><\/span><\/div>\n<div  class='av-buildercomment  av-blog-meta-html-info-disabled av-blog-meta-tag-disabled  '><\/div>\n","protected":false},"excerpt":{"rendered":"","protected":false},"author":1,"featured_media":46199,"comment_status":"open","ping_status":"open","sticky":false,"template":"","format":"standard","meta":{"footnotes":""},"categories":[38],"tags":[],"class_list":["post-46198","post","type-post","status-publish","format-standard","has-post-thumbnail","hentry","category-regional"],"jetpack_featured_media_url":"https:\/\/radiorevelacionfm.cl\/wp-content\/uploads\/2024\/09\/img_9120-1_optimized.jpg","_links":{"self":[{"href":"https:\/\/radiorevelacionfm.cl\/index.php?rest_route=\/wp\/v2\/posts\/46198","targetHints":{"allow":["GET"]}}],"collection":[{"href":"https:\/\/radiorevelacionfm.cl\/index.php?rest_route=\/wp\/v2\/posts"}],"about":[{"href":"https:\/\/radiorevelacionfm.cl\/index.php?rest_route=\/wp\/v2\/types\/post"}],"author":[{"embeddable":true,"href":"https:\/\/radiorevelacionfm.cl\/index.php?rest_route=\/wp\/v2\/users\/1"}],"replies":[{"embeddable":true,"href":"https:\/\/radiorevelacionfm.cl\/index.php?rest_route=%2Fwp%2Fv2%2Fcomments&post=46198"}],"version-history":[{"count":1,"href":"https:\/\/radiorevelacionfm.cl\/index.php?rest_route=\/wp\/v2\/posts\/46198\/revisions"}],"predecessor-version":[{"id":46200,"href":"https:\/\/radiorevelacionfm.cl\/index.php?rest_route=\/wp\/v2\/posts\/46198\/revisions\/46200"}],"wp:featuredmedia":[{"embeddable":true,"href":"https:\/\/radiorevelacionfm.cl\/index.php?rest_route=\/wp\/v2\/media\/46199"}],"wp:attachment":[{"href":"https:\/\/radiorevelacionfm.cl\/index.php?rest_route=%2Fwp%2Fv2%2Fmedia&parent=46198"}],"wp:term":[{"taxonomy":"category","embeddable":true,"href":"https:\/\/radiorevelacionfm.cl\/index.php?rest_route=%2Fwp%2Fv2%2Fcategories&post=46198"},{"taxonomy":"post_tag","embeddable":true,"href":"https:\/\/radiorevelacionfm.cl\/index.php?rest_route=%2Fwp%2Fv2%2Ftags&post=46198"}],"curies":[{"name":"wp","href":"https:\/\/api.w.org\/{rel}","templated":true}]}}