{"id":46196,"date":"2024-09-12T21:28:39","date_gmt":"2024-09-13T00:28:39","guid":{"rendered":"https:\/\/radiorevelacionfm.cl\/?p=46196"},"modified":"2024-09-12T21:28:39","modified_gmt":"2024-09-13T00:28:39","slug":"calisto-defiende-cesion-de-cuota-y-regionalizacion-de-recursos-marinos-en-la-comision-de-pesca","status":"publish","type":"post","link":"https:\/\/radiorevelacionfm.cl\/?p=46196","title":{"rendered":"Calisto defiende cesi\u00f3n de cuota y regionalizaci\u00f3n de recursos marinos en la Comisi\u00f3n de Pesca"},"content":{"rendered":"<div class=\"flex_column av_one_full  flex_column_div av-zero-column-padding first  avia-builder-el-0  el_before_av_one_full  avia-builder-el-first  \" style='border-radius:0px; '><div  class='avia-image-container  av-styling-    avia-builder-el-1  avia-builder-el-no-sibling  avia-align-center '  itemprop=\"image\" itemscope=\"itemscope\" itemtype=\"https:\/\/schema.org\/ImageObject\"  ><div class='avia-image-container-inner'><div class='avia-image-overlay-wrap'><img decoding=\"async\" class='wp-image-42246 avia-img-lazy-loading-not-42246 avia_image' src=\"https:\/\/radiorevelacionfm.cl\/wp-content\/uploads\/2024\/05\/CALISTO-CONGRESO-COMISION-1-1.jpeg\" alt='' title='CALISTO CONGRESO COMISI\u00d3N (1) (1)' height=\"600\" width=\"900\"  itemprop=\"thumbnailUrl\" srcset=\"https:\/\/radiorevelacionfm.cl\/wp-content\/uploads\/2024\/05\/CALISTO-CONGRESO-COMISION-1-1.jpeg 900w, https:\/\/radiorevelacionfm.cl\/wp-content\/uploads\/2024\/05\/CALISTO-CONGRESO-COMISION-1-1-300x200.jpeg 300w, https:\/\/radiorevelacionfm.cl\/wp-content\/uploads\/2024\/05\/CALISTO-CONGRESO-COMISION-1-1-768x512.jpeg 768w, https:\/\/radiorevelacionfm.cl\/wp-content\/uploads\/2024\/05\/CALISTO-CONGRESO-COMISION-1-1-705x470.jpeg 705w, https:\/\/radiorevelacionfm.cl\/wp-content\/uploads\/2024\/05\/CALISTO-CONGRESO-COMISION-1-1-450x300.jpeg 450w, https:\/\/radiorevelacionfm.cl\/wp-content\/uploads\/2024\/05\/CALISTO-CONGRESO-COMISION-1-1-600x400.jpeg 600w\" sizes=\"(max-width: 900px) 100vw, 900px\" \/><\/div><\/div><\/div><\/div><div class=\"flex_column av_one_full  flex_column_div av-zero-column-padding first  avia-builder-el-2  el_after_av_one_full  el_before_av_one_full  column-top-margin\" style='border-radius:0px; '><section class=\"av_textblock_section \"  itemscope=\"itemscope\" itemtype=\"https:\/\/schema.org\/BlogPosting\" itemprop=\"blogPost\" ><div class='avia_textblock  '   itemprop=\"text\" ><p style=\"text-align: center;\"><span style=\"font-size: 18pt;\"><b><span lang=\"ES\">Calisto defiende cesi\u00f3n de cuota y regionalizaci\u00f3n de recursos marinos en la Comisi\u00f3n de Pesca<\/span><\/b><\/span><\/p>\n<div id=\"gtx-trans\" style=\"position: absolute; left: -50px; top: 4.31534px;\">\n<div class=\"gtx-trans-icon\"><\/div>\n<\/div>\n<\/div><\/section><\/div><div class=\"flex_column av_one_full  flex_column_div av-zero-column-padding first  avia-builder-el-4  el_after_av_one_full  el_before_av_hr  column-top-margin\" style='border-radius:0px; '><section class=\"av_textblock_section \"  itemscope=\"itemscope\" itemtype=\"https:\/\/schema.org\/BlogPosting\" itemprop=\"blogPost\" ><div class='avia_textblock  '   itemprop=\"text\" ><p style=\"font-weight: 400; text-align: justify;\"><em>En la instancia legislativa se est\u00e1 discutiendo el proyecto que fija un nuevo fraccionamiento de cuota en el sector pesquero industrial y artesanal. \u00a0<\/em><\/p>\n<p style=\"font-weight: 400; text-align: justify;\">En el marco de la discusi\u00f3n del proyecto que fija un nuevo fraccionamiento de cuota entre el sector pesquero industrial y artesanal, el diputado Miguel \u00c1ngel Calisto reiter\u00f3 su compromiso con la regionalizaci\u00f3n de los recursos y su postura contraria a la creaci\u00f3n de macrozonas, adem\u00e1s de criticar a la pesca ilegal y manifestarse a favor de la cesi\u00f3n de cuota.<\/p>\n<p style=\"font-weight: 400; text-align: justify;\">Seg\u00fan el legislador, \u201cel problema de fondo tiene que ver con la administraci\u00f3n de los recursos, y estamos hablando de un problema que tiene que ver con una actividad econ\u00f3mica, como es la pesca. Desde este punto de visto, creo que hay que acotar la discusi\u00f3n en esta comisi\u00f3n, que es lo que ha hecho el Gobierno a prop\u00f3sito de esta propuesta de fraccionamiento\u201d.<\/p>\n<p style=\"font-weight: 400; text-align: justify;\">\u201cHay argumentos muy interesantes que han dado algunos expositores representantes de los pescadores de otras regiones. Pero no hay que generar falsas expectativas en nuestros expositores, porque ac\u00e1 no estamos hablando de crear macrozonas, esto no se puede incluir, y muchos parlamentarios estamos en contra de la creaci\u00f3n de macrozonas\u201d, indic\u00f3.<\/p>\n<p style=\"font-weight: 400; text-align: justify;\">Calisto agreg\u00f3 que \u201cyo en lo particular, creo en la regionalizaci\u00f3n de los recursos y yo estoy absolutamente de acuerdo con como est\u00e1 planteada la ley de pesca vigente, en relaci\u00f3n a la administraci\u00f3n de recursos de manera regional. Creo que cada regi\u00f3n debe determinar su forma o modelo de desarrollo\u201d.<\/p>\n<p style=\"font-weight: 400; text-align: justify;\">\u201cNo me parece que las pesquer\u00edas m\u00e1s grandes de algunas regiones se coman a las m\u00e1s chicas. Es lo que termina ocurriendo con la Octava y la D\u00e9cima Regi\u00f3n, que tienen pesquer\u00edas muy grandes. Todos aplaudimos el desarrollo econ\u00f3mico, pero eso no puede significar que estas pesquer\u00edas terminen ampliando sus l\u00edmites a las regiones contiguas, donde nos hemos preocupado de cuidar los recursos\u201d ,se\u00f1al\u00f3.<\/p>\n<p style=\"font-weight: 400; text-align: justify;\">El legislador indic\u00f3 que \u201cesta preocupaci\u00f3n la compartimos con Magallanes, que tambi\u00e9n se han visto invadidos por grandes lanchas pesqueras de la Octava o D\u00e9cima Regi\u00f3n. Yo pido respeto por la forma regional de administrar los recursos. En esta misma l\u00f3gica, la cesi\u00f3n de cuota es leg\u00edtima. Nosotros validamos ese modelo y lo vamos a defender\u201d.<\/p>\n<p style=\"font-weight: 400; text-align: justify;\">Finalmente, el diputado Calisto argument\u00f3 que \u201cyo pedir\u00eda que una vez que avancemos con el fraccionamiento, dejemos establecido claramente que este tipo de incertidumbres respecto de eliminar la cesi\u00f3n de cuota, no se va a discutir. Tampoco sigamos hablando de las Macrozonas, porque eso genera incertidumbres para las pesquer\u00edas regionales. El gran problema del agotamiento de los recursos no es la pesca formal, sino la pesca ilegal\u201d.<\/p>\n<\/div><\/section><\/div><div  style='height:50px' class='hr hr-invisible   avia-builder-el-6  el_after_av_one_full  el_before_av_social_share '><span class='hr-inner ' ><span class='hr-inner-style'><\/span><\/span><\/div><\/p>\n<div  class='av-social-sharing-box  avia-builder-el-7  el_after_av_hr  el_before_av_hr  '><div class='av-share-box'><h5 class='av-share-link-description av-no-toc '>Compartir esta noticia<\/h5><ul class='av-share-box-list noLightbox'><li class='av-share-link av-social-link-facebook' ><a target=\"_blank\" aria-label=\"Compartir en Facebook\" href='https:\/\/www.facebook.com\/sharer.php?u=https:\/\/radiorevelacionfm.cl\/?p=46196&#038;t=Calisto%20defiende%20cesi%C3%B3n%20de%20cuota%20y%20regionalizaci%C3%B3n%20de%20recursos%20marinos%20en%20la%20Comisi%C3%B3n%20de%20Pesca' aria-hidden='false' data-av_icon='\ue8f3' data-av_iconfont='entypo-fontello' title='' data-avia-related-tooltip='Compartir en Facebook' rel=\"noopener\"><span class='avia_hidden_link_text'>Compartir en Facebook<\/span><\/a><\/li><li class='av-share-link av-social-link-twitter' ><a target=\"_blank\" aria-label=\"Compartir en Twitter\" href='https:\/\/twitter.com\/share?text=Calisto%20defiende%20cesi%C3%B3n%20de%20cuota%20y%20regionalizaci%C3%B3n%20de%20recursos%20marinos%20en%20la%20Comisi%C3%B3n%20de%20Pesca&#038;url=https:\/\/radiorevelacionfm.cl\/?p=46196' aria-hidden='false' data-av_icon='\ue8f1' data-av_iconfont='entypo-fontello' title='' data-avia-related-tooltip='Compartir en Twitter' rel=\"noopener\"><span class='avia_hidden_link_text'>Compartir en Twitter<\/span><\/a><\/li><li class='av-share-link av-social-link-whatsapp' ><a target=\"_blank\" aria-label=\"Compartir en Whatsapp\" href='https:\/\/api.whatsapp.com\/send?text=https:\/\/radiorevelacionfm.cl\/?p=46196' aria-hidden='false' data-av_icon='\uf232' data-av_iconfont='entypo-fontello' title='' data-avia-related-tooltip='Compartir en Whatsapp' rel=\"noopener\"><span class='avia_hidden_link_text'>Compartir en Whatsapp<\/span><\/a><\/li><li class='av-share-link av-social-link-linkedin' ><a target=\"_blank\" aria-label=\"Compartir en LinkedIn\" href='https:\/\/linkedin.com\/shareArticle?mini=true&#038;title=Calisto%20defiende%20cesi%C3%B3n%20de%20cuota%20y%20regionalizaci%C3%B3n%20de%20recursos%20marinos%20en%20la%20Comisi%C3%B3n%20de%20Pesca&#038;url=https:\/\/radiorevelacionfm.cl\/?p=46196' aria-hidden='false' data-av_icon='\ue8fc' data-av_iconfont='entypo-fontello' title='' data-avia-related-tooltip='Compartir en LinkedIn' rel=\"noopener\"><span class='avia_hidden_link_text'>Compartir en LinkedIn<\/span><\/a><\/li><li class='av-share-link av-social-link-mail' ><a  aria-label=\"Compartir por correo\" href='mailto:?subject=Calisto%20defiende%20cesi%C3%B3n%20de%20cuota%20y%20regionalizaci%C3%B3n%20de%20recursos%20marinos%20en%20la%20Comisi%C3%B3n%20de%20Pesca&#038;body=https:\/\/radiorevelacionfm.cl\/?p=46196' aria-hidden='false' data-av_icon='\ue805' data-av_iconfont='entypo-fontello' title='' data-avia-related-tooltip='Compartir por correo'><span class='avia_hidden_link_text'>Compartir por correo<\/span><\/a><\/li><\/ul><\/div><\/div>\n<div  style='height:50px' class='hr hr-invisible   avia-builder-el-8  el_after_av_social_share  el_before_av_comments_list '><span class='hr-inner ' ><span class='hr-inner-style'><\/span><\/span><\/div>\n<div  class='av-buildercomment  av-blog-meta-html-info-disabled av-blog-meta-tag-disabled  '><\/div>\n","protected":false},"excerpt":{"rendered":"","protected":false},"author":1,"featured_media":42246,"comment_status":"open","ping_status":"open","sticky":false,"template":"","format":"standard","meta":{"footnotes":""},"categories":[35],"tags":[],"class_list":["post-46196","post","type-post","status-publish","format-standard","has-post-thumbnail","hentry","category-politica"],"jetpack_featured_media_url":"https:\/\/radiorevelacionfm.cl\/wp-content\/uploads\/2024\/05\/CALISTO-CONGRESO-COMISION-1-1.jpeg","_links":{"self":[{"href":"https:\/\/radiorevelacionfm.cl\/index.php?rest_route=\/wp\/v2\/posts\/46196","targetHints":{"allow":["GET"]}}],"collection":[{"href":"https:\/\/radiorevelacionfm.cl\/index.php?rest_route=\/wp\/v2\/posts"}],"about":[{"href":"https:\/\/radiorevelacionfm.cl\/index.php?rest_route=\/wp\/v2\/types\/post"}],"author":[{"embeddable":true,"href":"https:\/\/radiorevelacionfm.cl\/index.php?rest_route=\/wp\/v2\/users\/1"}],"replies":[{"embeddable":true,"href":"https:\/\/radiorevelacionfm.cl\/index.php?rest_route=%2Fwp%2Fv2%2Fcomments&post=46196"}],"version-history":[{"count":1,"href":"https:\/\/radiorevelacionfm.cl\/index.php?rest_route=\/wp\/v2\/posts\/46196\/revisions"}],"predecessor-version":[{"id":46197,"href":"https:\/\/radiorevelacionfm.cl\/index.php?rest_route=\/wp\/v2\/posts\/46196\/revisions\/46197"}],"wp:featuredmedia":[{"embeddable":true,"href":"https:\/\/radiorevelacionfm.cl\/index.php?rest_route=\/wp\/v2\/media\/42246"}],"wp:attachment":[{"href":"https:\/\/radiorevelacionfm.cl\/index.php?rest_route=%2Fwp%2Fv2%2Fmedia&parent=46196"}],"wp:term":[{"taxonomy":"category","embeddable":true,"href":"https:\/\/radiorevelacionfm.cl\/index.php?rest_route=%2Fwp%2Fv2%2Fcategories&post=46196"},{"taxonomy":"post_tag","embeddable":true,"href":"https:\/\/radiorevelacionfm.cl\/index.php?rest_route=%2Fwp%2Fv2%2Ftags&post=46196"}],"curies":[{"name":"wp","href":"https:\/\/api.w.org\/{rel}","templated":true}]}}