{"id":46193,"date":"2024-09-13T12:45:50","date_gmt":"2024-09-13T15:45:50","guid":{"rendered":"https:\/\/radiorevelacionfm.cl\/?p=46193"},"modified":"2024-09-13T12:45:50","modified_gmt":"2024-09-13T15:45:50","slug":"arte-y-bienestar-la-importancia-de-la-creacion-en-adultos-mayores","status":"publish","type":"post","link":"https:\/\/radiorevelacionfm.cl\/?p=46193","title":{"rendered":"Arte y bienestar: La importancia de la creaci\u00f3n en adultos mayores"},"content":{"rendered":"<div class=\"flex_column av_one_full  flex_column_div av-zero-column-padding first  avia-builder-el-0  el_before_av_one_full  avia-builder-el-first  \" style='border-radius:0px; '><div  class='avia-image-container  av-styling-    avia-builder-el-1  avia-builder-el-no-sibling  avia-align-center '  itemprop=\"image\" itemscope=\"itemscope\" itemtype=\"https:\/\/schema.org\/ImageObject\"  ><div class='avia-image-container-inner'><div class='avia-image-overlay-wrap'><img decoding=\"async\" class='wp-image-46194 avia-img-lazy-loading-not-46194 avia_image' src=\"https:\/\/radiorevelacionfm.cl\/wp-content\/uploads\/2024\/09\/RAVA-TALLERES-ADULTOS-MAYORES2-1-1.jpg\" alt='' title='RAVA TALLERES ADULTOS MAYORES2 (1) (1)' height=\"600\" width=\"899\"  itemprop=\"thumbnailUrl\" srcset=\"https:\/\/radiorevelacionfm.cl\/wp-content\/uploads\/2024\/09\/RAVA-TALLERES-ADULTOS-MAYORES2-1-1.jpg 899w, https:\/\/radiorevelacionfm.cl\/wp-content\/uploads\/2024\/09\/RAVA-TALLERES-ADULTOS-MAYORES2-1-1-300x200.jpg 300w, https:\/\/radiorevelacionfm.cl\/wp-content\/uploads\/2024\/09\/RAVA-TALLERES-ADULTOS-MAYORES2-1-1-768x513.jpg 768w, https:\/\/radiorevelacionfm.cl\/wp-content\/uploads\/2024\/09\/RAVA-TALLERES-ADULTOS-MAYORES2-1-1-705x471.jpg 705w, https:\/\/radiorevelacionfm.cl\/wp-content\/uploads\/2024\/09\/RAVA-TALLERES-ADULTOS-MAYORES2-1-1-450x300.jpg 450w, https:\/\/radiorevelacionfm.cl\/wp-content\/uploads\/2024\/09\/RAVA-TALLERES-ADULTOS-MAYORES2-1-1-600x400.jpg 600w\" sizes=\"(max-width: 899px) 100vw, 899px\" \/><\/div><\/div><\/div><\/div><div class=\"flex_column av_one_full  flex_column_div av-zero-column-padding first  avia-builder-el-2  el_after_av_one_full  el_before_av_one_full  column-top-margin\" style='border-radius:0px; '><section class=\"av_textblock_section \"  itemscope=\"itemscope\" itemtype=\"https:\/\/schema.org\/BlogPosting\" itemprop=\"blogPost\" ><div class='avia_textblock  '   itemprop=\"text\" ><p style=\"text-align: center;\"><strong><span style=\"font-size: 18pt;\">Arte y bienestar: La importancia de la creaci\u00f3n en adultos mayores<\/span><\/strong><\/p>\n<div id=\"gtx-trans\" style=\"position: absolute; left: -50px; top: 4.31534px;\">\n<div class=\"gtx-trans-icon\"><\/div>\n<\/div>\n<\/div><\/section><\/div><div class=\"flex_column av_one_full  flex_column_div av-zero-column-padding first  avia-builder-el-4  el_after_av_one_full  el_before_av_hr  column-top-margin\" style='border-radius:0px; '><section class=\"av_textblock_section \"  itemscope=\"itemscope\" itemtype=\"https:\/\/schema.org\/BlogPosting\" itemprop=\"blogPost\" ><div class='avia_textblock  '   itemprop=\"text\" ><p style=\"text-align: justify;\">\u00abEs una cosa que nos deja relajados, nos deja bien y como adultos mayores que tenemos que tener nuestra mente, nuestro cuerpo y nuestras manos ocupadas, \u00a1pucha que nos hace bien!\u00bb. As\u00ed expresa su motivaci\u00f3n Luz Huelet, quien a sus 64 a\u00f1os espera cada martes para asistir a los talleres art\u00edsticos que dicta la Red de Artistas Visuales, Rava Ays\u00e9n, tras adjudicarse recursos para desarrollar el proyecto con el Fondo Nacional de Desarrollo Cultural y las Artes, Fondart 2024 del Ministerio de las Culturas.<\/p>\n<p style=\"text-align: justify;\">Conexi\u00f3n y Bienestar a trav\u00e9s del Arte se llama la idea que desarrollaron exitosamente primero con ni\u00f1os, ni\u00f1as y adolescentes en situaci\u00f3n de discapacidad. En esta segunda etapa, Rava se aboc\u00f3 a la tarea de capacitarse y adquirir herramientas para trabajar con adultos mayores de las agrupaciones Baquedano de Coyhaique y Trapananda de Puerto Ays\u00e9n.<\/p>\n<p style=\"text-align: justify;\">Un total de 15 mujeres y hombres mayores de 60 a\u00f1os se sumaron a la experiencia y, seg\u00fan sus testimonios, las clases de arte que reciben del artista visual cisnense, Fredy Jofr\u00e9 y de la fot\u00f3grafa Paola Zapata cada semana en las alturas de la ciudad de Coyhaique, han ido en directo beneficio de su salud mental.<\/p>\n<p style=\"text-align: justify;\">Jos\u00e9 Vivallo, que colabor\u00f3 en la organizaci\u00f3n del grupo, reflexiona: \u00abA estas alturas de la vida, estamos en un periodo complicado para las personas mayores, especialmente en la salud mental. Estos talleres, estos espacios art\u00edsticos, vienen justamente a cubrir esa necesidad que uno tiene de relajarse, de sentirse bien con uno mismo. Es un tiempo para uno. Y para poder ir tambi\u00e9n a estas alturas de nuestra vida descubriendo nuevas habilidades que tenemos. Entonces es un proceso lento, pero tambi\u00e9n hermoso para nosotros porque como hemos visto tambi\u00e9n en otras personas que lo han logrado, entonces es tambi\u00e9n un prop\u00f3sito que nos hemos fijado\u00bb.<\/p>\n<p style=\"text-align: justify;\">El Seremi de Cultura Ays\u00e9n, Felipe Quiroz, expres\u00f3 que \u00abiniciativas como esta iluminan sectores de la sociedad que muchas veces quedan desplazados. Ven el tiempo algunas veces como un enemigo que corren en contra, sin embargo, con este tipo de experiencias sienten que se revitalizan y ese tiempo lo ganan aprendiendo nuevas t\u00e9cnicas y formas de expresi\u00f3n. Estamos muy contentos de la recepci\u00f3n que ha tenido este proyecto Fondart que se involucra directamente con la diversidad de la sociedad\u00bb.<\/p>\n<p style=\"text-align: justify;\">Paola Zapata, fot\u00f3grafa de Rava Ays\u00e9n, cuenta que \u00abha sido una experiencia supernovedosa y muy enriquecedora. Hemos tenido que tomar clases de inducci\u00f3n, conocer a las personas, salir de nuestra zona de confort, que es la idea, y adem\u00e1s, hacerse parte de la comunidad y sumar a las diversidades, hacerlas part\u00edcipes y llevar el arte a las comunidades y no hacerlo tan elitista ni tan exclusivo. Estamos bien contentos y satisfechos de haber planteado este proyecto y de haberlo ganado porque nos da un aprendizaje para todos nosotros, de poder conocer personas distintas y tomar el arte desde otra mirada, desde otro punto de vista\u00bb.<\/p>\n<p style=\"text-align: justify;\">Adem\u00e1s del aprendizaje, las y los participantes destacan sentirse acompa\u00f1ados, compartir historias y reflexionar juntos mientras crean sus obras. Silvia Riquelme ve este espacio como una oportunidad de sanar: \u00abYo tengo una pena tremenda y esto me ha ayudado mucho a sacar un poco mi depresi\u00f3n y mi pena. Por eso encuentro que este taller ayuda mucho en la parte espiritual. Dibujando y pintando pongo todo mis sentimientos ah\u00ed, entonces me relajo haci\u00e9ndolo. No me doy cuenta, por ejemplo, ahora hice un arco\u00edris y me siento feliz de haberlo hecho porque expres\u00e9 todo lo que siento\u00bb.<\/p>\n<p style=\"text-align: justify;\">Como pensamiento al cierre, Paola cree que \u00abel arte es salud mental, es parte de la salud mental. Cualquier estado en el que te encuentres lo puedes canalizar a trav\u00e9s del arte y siempre va a ser positivo; escuchar m\u00fasica, bailar, dibujar, son muestras de que realmente el arte es muy beneficioso para los ni\u00f1os, adultos, el arte no tiene edad tampoco. Es muy beneficioso para todo aquel que lo quiera era practicar\u00bb.<\/p>\n<\/div><\/section><\/div><div  style='height:50px' class='hr hr-invisible   avia-builder-el-6  el_after_av_one_full  el_before_av_social_share '><span class='hr-inner ' ><span class='hr-inner-style'><\/span><\/span><\/div><\/p>\n<div  class='av-social-sharing-box  avia-builder-el-7  el_after_av_hr  el_before_av_hr  '><div class='av-share-box'><h5 class='av-share-link-description av-no-toc '>Compartir esta noticia<\/h5><ul class='av-share-box-list noLightbox'><li class='av-share-link av-social-link-facebook' ><a target=\"_blank\" aria-label=\"Compartir en Facebook\" href='https:\/\/www.facebook.com\/sharer.php?u=https:\/\/radiorevelacionfm.cl\/?p=46193&#038;t=Arte%20y%20bienestar%3A%20La%20importancia%20de%20la%20creaci%C3%B3n%20en%20adultos%20mayores' aria-hidden='false' data-av_icon='\ue8f3' data-av_iconfont='entypo-fontello' title='' data-avia-related-tooltip='Compartir en Facebook' rel=\"noopener\"><span class='avia_hidden_link_text'>Compartir en Facebook<\/span><\/a><\/li><li class='av-share-link av-social-link-twitter' ><a target=\"_blank\" aria-label=\"Compartir en Twitter\" href='https:\/\/twitter.com\/share?text=Arte%20y%20bienestar%3A%20La%20importancia%20de%20la%20creaci%C3%B3n%20en%20adultos%20mayores&#038;url=https:\/\/radiorevelacionfm.cl\/?p=46193' aria-hidden='false' data-av_icon='\ue8f1' data-av_iconfont='entypo-fontello' title='' data-avia-related-tooltip='Compartir en Twitter' rel=\"noopener\"><span class='avia_hidden_link_text'>Compartir en Twitter<\/span><\/a><\/li><li class='av-share-link av-social-link-whatsapp' ><a target=\"_blank\" aria-label=\"Compartir en Whatsapp\" href='https:\/\/api.whatsapp.com\/send?text=https:\/\/radiorevelacionfm.cl\/?p=46193' aria-hidden='false' data-av_icon='\uf232' data-av_iconfont='entypo-fontello' title='' data-avia-related-tooltip='Compartir en Whatsapp' rel=\"noopener\"><span class='avia_hidden_link_text'>Compartir en Whatsapp<\/span><\/a><\/li><li class='av-share-link av-social-link-linkedin' ><a target=\"_blank\" aria-label=\"Compartir en LinkedIn\" href='https:\/\/linkedin.com\/shareArticle?mini=true&#038;title=Arte%20y%20bienestar%3A%20La%20importancia%20de%20la%20creaci%C3%B3n%20en%20adultos%20mayores&#038;url=https:\/\/radiorevelacionfm.cl\/?p=46193' aria-hidden='false' data-av_icon='\ue8fc' data-av_iconfont='entypo-fontello' title='' data-avia-related-tooltip='Compartir en LinkedIn' rel=\"noopener\"><span class='avia_hidden_link_text'>Compartir en LinkedIn<\/span><\/a><\/li><li class='av-share-link av-social-link-mail' ><a  aria-label=\"Compartir por correo\" href='mailto:?subject=Arte%20y%20bienestar%3A%20La%20importancia%20de%20la%20creaci%C3%B3n%20en%20adultos%20mayores&#038;body=https:\/\/radiorevelacionfm.cl\/?p=46193' aria-hidden='false' data-av_icon='\ue805' data-av_iconfont='entypo-fontello' title='' data-avia-related-tooltip='Compartir por correo'><span class='avia_hidden_link_text'>Compartir por correo<\/span><\/a><\/li><\/ul><\/div><\/div>\n<div  style='height:50px' class='hr hr-invisible   avia-builder-el-8  el_after_av_social_share  el_before_av_comments_list '><span class='hr-inner ' ><span class='hr-inner-style'><\/span><\/span><\/div>\n<div  class='av-buildercomment  av-blog-meta-html-info-disabled av-blog-meta-tag-disabled  '><\/div>\n","protected":false},"excerpt":{"rendered":"","protected":false},"author":1,"featured_media":46194,"comment_status":"open","ping_status":"open","sticky":false,"template":"","format":"standard","meta":{"footnotes":""},"categories":[52],"tags":[],"class_list":["post-46193","post","type-post","status-publish","format-standard","has-post-thumbnail","hentry","category-cultura"],"jetpack_featured_media_url":"https:\/\/radiorevelacionfm.cl\/wp-content\/uploads\/2024\/09\/RAVA-TALLERES-ADULTOS-MAYORES2-1-1.jpg","_links":{"self":[{"href":"https:\/\/radiorevelacionfm.cl\/index.php?rest_route=\/wp\/v2\/posts\/46193","targetHints":{"allow":["GET"]}}],"collection":[{"href":"https:\/\/radiorevelacionfm.cl\/index.php?rest_route=\/wp\/v2\/posts"}],"about":[{"href":"https:\/\/radiorevelacionfm.cl\/index.php?rest_route=\/wp\/v2\/types\/post"}],"author":[{"embeddable":true,"href":"https:\/\/radiorevelacionfm.cl\/index.php?rest_route=\/wp\/v2\/users\/1"}],"replies":[{"embeddable":true,"href":"https:\/\/radiorevelacionfm.cl\/index.php?rest_route=%2Fwp%2Fv2%2Fcomments&post=46193"}],"version-history":[{"count":1,"href":"https:\/\/radiorevelacionfm.cl\/index.php?rest_route=\/wp\/v2\/posts\/46193\/revisions"}],"predecessor-version":[{"id":46195,"href":"https:\/\/radiorevelacionfm.cl\/index.php?rest_route=\/wp\/v2\/posts\/46193\/revisions\/46195"}],"wp:featuredmedia":[{"embeddable":true,"href":"https:\/\/radiorevelacionfm.cl\/index.php?rest_route=\/wp\/v2\/media\/46194"}],"wp:attachment":[{"href":"https:\/\/radiorevelacionfm.cl\/index.php?rest_route=%2Fwp%2Fv2%2Fmedia&parent=46193"}],"wp:term":[{"taxonomy":"category","embeddable":true,"href":"https:\/\/radiorevelacionfm.cl\/index.php?rest_route=%2Fwp%2Fv2%2Fcategories&post=46193"},{"taxonomy":"post_tag","embeddable":true,"href":"https:\/\/radiorevelacionfm.cl\/index.php?rest_route=%2Fwp%2Fv2%2Ftags&post=46193"}],"curies":[{"name":"wp","href":"https:\/\/api.w.org\/{rel}","templated":true}]}}