{"id":46190,"date":"2024-09-14T12:36:23","date_gmt":"2024-09-14T15:36:23","guid":{"rendered":"https:\/\/radiorevelacionfm.cl\/?p=46190"},"modified":"2024-09-14T12:36:23","modified_gmt":"2024-09-14T15:36:23","slug":"corte-de-coyhaique-realizo-conversatorio-sobre-ley-de-insolvencia-y-reemprendimiento","status":"publish","type":"post","link":"https:\/\/radiorevelacionfm.cl\/?p=46190","title":{"rendered":"Corte de Coyhaique realiz\u00f3 conversatorio sobre Ley de Insolvencia y Reemprendimiento"},"content":{"rendered":"<div class=\"flex_column av_one_full  flex_column_div av-zero-column-padding first  avia-builder-el-0  el_before_av_one_full  avia-builder-el-first  \" style='border-radius:0px; '><div  class='avia-image-container  av-styling-    avia-builder-el-1  avia-builder-el-no-sibling  avia-align-center '  itemprop=\"image\" itemscope=\"itemscope\" itemtype=\"https:\/\/schema.org\/ImageObject\"  ><div class='avia-image-container-inner'><div class='avia-image-overlay-wrap'><img decoding=\"async\" class='wp-image-46191 avia-img-lazy-loading-not-46191 avia_image' src=\"https:\/\/radiorevelacionfm.cl\/wp-content\/uploads\/2024\/09\/foto-05-charla-1_optimized.jpg\" alt='' title='foto-05-charla--(1)_optimized' height=\"600\" width=\"918\"  itemprop=\"thumbnailUrl\" srcset=\"https:\/\/radiorevelacionfm.cl\/wp-content\/uploads\/2024\/09\/foto-05-charla-1_optimized.jpg 918w, https:\/\/radiorevelacionfm.cl\/wp-content\/uploads\/2024\/09\/foto-05-charla-1_optimized-300x196.jpg 300w, https:\/\/radiorevelacionfm.cl\/wp-content\/uploads\/2024\/09\/foto-05-charla-1_optimized-768x502.jpg 768w, https:\/\/radiorevelacionfm.cl\/wp-content\/uploads\/2024\/09\/foto-05-charla-1_optimized-705x461.jpg 705w, https:\/\/radiorevelacionfm.cl\/wp-content\/uploads\/2024\/09\/foto-05-charla-1_optimized-450x294.jpg 450w, https:\/\/radiorevelacionfm.cl\/wp-content\/uploads\/2024\/09\/foto-05-charla-1_optimized-600x392.jpg 600w\" sizes=\"(max-width: 918px) 100vw, 918px\" \/><\/div><\/div><\/div><\/div><div class=\"flex_column av_one_full  flex_column_div av-zero-column-padding first  avia-builder-el-2  el_after_av_one_full  el_before_av_one_full  column-top-margin\" style='border-radius:0px; '><section class=\"av_textblock_section \"  itemscope=\"itemscope\" itemtype=\"https:\/\/schema.org\/BlogPosting\" itemprop=\"blogPost\" ><div class='avia_textblock  '   itemprop=\"text\" ><p style=\"text-align: center;\"><span style=\"font-size: 18pt;\"><b>Corte de Coyhaique realiz\u00f3 conversatorio sobre Ley de Insolvencia y Reemprendimiento<\/b><\/span><\/p>\n<div id=\"gtx-trans\" style=\"position: absolute; left: -50px; top: 4.31534px;\">\n<div class=\"gtx-trans-icon\"><\/div>\n<\/div>\n<\/div><\/section><\/div><div class=\"flex_column av_one_full  flex_column_div av-zero-column-padding first  avia-builder-el-4  el_after_av_one_full  el_before_av_hr  column-top-margin\" style='border-radius:0px; '><section class=\"av_textblock_section \"  itemscope=\"itemscope\" itemtype=\"https:\/\/schema.org\/BlogPosting\" itemprop=\"blogPost\" ><div class='avia_textblock  '   itemprop=\"text\" ><p class=\"v1MsoNormal\" style=\"text-align: justify;\">Con participantes presenciales y conectados mediante la plataforma Zoom se llev\u00f3 a cabo, la semana reci\u00e9n pasada, la charla \u00abConversemos sobre la Ley 20.720 de Insolvencia y Reemprendimiento\u00bb. Instancia acad\u00e9mica organizada por la Corte de Apelaciones de Coyhaique.<\/p>\n<p class=\"v1MsoNormal\" style=\"text-align: justify;\">La actividad fue encabezada por el presidente del tribunal de alzada, ministro Luis Aedo Mora, y tuvo como expositor a Ismael Gonz\u00e1lez Cerda, coordinador regional de Ays\u00e9n de la Superintendencia de Insolvencia y Reemprendimiento.<\/p>\n<p class=\"v1MsoNormal\" style=\"text-align: justify;\">Respecto a la jornada, el ministro Aedo sostuvo que \u00abes un tema que suele ser bastante complejo y que tiene sus particularidades, pero el expositor no solo se aboc\u00f3 a tem\u00e1ticas de orden legal o jur\u00eddico, sino tambi\u00e9n a la praxis de c\u00f3mo se ha ido desarrollando la aplicaci\u00f3n de esta ley y c\u00f3mo se han ido corrigiendo una serie de vicios a los que la gente desgraciadamente sol\u00eda acudir para evadir el cumplimiento de sus obligaciones. De manera que fue una tem\u00e1tica que acarre\u00f3 mucho inter\u00e9s y pudimos verlo a trav\u00e9s de las preguntas que m\u00e1s de alguno de los participantes le plante\u00f3 a don Ismael y que \u00e9l, con mucha disposici\u00f3n pudo responder\u00bb.<\/p>\n<p class=\"v1MsoNormal\" style=\"text-align: justify;\">En tanto, Ismael Gonz\u00e1lez Cerda, coordinador regional de Ays\u00e9n de la Superintendencia de Insolvencia y Reemprendimiento, expres\u00f3 que \u00abesta ley tiene por objetivo ayudar a las empresas, microempresas y personas a salir de su insolvencia a trav\u00e9s de procedimientos de renegociaci\u00f3n, reorganizaci\u00f3n y liquidaci\u00f3n. Esta es una ley que ha sido bastante utilizada, en el cual se han tenido resultados exitosos a trav\u00e9s de diferentes procedimientos que es necesario permanentemente ir perfeccionando y difundiendo a trav\u00e9s del Poder Judicial y esta instancia fue realmente exitosa, en el cual han comparecido jueces y juezas, ministros, abogados y abogadas\u00bb.<img width=\"1\" height=\"1\" \/><\/p>\n<p class=\"v1MsoNormal\" style=\"text-align: justify;\">La jornada cont\u00f3 con la presencia de jueces, secretarios, funcionarios y abogados tanto de la jurisdicci\u00f3n como de otras regiones del pa\u00eds. Para los pr\u00f3ximos meses la Corte de Apelaciones tiene contemplado la realizaci\u00f3n de dos nuevos conversatorios, que permitir\u00e1n continuar con esta pol\u00edtica de vinculaci\u00f3n con las comunidades.<\/p>\n<\/div><\/section><\/div><div  style='height:50px' class='hr hr-invisible   avia-builder-el-6  el_after_av_one_full  el_before_av_social_share '><span class='hr-inner ' ><span class='hr-inner-style'><\/span><\/span><\/div><\/p>\n<div  class='av-social-sharing-box  avia-builder-el-7  el_after_av_hr  el_before_av_hr  '><div class='av-share-box'><h5 class='av-share-link-description av-no-toc '>Compartir esta noticia<\/h5><ul class='av-share-box-list noLightbox'><li class='av-share-link av-social-link-facebook' ><a target=\"_blank\" aria-label=\"Compartir en Facebook\" href='https:\/\/www.facebook.com\/sharer.php?u=https:\/\/radiorevelacionfm.cl\/?p=46190&#038;t=Corte%20de%20Coyhaique%20realiz%C3%B3%20conversatorio%20sobre%20Ley%20de%20Insolvencia%20y%20Reemprendimiento' aria-hidden='false' data-av_icon='\ue8f3' data-av_iconfont='entypo-fontello' title='' data-avia-related-tooltip='Compartir en Facebook' rel=\"noopener\"><span class='avia_hidden_link_text'>Compartir en Facebook<\/span><\/a><\/li><li class='av-share-link av-social-link-twitter' ><a target=\"_blank\" aria-label=\"Compartir en Twitter\" href='https:\/\/twitter.com\/share?text=Corte%20de%20Coyhaique%20realiz%C3%B3%20conversatorio%20sobre%20Ley%20de%20Insolvencia%20y%20Reemprendimiento&#038;url=https:\/\/radiorevelacionfm.cl\/?p=46190' aria-hidden='false' data-av_icon='\ue8f1' data-av_iconfont='entypo-fontello' title='' data-avia-related-tooltip='Compartir en Twitter' rel=\"noopener\"><span class='avia_hidden_link_text'>Compartir en Twitter<\/span><\/a><\/li><li class='av-share-link av-social-link-whatsapp' ><a target=\"_blank\" aria-label=\"Compartir en Whatsapp\" href='https:\/\/api.whatsapp.com\/send?text=https:\/\/radiorevelacionfm.cl\/?p=46190' aria-hidden='false' data-av_icon='\uf232' data-av_iconfont='entypo-fontello' title='' data-avia-related-tooltip='Compartir en Whatsapp' rel=\"noopener\"><span class='avia_hidden_link_text'>Compartir en Whatsapp<\/span><\/a><\/li><li class='av-share-link av-social-link-linkedin' ><a target=\"_blank\" aria-label=\"Compartir en LinkedIn\" href='https:\/\/linkedin.com\/shareArticle?mini=true&#038;title=Corte%20de%20Coyhaique%20realiz%C3%B3%20conversatorio%20sobre%20Ley%20de%20Insolvencia%20y%20Reemprendimiento&#038;url=https:\/\/radiorevelacionfm.cl\/?p=46190' aria-hidden='false' data-av_icon='\ue8fc' data-av_iconfont='entypo-fontello' title='' data-avia-related-tooltip='Compartir en LinkedIn' rel=\"noopener\"><span class='avia_hidden_link_text'>Compartir en LinkedIn<\/span><\/a><\/li><li class='av-share-link av-social-link-mail' ><a  aria-label=\"Compartir por correo\" href='mailto:?subject=Corte%20de%20Coyhaique%20realiz%C3%B3%20conversatorio%20sobre%20Ley%20de%20Insolvencia%20y%20Reemprendimiento&#038;body=https:\/\/radiorevelacionfm.cl\/?p=46190' aria-hidden='false' data-av_icon='\ue805' data-av_iconfont='entypo-fontello' title='' data-avia-related-tooltip='Compartir por correo'><span class='avia_hidden_link_text'>Compartir por correo<\/span><\/a><\/li><\/ul><\/div><\/div>\n<div  style='height:50px' class='hr hr-invisible   avia-builder-el-8  el_after_av_social_share  el_before_av_comments_list '><span class='hr-inner ' ><span class='hr-inner-style'><\/span><\/span><\/div>\n<div  class='av-buildercomment  av-blog-meta-html-info-disabled av-blog-meta-tag-disabled  '><\/div>\n","protected":false},"excerpt":{"rendered":"","protected":false},"author":1,"featured_media":46191,"comment_status":"open","ping_status":"open","sticky":false,"template":"","format":"standard","meta":{"footnotes":""},"categories":[55],"tags":[],"class_list":["post-46190","post","type-post","status-publish","format-standard","has-post-thumbnail","hentry","category-justicia"],"jetpack_featured_media_url":"https:\/\/radiorevelacionfm.cl\/wp-content\/uploads\/2024\/09\/foto-05-charla-1_optimized.jpg","_links":{"self":[{"href":"https:\/\/radiorevelacionfm.cl\/index.php?rest_route=\/wp\/v2\/posts\/46190","targetHints":{"allow":["GET"]}}],"collection":[{"href":"https:\/\/radiorevelacionfm.cl\/index.php?rest_route=\/wp\/v2\/posts"}],"about":[{"href":"https:\/\/radiorevelacionfm.cl\/index.php?rest_route=\/wp\/v2\/types\/post"}],"author":[{"embeddable":true,"href":"https:\/\/radiorevelacionfm.cl\/index.php?rest_route=\/wp\/v2\/users\/1"}],"replies":[{"embeddable":true,"href":"https:\/\/radiorevelacionfm.cl\/index.php?rest_route=%2Fwp%2Fv2%2Fcomments&post=46190"}],"version-history":[{"count":1,"href":"https:\/\/radiorevelacionfm.cl\/index.php?rest_route=\/wp\/v2\/posts\/46190\/revisions"}],"predecessor-version":[{"id":46192,"href":"https:\/\/radiorevelacionfm.cl\/index.php?rest_route=\/wp\/v2\/posts\/46190\/revisions\/46192"}],"wp:featuredmedia":[{"embeddable":true,"href":"https:\/\/radiorevelacionfm.cl\/index.php?rest_route=\/wp\/v2\/media\/46191"}],"wp:attachment":[{"href":"https:\/\/radiorevelacionfm.cl\/index.php?rest_route=%2Fwp%2Fv2%2Fmedia&parent=46190"}],"wp:term":[{"taxonomy":"category","embeddable":true,"href":"https:\/\/radiorevelacionfm.cl\/index.php?rest_route=%2Fwp%2Fv2%2Fcategories&post=46190"},{"taxonomy":"post_tag","embeddable":true,"href":"https:\/\/radiorevelacionfm.cl\/index.php?rest_route=%2Fwp%2Fv2%2Ftags&post=46190"}],"curies":[{"name":"wp","href":"https:\/\/api.w.org\/{rel}","templated":true}]}}