{"id":4619,"date":"2021-05-27T21:58:30","date_gmt":"2021-05-28T00:58:30","guid":{"rendered":"https:\/\/radiorevelacionfm.cl\/?p=4619"},"modified":"2021-05-27T21:58:30","modified_gmt":"2021-05-28T00:58:30","slug":"consejero-medina-anuncia-voto-en-contra-del-programa-de-apoyo-a-prestadores-de-servicios-de-industria-salmonera-que-deja-fuera-a-pescadores-artesanales","status":"publish","type":"post","link":"https:\/\/radiorevelacionfm.cl\/?p=4619","title":{"rendered":"Consejero Medina anuncia voto en contra del programa de apoyo a prestadores de servicios de industria salmonera que deja fuera a pescadores artesanales"},"content":{"rendered":"<div class=\"flex_column av_one_full  flex_column_div av-zero-column-padding first  avia-builder-el-0  el_before_av_one_full  avia-builder-el-first  \" style='border-radius:0px; '><div  class='avia-image-container  av-styling-    avia-builder-el-1  avia-builder-el-no-sibling  avia-align-center '  itemprop=\"image\" itemscope=\"itemscope\" itemtype=\"https:\/\/schema.org\/ImageObject\"  ><div class='avia-image-container-inner'><div class='avia-image-overlay-wrap'><img decoding=\"async\" class='wp-image-0 avia-img-lazy-loading-not-0 avia_image' src=\"https:\/\/radiorevelacionfm.cl\/wp-content\/uploads\/2021\/05\/Consejero-Washington-Medina-1.jpg\" alt='' title=''   itemprop=\"thumbnailUrl\"  \/><\/div><\/div><\/div><\/div><div class=\"flex_column av_one_full  flex_column_div av-zero-column-padding first  avia-builder-el-2  el_after_av_one_full  el_before_av_one_full  column-top-margin\" style='border-radius:0px; '><section class=\"av_textblock_section \"  itemscope=\"itemscope\" itemtype=\"https:\/\/schema.org\/BlogPosting\" itemprop=\"blogPost\" ><div class='avia_textblock  '   itemprop=\"text\" ><p style=\"text-align: center;\"><span style=\"font-size: 18pt;\"><strong>Consejero Medina anuncia voto en contra del programa de apoyo a prestadores de servicios de industria salmonera que deja fuera a pescadores artesanales<\/strong><\/span><\/p>\n<div id=\"gtx-trans\" style=\"position: absolute; left: -50px; top: 4.31534px;\">\n<div class=\"gtx-trans-icon\"><\/div>\n<\/div>\n<\/div><\/section><\/div><div class=\"flex_column av_one_full  flex_column_div av-zero-column-padding first  avia-builder-el-4  el_after_av_one_full  el_before_av_hr  column-top-margin\" style='border-radius:0px; '><section class=\"av_textblock_section \"  itemscope=\"itemscope\" itemtype=\"https:\/\/schema.org\/BlogPosting\" itemprop=\"blogPost\" ><div class='avia_textblock  '   itemprop=\"text\" ><p style=\"text-align: justify;\">El consejero regional por la provincia General Carrera, Washington Medina, anunci\u00f3 su voto en contra del cuestionado programa que busca apoyar a prestadores de servicio de la industria salmonera mediante un monto que supera los 3 mil millones de pesos, programa impulsado desde nivel central mediante Corfo y que adem\u00e1s cuenta con el medi\u00e1tico respaldo del senador David Sandoval Plaza.<\/p>\n<p style=\"text-align: justify;\">\u201cHe solicitado un listado de las empresas que podr\u00edan ser beneficiadas, y no he tenido claridad en eso, por eso es que anuncio mi voto en contra, adem\u00e1s que en este programa no se ha tomado en cuenta a los pescadores artesanales que en realidad lo est\u00e1n pasando mal\u201d, sostuvo el consejero Medina, a\u00f1adiendo que \u201cen primera instancia era para prestadores de la regi\u00f3n de Ays\u00e9n y hoy tambi\u00e9n podr\u00edan postular prestadores de Puerto Montt o de todo Chile\u2026\u201d, sostuvo la autoridad.<\/p>\n<p style=\"text-align: justify;\">Recordemos que tras conocerse los comunicados de prensa del senador David Sandoval, Intendencia y Corfo, donde solicitaban p\u00fablicamente a los consejeros la aprobaci\u00f3n de estos millonarios recursos, los pescadores artesanales de la flota norte de la regi\u00f3n se mostraron contrarios al proyecto impulsado, reclamando igualmente por no haber sido tomados en cuenta. As\u00ed tambi\u00e9n, algunos consejeros se mostraron en contra de la iniciativa.<\/p>\n<p style=\"text-align: justify;\">Finalmente, el CORE mencion\u00f3 que \u201cHubiese sido importante que Corfo financie este programa desde nivel central, y simult\u00e1neamente habernos puesto en el lugar de aquellos prestadores de servicios, los peque\u00f1os, que llevan barandas, flotadores, a trabajadores\u2026porque estoy seguro que si quieren postular, ellos van a quedar mirando -como se dice en la Patagonia-, para la carnicer\u00eda\u201d, sentenci\u00f3 el consejero regional Washington Medina.<\/p>\n<\/div><\/section><\/div><div  style='height:50px' class='hr hr-invisible   avia-builder-el-6  el_after_av_one_full  el_before_av_social_share '><span class='hr-inner ' ><span class='hr-inner-style'><\/span><\/span><\/div><\/p>\n<div  class='av-social-sharing-box  avia-builder-el-7  el_after_av_hr  el_before_av_hr  '><div class='av-share-box'><h5 class='av-share-link-description av-no-toc '>Compartir esta noticia<\/h5><ul class='av-share-box-list noLightbox'><li class='av-share-link av-social-link-facebook' ><a target=\"_blank\" aria-label=\"Compartir en Facebook\" href='https:\/\/www.facebook.com\/sharer.php?u=https:\/\/radiorevelacionfm.cl\/?p=4619&#038;t=Consejero%20Medina%20anuncia%20voto%20en%20contra%20del%20programa%20de%20apoyo%20a%20prestadores%20de%20servicios%20de%20industria%20salmonera%20que%20deja%20fuera%20a%20pescadores%20artesanales' aria-hidden='false' data-av_icon='\ue8f3' data-av_iconfont='entypo-fontello' title='' data-avia-related-tooltip='Compartir en Facebook' rel=\"noopener\"><span class='avia_hidden_link_text'>Compartir en Facebook<\/span><\/a><\/li><li class='av-share-link av-social-link-twitter' ><a target=\"_blank\" aria-label=\"Compartir en Twitter\" href='https:\/\/twitter.com\/share?text=Consejero%20Medina%20anuncia%20voto%20en%20contra%20del%20programa%20de%20apoyo%20a%20prestadores%20de%20servicios%20de%20industria%20salmonera%20que%20deja%20fuera%20a%20pescadores%20artesanales&#038;url=https:\/\/radiorevelacionfm.cl\/?p=4619' aria-hidden='false' data-av_icon='\ue8f1' data-av_iconfont='entypo-fontello' title='' data-avia-related-tooltip='Compartir en Twitter' rel=\"noopener\"><span class='avia_hidden_link_text'>Compartir en Twitter<\/span><\/a><\/li><li class='av-share-link av-social-link-whatsapp' ><a target=\"_blank\" aria-label=\"Compartir en Whatsapp\" href='https:\/\/api.whatsapp.com\/send?text=https:\/\/radiorevelacionfm.cl\/?p=4619' aria-hidden='false' data-av_icon='\uf232' data-av_iconfont='entypo-fontello' title='' data-avia-related-tooltip='Compartir en Whatsapp' rel=\"noopener\"><span class='avia_hidden_link_text'>Compartir en Whatsapp<\/span><\/a><\/li><li class='av-share-link av-social-link-linkedin' ><a target=\"_blank\" aria-label=\"Compartir en LinkedIn\" href='https:\/\/linkedin.com\/shareArticle?mini=true&#038;title=Consejero%20Medina%20anuncia%20voto%20en%20contra%20del%20programa%20de%20apoyo%20a%20prestadores%20de%20servicios%20de%20industria%20salmonera%20que%20deja%20fuera%20a%20pescadores%20artesanales&#038;url=https:\/\/radiorevelacionfm.cl\/?p=4619' aria-hidden='false' data-av_icon='\ue8fc' data-av_iconfont='entypo-fontello' title='' data-avia-related-tooltip='Compartir en LinkedIn' rel=\"noopener\"><span class='avia_hidden_link_text'>Compartir en LinkedIn<\/span><\/a><\/li><li class='av-share-link av-social-link-mail' ><a  aria-label=\"Compartir por correo\" href='mailto:?subject=Consejero%20Medina%20anuncia%20voto%20en%20contra%20del%20programa%20de%20apoyo%20a%20prestadores%20de%20servicios%20de%20industria%20salmonera%20que%20deja%20fuera%20a%20pescadores%20artesanales&#038;body=https:\/\/radiorevelacionfm.cl\/?p=4619' aria-hidden='false' data-av_icon='\ue805' data-av_iconfont='entypo-fontello' title='' data-avia-related-tooltip='Compartir por correo'><span class='avia_hidden_link_text'>Compartir por correo<\/span><\/a><\/li><\/ul><\/div><\/div>\n<div  style='height:50px' class='hr hr-invisible   avia-builder-el-8  el_after_av_social_share  el_before_av_comments_list '><span class='hr-inner ' ><span class='hr-inner-style'><\/span><\/span><\/div>\n<div  class='av-buildercomment  av-blog-meta-html-info-disabled av-blog-meta-tag-disabled  '><\/div>\n","protected":false},"excerpt":{"rendered":"","protected":false},"author":1,"featured_media":0,"comment_status":"open","ping_status":"open","sticky":false,"template":"","format":"standard","meta":{"footnotes":""},"categories":[38],"tags":[],"class_list":["post-4619","post","type-post","status-publish","format-standard","hentry","category-regional"],"jetpack_featured_media_url":"","_links":{"self":[{"href":"https:\/\/radiorevelacionfm.cl\/index.php?rest_route=\/wp\/v2\/posts\/4619","targetHints":{"allow":["GET"]}}],"collection":[{"href":"https:\/\/radiorevelacionfm.cl\/index.php?rest_route=\/wp\/v2\/posts"}],"about":[{"href":"https:\/\/radiorevelacionfm.cl\/index.php?rest_route=\/wp\/v2\/types\/post"}],"author":[{"embeddable":true,"href":"https:\/\/radiorevelacionfm.cl\/index.php?rest_route=\/wp\/v2\/users\/1"}],"replies":[{"embeddable":true,"href":"https:\/\/radiorevelacionfm.cl\/index.php?rest_route=%2Fwp%2Fv2%2Fcomments&post=4619"}],"version-history":[{"count":2,"href":"https:\/\/radiorevelacionfm.cl\/index.php?rest_route=\/wp\/v2\/posts\/4619\/revisions"}],"predecessor-version":[{"id":4622,"href":"https:\/\/radiorevelacionfm.cl\/index.php?rest_route=\/wp\/v2\/posts\/4619\/revisions\/4622"}],"wp:attachment":[{"href":"https:\/\/radiorevelacionfm.cl\/index.php?rest_route=%2Fwp%2Fv2%2Fmedia&parent=4619"}],"wp:term":[{"taxonomy":"category","embeddable":true,"href":"https:\/\/radiorevelacionfm.cl\/index.php?rest_route=%2Fwp%2Fv2%2Fcategories&post=4619"},{"taxonomy":"post_tag","embeddable":true,"href":"https:\/\/radiorevelacionfm.cl\/index.php?rest_route=%2Fwp%2Fv2%2Ftags&post=4619"}],"curies":[{"name":"wp","href":"https:\/\/api.w.org\/{rel}","templated":true}]}}