{"id":46165,"date":"2024-09-12T18:01:30","date_gmt":"2024-09-12T21:01:30","guid":{"rendered":"https:\/\/radiorevelacionfm.cl\/?p=46165"},"modified":"2024-09-12T18:05:49","modified_gmt":"2024-09-12T21:05:49","slug":"alcalde-gatica-llama-al-gobierno-considerar-a-coyhaique-en-plan-data-center","status":"publish","type":"post","link":"https:\/\/radiorevelacionfm.cl\/?p=46165","title":{"rendered":"Alcalde Gatica llama al gobierno considerar a Coyhaique en Plan Data Center"},"content":{"rendered":"<div class=\"flex_column av_one_full  flex_column_div av-zero-column-padding first  avia-builder-el-0  el_before_av_one_full  avia-builder-el-first  \" style='border-radius:0px; '><div  class='avia-image-container  av-styling-    avia-builder-el-1  avia-builder-el-no-sibling  avia-align-center '  itemprop=\"image\" itemscope=\"itemscope\" itemtype=\"https:\/\/schema.org\/ImageObject\"  ><div class='avia-image-container-inner'><div class='avia-image-overlay-wrap'><img decoding=\"async\" class='wp-image-46166 avia-img-lazy-loading-not-46166 avia_image' src=\"https:\/\/radiorevelacionfm.cl\/wp-content\/uploads\/2024\/09\/coyhaique-1-3-1_optimized-1.jpg\" alt='' title='coyhaique-1-(3)-(1)_optimized (1)' height=\"600\" width=\"900\"  itemprop=\"thumbnailUrl\" srcset=\"https:\/\/radiorevelacionfm.cl\/wp-content\/uploads\/2024\/09\/coyhaique-1-3-1_optimized-1.jpg 900w, https:\/\/radiorevelacionfm.cl\/wp-content\/uploads\/2024\/09\/coyhaique-1-3-1_optimized-1-300x200.jpg 300w, https:\/\/radiorevelacionfm.cl\/wp-content\/uploads\/2024\/09\/coyhaique-1-3-1_optimized-1-768x512.jpg 768w, https:\/\/radiorevelacionfm.cl\/wp-content\/uploads\/2024\/09\/coyhaique-1-3-1_optimized-1-705x470.jpg 705w, https:\/\/radiorevelacionfm.cl\/wp-content\/uploads\/2024\/09\/coyhaique-1-3-1_optimized-1-450x300.jpg 450w, https:\/\/radiorevelacionfm.cl\/wp-content\/uploads\/2024\/09\/coyhaique-1-3-1_optimized-1-600x400.jpg 600w\" sizes=\"(max-width: 900px) 100vw, 900px\" \/><\/div><\/div><\/div><\/div>\n<div class=\"flex_column av_one_full  flex_column_div av-zero-column-padding first  avia-builder-el-2  el_after_av_one_full  el_before_av_one_full  column-top-margin\" style='border-radius:0px; '><section class=\"av_textblock_section \"  itemscope=\"itemscope\" itemtype=\"https:\/\/schema.org\/BlogPosting\" itemprop=\"blogPost\" ><div class='avia_textblock  '   itemprop=\"text\" ><p style=\"text-align: center;\"><span style=\"font-size: 18pt;\"><b>Alcalde Gatica llama al gobierno considerar a Coyhaique en Plan Data Center<\/b><\/span><\/p>\n<div id=\"gtx-trans\" style=\"position: absolute; left: -50px; top: 4.31534px;\">\n<div class=\"gtx-trans-icon\"><\/div>\n<\/div>\n<\/div><\/section><\/div>\n<div class=\"flex_column av_one_full  flex_column_div av-zero-column-padding first  avia-builder-el-4  el_after_av_one_full  el_before_av_hr  column-top-margin\" style='border-radius:0px; '><section class=\"av_textblock_section \"  itemscope=\"itemscope\" itemtype=\"https:\/\/schema.org\/BlogPosting\" itemprop=\"blogPost\" ><div class='avia_textblock  '   itemprop=\"text\" ><p style=\"text-align: justify;\"><em>\u201cCumplimos con todas las caracter\u00edsticas necesarias y ser\u00eda un gran desarrollo econ\u00f3mico para la comuna\u201d, afirm\u00f3 el edil Carlos Gatica. <\/em><\/p>\n<p style=\"text-align: justify;\">En el contexto del Plan de Data Centers para el pa\u00eds que se encuentra impulsado el gobierno, el alcalde de Coyhaique, Carlos Gatica, solicit\u00f3 a las autoridades regionales incorporar a la comuna en este plan con objeto de lograr la construcci\u00f3n y el funcionamiento de esta infraestructura que almacena informaci\u00f3n destinada principalmente a la investigaci\u00f3n, considerando las caracter\u00edsticas geogr\u00e1ficas, climatol\u00f3gicas y de proyecci\u00f3n que tiene el territorio.<\/p>\n<p style=\"text-align: justify;\">Sobre la solicitud al ejecutivo, el alcalde de Coyhaique, Carlos Gatica Villegas, sostuvo que \u201cla construcci\u00f3n y funcionamiento de un Data Center en nuestra comuna ser\u00eda un tremendo impulso al desarrollo tecnol\u00f3gico, la investigaci\u00f3n y la atracci\u00f3n de inversiones incluso internacionales a nuestro territorio. Esta infraestructura y equipos, permite almacenar informaci\u00f3n de grandes servidores y en nuestra comuna contamos con todas las condiciones para esto, tenemos la geograf\u00eda, la temperatura, ventilaci\u00f3n y grandes extensiones de terreno en las localidades del Blanco y Balmaceda, donde podr\u00eda ubicarse un centro de esta envergadura\u201d.<\/p>\n<p style=\"text-align: justify;\">\u201cAdem\u00e1s de proyectarnos como polo de desarrollo en innovaci\u00f3n, podr\u00eda ser una oportunidad para generar nuevos empleos en la industria de las TIC\u2019s, dando pertinencia tambi\u00e9n a la formaci\u00f3n de profesionales que se est\u00e1 impulsando a trav\u00e9s de las universidades locales, algo que anhelamos como regi\u00f3n\u201d, a\u00f1adi\u00f3 la autoridad comunal.<\/p>\n<p style=\"text-align: justify;\">\u201cNuestro llamado es a nuestro delegado presidencial regional, Rodrigo Araya y a la SEREMI de las Ciencias de la Macrozona Austral, Ver\u00f3nica Vallejos, a considerar las caracter\u00edsticas que tiene nuestra zona para hacernos parte del Plan de Data Centers para Chile que est\u00e1 impulsando el gobierno, que tiene por objetivo aumentar a 28 estos centros en el pa\u00eds, Coyhaique puede contar con el suyo y estoy seguro que tanto la comunidad como los sectores productivos regionales estar\u00e1n disponibles para apoyar esta iniciativa de tener la acogida que esperamos del nivel central\u201d, concluy\u00f3 el alcalde.<\/p>\n<\/div><\/section><\/div><div  style='height:50px' class='hr hr-invisible   avia-builder-el-6  el_after_av_one_full  el_before_av_social_share '><span class='hr-inner ' ><span class='hr-inner-style'><\/span><\/span><\/div><\/p>\n<div  class='av-social-sharing-box  avia-builder-el-7  el_after_av_hr  el_before_av_hr  '><div class='av-share-box'><h5 class='av-share-link-description av-no-toc '>Compartir esta noticia<\/h5><ul class='av-share-box-list noLightbox'><li class='av-share-link av-social-link-facebook' ><a target=\"_blank\" aria-label=\"Compartir en Facebook\" href='https:\/\/www.facebook.com\/sharer.php?u=https:\/\/radiorevelacionfm.cl\/?p=46165&#038;t=Alcalde%20Gatica%20llama%20al%20gobierno%20considerar%20a%20Coyhaique%20en%20Plan%20Data%20Center' aria-hidden='false' data-av_icon='\ue8f3' data-av_iconfont='entypo-fontello' title='' data-avia-related-tooltip='Compartir en Facebook' rel=\"noopener\"><span class='avia_hidden_link_text'>Compartir en Facebook<\/span><\/a><\/li><li class='av-share-link av-social-link-twitter' ><a target=\"_blank\" aria-label=\"Compartir en Twitter\" href='https:\/\/twitter.com\/share?text=Alcalde%20Gatica%20llama%20al%20gobierno%20considerar%20a%20Coyhaique%20en%20Plan%20Data%20Center&#038;url=https:\/\/radiorevelacionfm.cl\/?p=46165' aria-hidden='false' data-av_icon='\ue8f1' data-av_iconfont='entypo-fontello' title='' data-avia-related-tooltip='Compartir en Twitter' rel=\"noopener\"><span class='avia_hidden_link_text'>Compartir en Twitter<\/span><\/a><\/li><li class='av-share-link av-social-link-whatsapp' ><a target=\"_blank\" aria-label=\"Compartir en Whatsapp\" href='https:\/\/api.whatsapp.com\/send?text=https:\/\/radiorevelacionfm.cl\/?p=46165' aria-hidden='false' data-av_icon='\uf232' data-av_iconfont='entypo-fontello' title='' data-avia-related-tooltip='Compartir en Whatsapp' rel=\"noopener\"><span class='avia_hidden_link_text'>Compartir en Whatsapp<\/span><\/a><\/li><li class='av-share-link av-social-link-linkedin' ><a target=\"_blank\" aria-label=\"Compartir en LinkedIn\" href='https:\/\/linkedin.com\/shareArticle?mini=true&#038;title=Alcalde%20Gatica%20llama%20al%20gobierno%20considerar%20a%20Coyhaique%20en%20Plan%20Data%20Center&#038;url=https:\/\/radiorevelacionfm.cl\/?p=46165' aria-hidden='false' data-av_icon='\ue8fc' data-av_iconfont='entypo-fontello' title='' data-avia-related-tooltip='Compartir en LinkedIn' rel=\"noopener\"><span class='avia_hidden_link_text'>Compartir en LinkedIn<\/span><\/a><\/li><li class='av-share-link av-social-link-mail' ><a  aria-label=\"Compartir por correo\" href='mailto:?subject=Alcalde%20Gatica%20llama%20al%20gobierno%20considerar%20a%20Coyhaique%20en%20Plan%20Data%20Center&#038;body=https:\/\/radiorevelacionfm.cl\/?p=46165' aria-hidden='false' data-av_icon='\ue805' data-av_iconfont='entypo-fontello' title='' data-avia-related-tooltip='Compartir por correo'><span class='avia_hidden_link_text'>Compartir por correo<\/span><\/a><\/li><\/ul><\/div><\/div>\n<div  style='height:50px' class='hr hr-invisible   avia-builder-el-8  el_after_av_social_share  el_before_av_comments_list '><span class='hr-inner ' ><span class='hr-inner-style'><\/span><\/span><\/div>\n<div  class='av-buildercomment  av-blog-meta-html-info-disabled av-blog-meta-tag-disabled  '><\/div>\n","protected":false},"excerpt":{"rendered":"","protected":false},"author":1,"featured_media":46166,"comment_status":"open","ping_status":"open","sticky":false,"template":"","format":"standard","meta":{"footnotes":""},"categories":[38],"tags":[],"class_list":["post-46165","post","type-post","status-publish","format-standard","has-post-thumbnail","hentry","category-regional"],"jetpack_featured_media_url":"https:\/\/radiorevelacionfm.cl\/wp-content\/uploads\/2024\/09\/coyhaique-1-3-1_optimized-1.jpg","_links":{"self":[{"href":"https:\/\/radiorevelacionfm.cl\/index.php?rest_route=\/wp\/v2\/posts\/46165","targetHints":{"allow":["GET"]}}],"collection":[{"href":"https:\/\/radiorevelacionfm.cl\/index.php?rest_route=\/wp\/v2\/posts"}],"about":[{"href":"https:\/\/radiorevelacionfm.cl\/index.php?rest_route=\/wp\/v2\/types\/post"}],"author":[{"embeddable":true,"href":"https:\/\/radiorevelacionfm.cl\/index.php?rest_route=\/wp\/v2\/users\/1"}],"replies":[{"embeddable":true,"href":"https:\/\/radiorevelacionfm.cl\/index.php?rest_route=%2Fwp%2Fv2%2Fcomments&post=46165"}],"version-history":[{"count":2,"href":"https:\/\/radiorevelacionfm.cl\/index.php?rest_route=\/wp\/v2\/posts\/46165\/revisions"}],"predecessor-version":[{"id":46212,"href":"https:\/\/radiorevelacionfm.cl\/index.php?rest_route=\/wp\/v2\/posts\/46165\/revisions\/46212"}],"wp:featuredmedia":[{"embeddable":true,"href":"https:\/\/radiorevelacionfm.cl\/index.php?rest_route=\/wp\/v2\/media\/46166"}],"wp:attachment":[{"href":"https:\/\/radiorevelacionfm.cl\/index.php?rest_route=%2Fwp%2Fv2%2Fmedia&parent=46165"}],"wp:term":[{"taxonomy":"category","embeddable":true,"href":"https:\/\/radiorevelacionfm.cl\/index.php?rest_route=%2Fwp%2Fv2%2Fcategories&post=46165"},{"taxonomy":"post_tag","embeddable":true,"href":"https:\/\/radiorevelacionfm.cl\/index.php?rest_route=%2Fwp%2Fv2%2Ftags&post=46165"}],"curies":[{"name":"wp","href":"https:\/\/api.w.org\/{rel}","templated":true}]}}