{"id":46161,"date":"2024-09-12T12:15:13","date_gmt":"2024-09-12T15:15:13","guid":{"rendered":"https:\/\/radiorevelacionfm.cl\/?p=46161"},"modified":"2024-09-12T12:15:13","modified_gmt":"2024-09-12T15:15:13","slug":"gobierno-regional-aprueba-1-100-millones-en-iniciativas-para-la-comuna-de-aysen","status":"publish","type":"post","link":"https:\/\/radiorevelacionfm.cl\/?p=46161","title":{"rendered":"Gobierno Regional aprueba $1.100 millones en iniciativas para la comuna de Ays\u00e9n"},"content":{"rendered":"<div class=\"flex_column av_one_full  flex_column_div av-zero-column-padding first  avia-builder-el-0  el_before_av_one_full  avia-builder-el-first  \" style='border-radius:0px; '><div  class='avia-image-container  av-styling-    avia-builder-el-1  avia-builder-el-no-sibling  avia-align-center '  itemprop=\"image\" itemscope=\"itemscope\" itemtype=\"https:\/\/schema.org\/ImageObject\"  ><div class='avia-image-container-inner'><div class='avia-image-overlay-wrap'><img decoding=\"async\" class='wp-image-46163 avia-img-lazy-loading-not-46163 avia_image' src=\"https:\/\/radiorevelacionfm.cl\/wp-content\/uploads\/2024\/09\/render-de-proyecto-cancha-alas-1_optimized.jpg\" alt='' title='render-de-proyecto-cancha-alas-(1)_optimized' height=\"600\" width=\"1079\"  itemprop=\"thumbnailUrl\" srcset=\"https:\/\/radiorevelacionfm.cl\/wp-content\/uploads\/2024\/09\/render-de-proyecto-cancha-alas-1_optimized.jpg 1079w, https:\/\/radiorevelacionfm.cl\/wp-content\/uploads\/2024\/09\/render-de-proyecto-cancha-alas-1_optimized-300x167.jpg 300w, https:\/\/radiorevelacionfm.cl\/wp-content\/uploads\/2024\/09\/render-de-proyecto-cancha-alas-1_optimized-1030x573.jpg 1030w, https:\/\/radiorevelacionfm.cl\/wp-content\/uploads\/2024\/09\/render-de-proyecto-cancha-alas-1_optimized-768x427.jpg 768w, https:\/\/radiorevelacionfm.cl\/wp-content\/uploads\/2024\/09\/render-de-proyecto-cancha-alas-1_optimized-705x392.jpg 705w, https:\/\/radiorevelacionfm.cl\/wp-content\/uploads\/2024\/09\/render-de-proyecto-cancha-alas-1_optimized-450x250.jpg 450w, https:\/\/radiorevelacionfm.cl\/wp-content\/uploads\/2024\/09\/render-de-proyecto-cancha-alas-1_optimized-600x334.jpg 600w\" sizes=\"(max-width: 1079px) 100vw, 1079px\" \/><\/div><\/div><\/div><\/div><div class=\"flex_column av_one_full  flex_column_div av-zero-column-padding first  avia-builder-el-2  el_after_av_one_full  el_before_av_one_full  column-top-margin\" style='border-radius:0px; '><section class=\"av_textblock_section \"  itemscope=\"itemscope\" itemtype=\"https:\/\/schema.org\/BlogPosting\" itemprop=\"blogPost\" ><div class='avia_textblock  '   itemprop=\"text\" ><p style=\"text-align: center;\"><strong><span style=\"font-size: 18pt;\">Gobierno Regional aprueba $1.100 millones en iniciativas para la comuna de Ays\u00e9n<\/span><\/strong><\/p>\n<div id=\"gtx-trans\" style=\"position: absolute; left: -50px; top: 4.31534px;\">\n<div class=\"gtx-trans-icon\"><\/div>\n<\/div>\n<\/div><\/section><\/div><div class=\"flex_column av_one_full  flex_column_div av-zero-column-padding first  avia-builder-el-4  el_after_av_one_full  el_before_av_hr  column-top-margin\" style='border-radius:0px; '><section class=\"av_textblock_section \"  itemscope=\"itemscope\" itemtype=\"https:\/\/schema.org\/BlogPosting\" itemprop=\"blogPost\" ><div class='avia_textblock  '   itemprop=\"text\" ><p style=\"text-align: justify;\"><em>Organizaciones sociales y ciudadanos en general se ver\u00e1n beneficiados con el avance de proyectos en las localidades de Caleta Andrade, Villa Ma\u00f1ihuales, Puerto Chacabuco y Puerto Ays\u00e9n.<\/em><\/p>\n<p style=\"text-align: justify;\">En una sesi\u00f3n extraordinaria del plenario del Gobierno Regional, el Consejo aprob\u00f3 los seis proyectos presentados por la Municipalidad de Ays\u00e9n, lo que significa un aporte de $1.094.448.000 para obras que mejorar\u00e1n la calidad de vida de los habitantes de la comuna, al igual que organizaciones sociales de la zona.<\/p>\n<p style=\"text-align: justify;\">Todos estas instancias fueron postulados a trav\u00e9s del Fondo Regional de Iniciativa Local (FRIL), espec\u00edficamente estas son la construcci\u00f3n de una sede para la junta de vecinos de Caleta Andrade y otra para el club de adulto mayor \u201cLas Rosas\u201d de la misma localidad.<\/p>\n<p style=\"text-align: justify;\">Julio Uribe, Alcalde de Ays\u00e9n, se\u00f1ala que \u201cLos adultos mayores estaban en un recinto auto construido muy antiguo y hoy van a tener una sede nueva, ya que los fondos fueron aprobados por el Gobierno Regional. Como tambi\u00e9n la Junta de Vecinos de Caleta Andrade que era un anhelado sue\u00f1o de sus dirigentes y pobladores. Por lo tanto, vamos a contar con dos infraestructuras nuevas en Caleta Andrade\u201d.<\/p>\n<p style=\"text-align: justify;\">Para Villa Ma\u00f1ihuales se aprob\u00f3 el financiamiento del arreglo de la multicancha ubicada a un costado de la plaza, y la edificaci\u00f3n de una nueva delegaci\u00f3n municipal. Dos proyectos que mejorar\u00e1n la calidad de vida de los vecinos, y de servicios a la comunidad.<\/p>\n<p style=\"text-align: justify;\">\u201cSabemos lo importante que es seguir mejorando infraestructura deportiva, tuvimos la posibilidad hace unos d\u00edas de estar entregando terrenos tambi\u00e9n para la cancha Antonio Rossi (en la misma localidad) y ahora se va a habilitar nuevamente la cancha que est\u00e1 en el sector Plaza\u201d, indic\u00f3 el alcalde Uribe.<\/p>\n<p style=\"text-align: justify;\">Una de las obras m\u00e1s anheladas es la correspondiente a la demarcaci\u00f3n de se\u00f1al\u00e9ticas urbanas para Puerto Chacabuco, esto debido por un lado a la necesidad de tener bien marcadas las calles del puerto, ya que es la puerta de entrada para muchos turistas de la regi\u00f3n. Por otro lado, es un proyecto que ser\u00e1 trabajado por obreras de la misma localidad portuaria.<\/p>\n<p style=\"text-align: justify;\">La presidenta del sindicato \u201cLas Porte\u00f1as\u201d, Rosa Almonacid; quienes se har\u00e1n cargo de las obras, coment\u00f3 que \u201cgeneralmente los proyectos van por tres y tenemos que estar siempre buscando otras v\u00edas de trabajo, as\u00ed que nos va a servir un mont\u00f3n que nos hayan aprobado un proyecto por cinco meses y que les den oportunidades obviamente a nuestras socias\u201d.<\/p>\n<p style=\"text-align: justify;\">Por \u00faltimo, fue aprobado de manera un\u00e1nime el mejoramiento de la cancha sint\u00e9tica del Club Alas Portuarias de Puerto Ays\u00e9n. Al respecto, Luis Curiqueo, presidente de la entidad deportiva, indic\u00f3 que \u201cestamos muy satisfechos, ya que este es un gran avance para el club porque las condiciones en la cancha no son tan buenas, y ahora con esto ya se va a mejorar, sobre todo para el uso los socios, jugadores y la comunidad en general. As\u00ed que estamos realmente con mucha emoci\u00f3n, es una labor m\u00e1s que podemos decir que se realiz\u00f3 y ojal\u00e1 que pr\u00f3ximamente se ejecute\u201d.<\/p>\n<p style=\"text-align: justify;\">De esta manera, el pr\u00f3ximo paso es la transferencia de los recursos que permitan dar inicio al proceso que significa la concreci\u00f3n de cada uno de estos proyectos en toda la comuna aysenina.<\/p>\n<\/div><\/section><\/div><div  style='height:50px' class='hr hr-invisible   avia-builder-el-6  el_after_av_one_full  el_before_av_social_share '><span class='hr-inner ' ><span class='hr-inner-style'><\/span><\/span><\/div><\/p>\n<div  class='av-social-sharing-box  avia-builder-el-7  el_after_av_hr  el_before_av_hr  '><div class='av-share-box'><h5 class='av-share-link-description av-no-toc '>Compartir esta noticia<\/h5><ul class='av-share-box-list noLightbox'><li class='av-share-link av-social-link-facebook' ><a target=\"_blank\" aria-label=\"Compartir en Facebook\" href='https:\/\/www.facebook.com\/sharer.php?u=https:\/\/radiorevelacionfm.cl\/?p=46161&#038;t=Gobierno%20Regional%20aprueba%20%241.100%20millones%20en%20iniciativas%20para%20la%20comuna%20de%20Ays%C3%A9n' aria-hidden='false' data-av_icon='\ue8f3' data-av_iconfont='entypo-fontello' title='' data-avia-related-tooltip='Compartir en Facebook' rel=\"noopener\"><span class='avia_hidden_link_text'>Compartir en Facebook<\/span><\/a><\/li><li class='av-share-link av-social-link-twitter' ><a target=\"_blank\" aria-label=\"Compartir en Twitter\" href='https:\/\/twitter.com\/share?text=Gobierno%20Regional%20aprueba%20%241.100%20millones%20en%20iniciativas%20para%20la%20comuna%20de%20Ays%C3%A9n&#038;url=https:\/\/radiorevelacionfm.cl\/?p=46161' aria-hidden='false' data-av_icon='\ue8f1' data-av_iconfont='entypo-fontello' title='' data-avia-related-tooltip='Compartir en Twitter' rel=\"noopener\"><span class='avia_hidden_link_text'>Compartir en Twitter<\/span><\/a><\/li><li class='av-share-link av-social-link-whatsapp' ><a target=\"_blank\" aria-label=\"Compartir en Whatsapp\" href='https:\/\/api.whatsapp.com\/send?text=https:\/\/radiorevelacionfm.cl\/?p=46161' aria-hidden='false' data-av_icon='\uf232' data-av_iconfont='entypo-fontello' title='' data-avia-related-tooltip='Compartir en Whatsapp' rel=\"noopener\"><span class='avia_hidden_link_text'>Compartir en Whatsapp<\/span><\/a><\/li><li class='av-share-link av-social-link-linkedin' ><a target=\"_blank\" aria-label=\"Compartir en LinkedIn\" href='https:\/\/linkedin.com\/shareArticle?mini=true&#038;title=Gobierno%20Regional%20aprueba%20%241.100%20millones%20en%20iniciativas%20para%20la%20comuna%20de%20Ays%C3%A9n&#038;url=https:\/\/radiorevelacionfm.cl\/?p=46161' aria-hidden='false' data-av_icon='\ue8fc' data-av_iconfont='entypo-fontello' title='' data-avia-related-tooltip='Compartir en LinkedIn' rel=\"noopener\"><span class='avia_hidden_link_text'>Compartir en LinkedIn<\/span><\/a><\/li><li class='av-share-link av-social-link-mail' ><a  aria-label=\"Compartir por correo\" href='mailto:?subject=Gobierno%20Regional%20aprueba%20%241.100%20millones%20en%20iniciativas%20para%20la%20comuna%20de%20Ays%C3%A9n&#038;body=https:\/\/radiorevelacionfm.cl\/?p=46161' aria-hidden='false' data-av_icon='\ue805' data-av_iconfont='entypo-fontello' title='' data-avia-related-tooltip='Compartir por correo'><span class='avia_hidden_link_text'>Compartir por correo<\/span><\/a><\/li><\/ul><\/div><\/div>\n<div  style='height:50px' class='hr hr-invisible   avia-builder-el-8  el_after_av_social_share  el_before_av_comments_list '><span class='hr-inner ' ><span class='hr-inner-style'><\/span><\/span><\/div>\n<div  class='av-buildercomment  av-blog-meta-html-info-disabled av-blog-meta-tag-disabled  '><\/div>\n","protected":false},"excerpt":{"rendered":"","protected":false},"author":1,"featured_media":46163,"comment_status":"open","ping_status":"open","sticky":false,"template":"","format":"standard","meta":{"footnotes":""},"categories":[38],"tags":[],"class_list":["post-46161","post","type-post","status-publish","format-standard","has-post-thumbnail","hentry","category-regional"],"jetpack_featured_media_url":"https:\/\/radiorevelacionfm.cl\/wp-content\/uploads\/2024\/09\/render-de-proyecto-cancha-alas-1_optimized.jpg","_links":{"self":[{"href":"https:\/\/radiorevelacionfm.cl\/index.php?rest_route=\/wp\/v2\/posts\/46161","targetHints":{"allow":["GET"]}}],"collection":[{"href":"https:\/\/radiorevelacionfm.cl\/index.php?rest_route=\/wp\/v2\/posts"}],"about":[{"href":"https:\/\/radiorevelacionfm.cl\/index.php?rest_route=\/wp\/v2\/types\/post"}],"author":[{"embeddable":true,"href":"https:\/\/radiorevelacionfm.cl\/index.php?rest_route=\/wp\/v2\/users\/1"}],"replies":[{"embeddable":true,"href":"https:\/\/radiorevelacionfm.cl\/index.php?rest_route=%2Fwp%2Fv2%2Fcomments&post=46161"}],"version-history":[{"count":1,"href":"https:\/\/radiorevelacionfm.cl\/index.php?rest_route=\/wp\/v2\/posts\/46161\/revisions"}],"predecessor-version":[{"id":46164,"href":"https:\/\/radiorevelacionfm.cl\/index.php?rest_route=\/wp\/v2\/posts\/46161\/revisions\/46164"}],"wp:featuredmedia":[{"embeddable":true,"href":"https:\/\/radiorevelacionfm.cl\/index.php?rest_route=\/wp\/v2\/media\/46163"}],"wp:attachment":[{"href":"https:\/\/radiorevelacionfm.cl\/index.php?rest_route=%2Fwp%2Fv2%2Fmedia&parent=46161"}],"wp:term":[{"taxonomy":"category","embeddable":true,"href":"https:\/\/radiorevelacionfm.cl\/index.php?rest_route=%2Fwp%2Fv2%2Fcategories&post=46161"},{"taxonomy":"post_tag","embeddable":true,"href":"https:\/\/radiorevelacionfm.cl\/index.php?rest_route=%2Fwp%2Fv2%2Ftags&post=46161"}],"curies":[{"name":"wp","href":"https:\/\/api.w.org\/{rel}","templated":true}]}}