{"id":4616,"date":"2021-05-28T15:35:18","date_gmt":"2021-05-28T18:35:18","guid":{"rendered":"https:\/\/radiorevelacionfm.cl\/?p=4616"},"modified":"2021-05-28T15:35:18","modified_gmt":"2021-05-28T18:35:18","slug":"se-abren-inscripciones-para-programa-de-investigacion-e-innovacion-escolar-2021-region-de-aysen","status":"publish","type":"post","link":"https:\/\/radiorevelacionfm.cl\/?p=4616","title":{"rendered":"Se abren inscripciones para Programa de Investigaci\u00f3n e Innovaci\u00f3n Escolar 2021 regi\u00f3n de Ays\u00e9n"},"content":{"rendered":"<div class=\"flex_column av_one_full  flex_column_div av-zero-column-padding first  avia-builder-el-0  el_before_av_one_full  avia-builder-el-first  \" style='border-radius:0px; '><div  class='avia-image-container  av-styling-    avia-builder-el-1  avia-builder-el-no-sibling  avia-align-center '  itemprop=\"image\" itemscope=\"itemscope\" itemtype=\"https:\/\/schema.org\/ImageObject\"  ><div class='avia-image-container-inner'><div class='avia-image-overlay-wrap'><img decoding=\"async\" class='wp-image-0 avia-img-lazy-loading-not-0 avia_image' src=\"https:\/\/radiorevelacionfm.cl\/wp-content\/uploads\/2021\/05\/iie20211080pxRRSS-1-1.png\" alt='' title=''   itemprop=\"thumbnailUrl\"  \/><\/div><\/div><\/div><\/div><div class=\"flex_column av_one_full  flex_column_div av-zero-column-padding first  avia-builder-el-2  el_after_av_one_full  el_before_av_one_full  column-top-margin\" style='border-radius:0px; '><section class=\"av_textblock_section \"  itemscope=\"itemscope\" itemtype=\"https:\/\/schema.org\/BlogPosting\" itemprop=\"blogPost\" ><div class='avia_textblock  '   itemprop=\"text\" ><p style=\"text-align: center;\"><strong><span style=\"font-size: 18pt;\">Se abren inscripciones para Programa de Investigaci\u00f3n e Innovaci\u00f3n Escolar 2021 regi\u00f3n de Ays\u00e9n<\/span><\/strong><\/p>\n<div id=\"gtx-trans\" style=\"position: absolute; left: -50px; top: 4.31534px;\">\n<div class=\"gtx-trans-icon\"><\/div>\n<\/div>\n<\/div><\/section><\/div><div class=\"flex_column av_one_full  flex_column_div av-zero-column-padding first  avia-builder-el-4  el_after_av_one_full  el_before_av_hr  column-top-margin\" style='border-radius:0px; '><section class=\"av_textblock_section \"  itemscope=\"itemscope\" itemtype=\"https:\/\/schema.org\/BlogPosting\" itemprop=\"blogPost\" ><div class='avia_textblock  '   itemprop=\"text\" ><p style=\"text-align: justify;\">La convocatoria est\u00e1 dirigida a docentes y estudiantes de ense\u00f1anza b\u00e1sica y media interesados\/as en crear proyectos de investigaci\u00f3n o innovaci\u00f3n escolar que conecten con las problem\u00e1ticas territoriales. Puedes inscribirte hasta el 09 de junio completando el formulario disponible al final de la nota.<\/p>\n<p style=\"text-align: justify;\">Con la intenci\u00f3n de fomentar el desarrollo de habilidades de pensamiento cient\u00edfico en ni\u00f1os, ni\u00f1as y adolescentes y fortalecer el inter\u00e9s hacia la ciencia y la tecnolog\u00eda, el Proyecto Explora Ays\u00e9n del Ministerio de Ciencia, ejecutado en la regi\u00f3n por el Campus Patagonia de la Universidad Austral de Chile, invita a docentes y estudiantes a ser parte del Programa de Investigaci\u00f3n en Innovaci\u00f3n Escolar 2021 (IIE 2021).<\/p>\n<p style=\"text-align: justify;\"><strong>\u00bfDe qu\u00e9 se trata el Programa de Investigaci\u00f3n e Innovaci\u00f3n Escolar?<\/strong><\/p>\n<p style=\"text-align: justify;\">Es un espacio de aprendizaje dise\u00f1ado para que docentes y estudiantes puedan descubrir, discutir y trabajar en equipo preguntas y problem\u00e1ticas de su entorno, encontrando posibles respuestas y soluciones, fortaleciendo el inter\u00e9s y actitudes positivas hacia la ciencia y la tecnolog\u00eda.<\/p>\n<p style=\"text-align: justify;\">Los equipos de investigaci\u00f3n que participen de la experiencia deber\u00e1n identificar una idea previa acerca de alg\u00fan tema que deseen investigar o problem\u00e1tica que quieran resolver. Con ello, comenzar\u00e1n una ruta de aprendizaje ordenada en talleres virtuales y guiada por un plan de asesor\u00eda cient\u00edfica, que les ayudar\u00e1 a definir su proyecto de investigaci\u00f3n, fortalecer metodol\u00f3gicamente las propuestas y socializar sus resultados y conclusiones entre equipos de distintos establecimientos educacionales. Al final de la ruta los y las estudiantes habr\u00e1n trabajado habilidades de observaci\u00f3n y comunicaci\u00f3n, adem\u00e1s de identificar los pasos del m\u00e9todo cient\u00edfico y las formas correctas para desarrollar un proyecto de investigaci\u00f3n.<\/p>\n<p style=\"text-align: justify;\">Viviana Barr\u00eda, coordinadora ejecutiva del PAR Explora Ays\u00e9n comenta que, \u201clos ni\u00f1os, ni\u00f1as y adolescentes tienen desde las primeras edades la capacidad innata de observar los fen\u00f3menos que ocurren a su alrededor, buscar explicaciones y tambi\u00e9n buscar soluciones a las problem\u00e1ticas que hay en su entorno. Sin embargo, a medida que van creciendo estas habilidades de pensamientos cient\u00edficos se van perdiendo, entonces se vuelve importante trabajarlas para que en el futuro tengamos adultos capaces de comprender el mundo natural y social que los rodea y tambi\u00e9n sean ciudadanos cr\u00edticos y activos. Las habilidades cient\u00edficas finalmente son habilidades para la vida, no solo para el desarrollo de un proceso de investigaci\u00f3n.\u201d<\/p>\n<p style=\"text-align: justify;\">Los clubes y equipos que lleguen al final de esta experiencia podr\u00e1n participar en el Congreso Regional Escolar, una instancia virtual en la que deber\u00e1n comunicar los resultados de sus investigaciones escolares.<\/p>\n<p style=\"text-align: justify;\">Todas las actividades que forman parte del Programa IIE 2021 se realizar\u00e1n de forma remota de acuerdo a las medidas sanitarias de distanciamiento social, procurando que este sea un espacio seguro para los\/as participantes.<\/p>\n<p style=\"text-align: justify;\"><strong>\u00bfC\u00f3mo participar?<\/strong><\/p>\n<p style=\"text-align: justify;\">Solo necesitas reunir a tu club o equipo de investigaci\u00f3n, compuesto por un\/a docente y dos o m\u00e1s estudiantes de ense\u00f1anza b\u00e1sica o media, y tener las ganas de desarrollar un proyecto de investigaci\u00f3n escolar. Las investigaciones a desarrollar pueden ser del \u00e1rea de las ciencias naturales y exactas, ciencias sociales, artes y humanidades o innovaci\u00f3n cient\u00edfica.<\/p>\n<p style=\"text-align: justify;\">Para inscribirte solo tienes que completar el \u201cFormulario de participaci\u00f3n IIE 2021\u201d y enviarlo al correo de contacto exploraysen@uach.cl hasta el 09 de junio.<\/p>\n<p><a href=\"https:\/\/drive.google.com\/file\/d\/1U3I-9gyTch-VyB-Ew9-dfzYi0ZhvlmpY\/view\">Descargar Formulario de Participaci\u00f3n IIE 2021<\/a><\/p>\n<p><a href=\"https:\/\/drive.google.com\/file\/d\/15JkylVvKZNep2WqHFN-pLxDWHeufIUfg\/view\">Descargar Convocatoria IIE 2021<\/a><\/p>\n<p><a href=\"https:\/\/drive.google.com\/file\/d\/1ijJBHIC7jxMEFesaS2v2m6P0eO8nxlHu\/view\">Descargar Normativa de Seguridad y Bio\u00e9tica<\/a><\/p>\n<\/div><\/section><\/div><div  style='height:50px' class='hr hr-invisible   avia-builder-el-6  el_after_av_one_full  el_before_av_social_share '><span class='hr-inner ' ><span class='hr-inner-style'><\/span><\/span><\/div><\/p>\n<div  class='av-social-sharing-box  avia-builder-el-7  el_after_av_hr  el_before_av_hr  '><div class='av-share-box'><h5 class='av-share-link-description av-no-toc '>Compartir esta noticia<\/h5><ul class='av-share-box-list noLightbox'><li class='av-share-link av-social-link-facebook' ><a target=\"_blank\" aria-label=\"Compartir en Facebook\" href='https:\/\/www.facebook.com\/sharer.php?u=https:\/\/radiorevelacionfm.cl\/?p=4616&#038;t=Se%20abren%20inscripciones%20para%20Programa%20de%20Investigaci%C3%B3n%20e%20Innovaci%C3%B3n%20Escolar%202021%20regi%C3%B3n%20de%20Ays%C3%A9n' aria-hidden='false' data-av_icon='\ue8f3' data-av_iconfont='entypo-fontello' title='' data-avia-related-tooltip='Compartir en Facebook' rel=\"noopener\"><span class='avia_hidden_link_text'>Compartir en Facebook<\/span><\/a><\/li><li class='av-share-link av-social-link-twitter' ><a target=\"_blank\" aria-label=\"Compartir en Twitter\" href='https:\/\/twitter.com\/share?text=Se%20abren%20inscripciones%20para%20Programa%20de%20Investigaci%C3%B3n%20e%20Innovaci%C3%B3n%20Escolar%202021%20regi%C3%B3n%20de%20Ays%C3%A9n&#038;url=https:\/\/radiorevelacionfm.cl\/?p=4616' aria-hidden='false' data-av_icon='\ue8f1' data-av_iconfont='entypo-fontello' title='' data-avia-related-tooltip='Compartir en Twitter' rel=\"noopener\"><span class='avia_hidden_link_text'>Compartir en Twitter<\/span><\/a><\/li><li class='av-share-link av-social-link-whatsapp' ><a target=\"_blank\" aria-label=\"Compartir en Whatsapp\" href='https:\/\/api.whatsapp.com\/send?text=https:\/\/radiorevelacionfm.cl\/?p=4616' aria-hidden='false' data-av_icon='\uf232' data-av_iconfont='entypo-fontello' title='' data-avia-related-tooltip='Compartir en Whatsapp' rel=\"noopener\"><span class='avia_hidden_link_text'>Compartir en Whatsapp<\/span><\/a><\/li><li class='av-share-link av-social-link-linkedin' ><a target=\"_blank\" aria-label=\"Compartir en LinkedIn\" href='https:\/\/linkedin.com\/shareArticle?mini=true&#038;title=Se%20abren%20inscripciones%20para%20Programa%20de%20Investigaci%C3%B3n%20e%20Innovaci%C3%B3n%20Escolar%202021%20regi%C3%B3n%20de%20Ays%C3%A9n&#038;url=https:\/\/radiorevelacionfm.cl\/?p=4616' aria-hidden='false' data-av_icon='\ue8fc' data-av_iconfont='entypo-fontello' title='' data-avia-related-tooltip='Compartir en LinkedIn' rel=\"noopener\"><span class='avia_hidden_link_text'>Compartir en LinkedIn<\/span><\/a><\/li><li class='av-share-link av-social-link-mail' ><a  aria-label=\"Compartir por correo\" href='mailto:?subject=Se%20abren%20inscripciones%20para%20Programa%20de%20Investigaci%C3%B3n%20e%20Innovaci%C3%B3n%20Escolar%202021%20regi%C3%B3n%20de%20Ays%C3%A9n&#038;body=https:\/\/radiorevelacionfm.cl\/?p=4616' aria-hidden='false' data-av_icon='\ue805' data-av_iconfont='entypo-fontello' title='' data-avia-related-tooltip='Compartir por correo'><span class='avia_hidden_link_text'>Compartir por correo<\/span><\/a><\/li><\/ul><\/div><\/div>\n<div  style='height:50px' class='hr hr-invisible   avia-builder-el-8  el_after_av_social_share  el_before_av_comments_list '><span class='hr-inner ' ><span class='hr-inner-style'><\/span><\/span><\/div>\n<div  class='av-buildercomment  av-blog-meta-html-info-disabled av-blog-meta-tag-disabled  '><\/div>\n","protected":false},"excerpt":{"rendered":"","protected":false},"author":1,"featured_media":0,"comment_status":"open","ping_status":"open","sticky":false,"template":"","format":"standard","meta":{"footnotes":""},"categories":[49],"tags":[],"class_list":["post-4616","post","type-post","status-publish","format-standard","hentry","category-educacion"],"jetpack_featured_media_url":"","_links":{"self":[{"href":"https:\/\/radiorevelacionfm.cl\/index.php?rest_route=\/wp\/v2\/posts\/4616","targetHints":{"allow":["GET"]}}],"collection":[{"href":"https:\/\/radiorevelacionfm.cl\/index.php?rest_route=\/wp\/v2\/posts"}],"about":[{"href":"https:\/\/radiorevelacionfm.cl\/index.php?rest_route=\/wp\/v2\/types\/post"}],"author":[{"embeddable":true,"href":"https:\/\/radiorevelacionfm.cl\/index.php?rest_route=\/wp\/v2\/users\/1"}],"replies":[{"embeddable":true,"href":"https:\/\/radiorevelacionfm.cl\/index.php?rest_route=%2Fwp%2Fv2%2Fcomments&post=4616"}],"version-history":[{"count":1,"href":"https:\/\/radiorevelacionfm.cl\/index.php?rest_route=\/wp\/v2\/posts\/4616\/revisions"}],"predecessor-version":[{"id":4618,"href":"https:\/\/radiorevelacionfm.cl\/index.php?rest_route=\/wp\/v2\/posts\/4616\/revisions\/4618"}],"wp:attachment":[{"href":"https:\/\/radiorevelacionfm.cl\/index.php?rest_route=%2Fwp%2Fv2%2Fmedia&parent=4616"}],"wp:term":[{"taxonomy":"category","embeddable":true,"href":"https:\/\/radiorevelacionfm.cl\/index.php?rest_route=%2Fwp%2Fv2%2Fcategories&post=4616"},{"taxonomy":"post_tag","embeddable":true,"href":"https:\/\/radiorevelacionfm.cl\/index.php?rest_route=%2Fwp%2Fv2%2Ftags&post=4616"}],"curies":[{"name":"wp","href":"https:\/\/api.w.org\/{rel}","templated":true}]}}