{"id":46158,"date":"2024-09-12T15:14:17","date_gmt":"2024-09-12T18:14:17","guid":{"rendered":"https:\/\/radiorevelacionfm.cl\/?p=46158"},"modified":"2024-09-12T15:14:17","modified_gmt":"2024-09-12T18:14:17","slug":"rio-ibanez-comuna-logra-que-el-100-de-sus-proyectos-fril-2024-sean-aprobados","status":"publish","type":"post","link":"https:\/\/radiorevelacionfm.cl\/?p=46158","title":{"rendered":"R\u00edo Ib\u00e1\u00f1ez: Comuna logra que el 100% de sus proyectos FRIL 2024 sean aprobados"},"content":{"rendered":"<div class=\"flex_column av_one_full  flex_column_div av-zero-column-padding first  avia-builder-el-0  el_before_av_one_full  avia-builder-el-first  \" style='border-radius:0px; '><div  class='avia-image-container  av-styling-    avia-builder-el-1  avia-builder-el-no-sibling  avia-align-center '  itemprop=\"image\" itemscope=\"itemscope\" itemtype=\"https:\/\/schema.org\/ImageObject\"  ><div class='avia-image-container-inner'><div class='avia-image-overlay-wrap'><img decoding=\"async\" class='wp-image-46159 avia-img-lazy-loading-not-46159 avia_image' src=\"https:\/\/radiorevelacionfm.cl\/wp-content\/uploads\/2024\/09\/03-8-1_optimized-1.jpg\" alt='' title='03-(8)-(1)_optimized (1)' height=\"600\" width=\"1067\"  itemprop=\"thumbnailUrl\" srcset=\"https:\/\/radiorevelacionfm.cl\/wp-content\/uploads\/2024\/09\/03-8-1_optimized-1.jpg 1067w, https:\/\/radiorevelacionfm.cl\/wp-content\/uploads\/2024\/09\/03-8-1_optimized-1-300x169.jpg 300w, https:\/\/radiorevelacionfm.cl\/wp-content\/uploads\/2024\/09\/03-8-1_optimized-1-1030x579.jpg 1030w, https:\/\/radiorevelacionfm.cl\/wp-content\/uploads\/2024\/09\/03-8-1_optimized-1-768x432.jpg 768w, https:\/\/radiorevelacionfm.cl\/wp-content\/uploads\/2024\/09\/03-8-1_optimized-1-705x396.jpg 705w, https:\/\/radiorevelacionfm.cl\/wp-content\/uploads\/2024\/09\/03-8-1_optimized-1-450x253.jpg 450w, https:\/\/radiorevelacionfm.cl\/wp-content\/uploads\/2024\/09\/03-8-1_optimized-1-600x337.jpg 600w\" sizes=\"(max-width: 1067px) 100vw, 1067px\" \/><\/div><\/div><\/div><\/div><div class=\"flex_column av_one_full  flex_column_div av-zero-column-padding first  avia-builder-el-2  el_after_av_one_full  el_before_av_one_full  column-top-margin\" style='border-radius:0px; '><section class=\"av_textblock_section \"  itemscope=\"itemscope\" itemtype=\"https:\/\/schema.org\/BlogPosting\" itemprop=\"blogPost\" ><div class='avia_textblock  '   itemprop=\"text\" ><p style=\"text-align: center;\"><strong><span style=\"font-size: 18pt;\">R\u00edo Ib\u00e1\u00f1ez: Comuna logra que el 100% de sus proyectos FRIL 2024 sean aprobados<\/span><\/strong><\/p>\n<div id=\"gtx-trans\" style=\"position: absolute; left: -50px; top: 4.31534px;\">\n<div class=\"gtx-trans-icon\"><\/div>\n<\/div>\n<\/div><\/section><\/div><div class=\"flex_column av_one_full  flex_column_div av-zero-column-padding first  avia-builder-el-4  el_after_av_one_full  el_before_av_hr  column-top-margin\" style='border-radius:0px; '><section class=\"av_textblock_section \"  itemscope=\"itemscope\" itemtype=\"https:\/\/schema.org\/BlogPosting\" itemprop=\"blogPost\" ><div class='avia_textblock  '   itemprop=\"text\" ><p style=\"text-align: justify;\">En su reciente visita al Plenario del Gobierno Regional de Ays\u00e9n, el martes 10 de septiembre, la I. Municipalidad de R\u00edo Ib\u00e1\u00f1ez logr\u00f3 que sus tres \u00faltimas iniciativas del Fondo Regional de Iniciativa Local (FRIL) para 2024 fueran aprobadas. Con esto, se convirti\u00f3 en la primera comuna de la regi\u00f3n en obtener la totalidad de sus proyectos aceptados bajo este financiamiento.<\/p>\n<p style=\"text-align: justify;\">En total, el municipio present\u00f3 siete propuestas FRIL, con un presupuesto global de 1.157 millones de pesos. Estas obras tendr\u00e1n un impacto positivo en las comunidades y econom\u00edas de las cinco localidades m\u00e1s importantes del territorio: Puerto R\u00edo Tranquilo, Puerto S\u00e1nchez, Puerto Ingeniero Ib\u00e1\u00f1ez, Bah\u00eda Murta y Villa Cerro Castillo.<\/p>\n<p style=\"text-align: justify;\">Durante la sesi\u00f3n de esta semana, se aprobaron los proyectos de:<\/p>\n<ul style=\"text-align: justify;\">\n<li>Normalizaci\u00f3n y Mejoramiento de la Sede Comunitaria de Puerto R\u00edo Tranquilo<\/li>\n<li>Construcci\u00f3n de Multicancha en Bah\u00eda Murta<\/li>\n<li>Construcci\u00f3n de Multicancha en la Escuela Aonikenk de Puerto Ib\u00e1\u00f1ez<\/li>\n<\/ul>\n<p style=\"text-align: justify;\">A estos se suman los ya aprobados en sesiones anteriores:<\/p>\n<ul style=\"text-align: justify;\">\n<li>Normalizaci\u00f3n y Mejoramiento de la Sede Comunitaria de Bah\u00eda Murta<\/li>\n<li>Construcci\u00f3n de Oficina Multiprop\u00f3sito y Mejoramiento de la Plaza de Puerto S\u00e1nchez<\/li>\n<li>Habilitaci\u00f3n de Dependencias Municipales y Mejoramiento de la Plaza de Puerto Ingeniero Ib\u00e1\u00f1ez<\/li>\n<li>Normalizaci\u00f3n de la Planta de Tratamiento de Aguas Servidas de Villa Cerro Castillo<\/li>\n<\/ul>\n<p style=\"text-align: justify;\">El alcalde de R\u00edo Ib\u00e1\u00f1ez, Juan Saldivia, destac\u00f3 la importancia de este logro, \u201cEl esfuerzo de nuestros profesionales refleja el compromiso de nuestra gesti\u00f3n municipal en beneficio de nuestras vecinas y vecinos. De esta forma, beneficiamos a nuestras localidades e impulsamos la econom\u00eda comunal mediante la creaci\u00f3n de empleo.\u00bb<\/p>\n<p style=\"text-align: justify;\">Por su parte, Jessica Andrade, directora de Secplan y responsable de la elaboraci\u00f3n de la cartera de proyectos junto a su equipo, coment\u00f3 \u00abNo anticip\u00e1bamos ser la primera comuna en la regi\u00f3n en utilizar todos los recursos comprometidos. Este resultado es significativo porque somos un equipo peque\u00f1o, y nos permite gestionar nuevos proyectos para 2025.\u00bb<\/p>\n<\/div><\/section><\/div><div  style='height:50px' class='hr hr-invisible   avia-builder-el-6  el_after_av_one_full  el_before_av_social_share '><span class='hr-inner ' ><span class='hr-inner-style'><\/span><\/span><\/div><\/p>\n<div  class='av-social-sharing-box  avia-builder-el-7  el_after_av_hr  el_before_av_hr  '><div class='av-share-box'><h5 class='av-share-link-description av-no-toc '>Compartir esta noticia<\/h5><ul class='av-share-box-list noLightbox'><li class='av-share-link av-social-link-facebook' ><a target=\"_blank\" aria-label=\"Compartir en Facebook\" href='https:\/\/www.facebook.com\/sharer.php?u=https:\/\/radiorevelacionfm.cl\/?p=46158&#038;t=R%C3%ADo%20Ib%C3%A1%C3%B1ez%3A%20Comuna%20logra%20que%20el%20100%25%20de%20sus%20proyectos%20FRIL%202024%20sean%20aprobados' aria-hidden='false' data-av_icon='\ue8f3' data-av_iconfont='entypo-fontello' title='' data-avia-related-tooltip='Compartir en Facebook' rel=\"noopener\"><span class='avia_hidden_link_text'>Compartir en Facebook<\/span><\/a><\/li><li class='av-share-link av-social-link-twitter' ><a target=\"_blank\" aria-label=\"Compartir en Twitter\" href='https:\/\/twitter.com\/share?text=R%C3%ADo%20Ib%C3%A1%C3%B1ez%3A%20Comuna%20logra%20que%20el%20100%25%20de%20sus%20proyectos%20FRIL%202024%20sean%20aprobados&#038;url=https:\/\/radiorevelacionfm.cl\/?p=46158' aria-hidden='false' data-av_icon='\ue8f1' data-av_iconfont='entypo-fontello' title='' data-avia-related-tooltip='Compartir en Twitter' rel=\"noopener\"><span class='avia_hidden_link_text'>Compartir en Twitter<\/span><\/a><\/li><li class='av-share-link av-social-link-whatsapp' ><a target=\"_blank\" aria-label=\"Compartir en Whatsapp\" href='https:\/\/api.whatsapp.com\/send?text=https:\/\/radiorevelacionfm.cl\/?p=46158' aria-hidden='false' data-av_icon='\uf232' data-av_iconfont='entypo-fontello' title='' data-avia-related-tooltip='Compartir en Whatsapp' rel=\"noopener\"><span class='avia_hidden_link_text'>Compartir en Whatsapp<\/span><\/a><\/li><li class='av-share-link av-social-link-linkedin' ><a target=\"_blank\" aria-label=\"Compartir en LinkedIn\" href='https:\/\/linkedin.com\/shareArticle?mini=true&#038;title=R%C3%ADo%20Ib%C3%A1%C3%B1ez%3A%20Comuna%20logra%20que%20el%20100%25%20de%20sus%20proyectos%20FRIL%202024%20sean%20aprobados&#038;url=https:\/\/radiorevelacionfm.cl\/?p=46158' aria-hidden='false' data-av_icon='\ue8fc' data-av_iconfont='entypo-fontello' title='' data-avia-related-tooltip='Compartir en LinkedIn' rel=\"noopener\"><span class='avia_hidden_link_text'>Compartir en LinkedIn<\/span><\/a><\/li><li class='av-share-link av-social-link-mail' ><a  aria-label=\"Compartir por correo\" href='mailto:?subject=R%C3%ADo%20Ib%C3%A1%C3%B1ez%3A%20Comuna%20logra%20que%20el%20100%25%20de%20sus%20proyectos%20FRIL%202024%20sean%20aprobados&#038;body=https:\/\/radiorevelacionfm.cl\/?p=46158' aria-hidden='false' data-av_icon='\ue805' data-av_iconfont='entypo-fontello' title='' data-avia-related-tooltip='Compartir por correo'><span class='avia_hidden_link_text'>Compartir por correo<\/span><\/a><\/li><\/ul><\/div><\/div>\n<div  style='height:50px' class='hr hr-invisible   avia-builder-el-8  el_after_av_social_share  el_before_av_comments_list '><span class='hr-inner ' ><span class='hr-inner-style'><\/span><\/span><\/div>\n<div  class='av-buildercomment  av-blog-meta-html-info-disabled av-blog-meta-tag-disabled  '><\/div>\n","protected":false},"excerpt":{"rendered":"","protected":false},"author":1,"featured_media":46159,"comment_status":"open","ping_status":"open","sticky":false,"template":"","format":"standard","meta":{"footnotes":""},"categories":[38],"tags":[],"class_list":["post-46158","post","type-post","status-publish","format-standard","has-post-thumbnail","hentry","category-regional"],"jetpack_featured_media_url":"https:\/\/radiorevelacionfm.cl\/wp-content\/uploads\/2024\/09\/03-8-1_optimized-1.jpg","_links":{"self":[{"href":"https:\/\/radiorevelacionfm.cl\/index.php?rest_route=\/wp\/v2\/posts\/46158","targetHints":{"allow":["GET"]}}],"collection":[{"href":"https:\/\/radiorevelacionfm.cl\/index.php?rest_route=\/wp\/v2\/posts"}],"about":[{"href":"https:\/\/radiorevelacionfm.cl\/index.php?rest_route=\/wp\/v2\/types\/post"}],"author":[{"embeddable":true,"href":"https:\/\/radiorevelacionfm.cl\/index.php?rest_route=\/wp\/v2\/users\/1"}],"replies":[{"embeddable":true,"href":"https:\/\/radiorevelacionfm.cl\/index.php?rest_route=%2Fwp%2Fv2%2Fcomments&post=46158"}],"version-history":[{"count":1,"href":"https:\/\/radiorevelacionfm.cl\/index.php?rest_route=\/wp\/v2\/posts\/46158\/revisions"}],"predecessor-version":[{"id":46160,"href":"https:\/\/radiorevelacionfm.cl\/index.php?rest_route=\/wp\/v2\/posts\/46158\/revisions\/46160"}],"wp:featuredmedia":[{"embeddable":true,"href":"https:\/\/radiorevelacionfm.cl\/index.php?rest_route=\/wp\/v2\/media\/46159"}],"wp:attachment":[{"href":"https:\/\/radiorevelacionfm.cl\/index.php?rest_route=%2Fwp%2Fv2%2Fmedia&parent=46158"}],"wp:term":[{"taxonomy":"category","embeddable":true,"href":"https:\/\/radiorevelacionfm.cl\/index.php?rest_route=%2Fwp%2Fv2%2Fcategories&post=46158"},{"taxonomy":"post_tag","embeddable":true,"href":"https:\/\/radiorevelacionfm.cl\/index.php?rest_route=%2Fwp%2Fv2%2Ftags&post=46158"}],"curies":[{"name":"wp","href":"https:\/\/api.w.org\/{rel}","templated":true}]}}