{"id":46155,"date":"2024-09-12T11:10:39","date_gmt":"2024-09-12T14:10:39","guid":{"rendered":"https:\/\/radiorevelacionfm.cl\/?p=46155"},"modified":"2024-09-12T11:10:39","modified_gmt":"2024-09-12T14:10:39","slug":"conmemoran-100-anos-en-aysen-recordando-la-tragedia-obrera-de-la-isla-de-los-muertos-en-el-rio-baker","status":"publish","type":"post","link":"https:\/\/radiorevelacionfm.cl\/?p=46155","title":{"rendered":"Conmemoran 100 a\u00f1os en Ays\u00e9n recordando la tragedia obrera de la \u201cIsla de los Muertos\u201d, en el r\u00edo Baker"},"content":{"rendered":"<div class=\"flex_column av_one_full  flex_column_div av-zero-column-padding first  avia-builder-el-0  el_before_av_one_full  avia-builder-el-first  \" style='border-radius:0px; '><div  class='avia-image-container  av-styling-    avia-builder-el-1  avia-builder-el-no-sibling  avia-align-center '  itemprop=\"image\" itemscope=\"itemscope\" itemtype=\"https:\/\/schema.org\/ImageObject\"  ><div class='avia-image-container-inner'><div class='avia-image-overlay-wrap'><img decoding=\"async\" class='wp-image-46156 avia-img-lazy-loading-not-46156 avia_image' src=\"https:\/\/radiorevelacionfm.cl\/wp-content\/uploads\/2024\/09\/Centenario-DT_Aysen-3-1-1.jpeg\" alt='' title='Centenario DT_Aysen (3) (1) (1)' height=\"600\" width=\"851\"  itemprop=\"thumbnailUrl\" srcset=\"https:\/\/radiorevelacionfm.cl\/wp-content\/uploads\/2024\/09\/Centenario-DT_Aysen-3-1-1.jpeg 851w, https:\/\/radiorevelacionfm.cl\/wp-content\/uploads\/2024\/09\/Centenario-DT_Aysen-3-1-1-300x212.jpeg 300w, https:\/\/radiorevelacionfm.cl\/wp-content\/uploads\/2024\/09\/Centenario-DT_Aysen-3-1-1-768x541.jpeg 768w, https:\/\/radiorevelacionfm.cl\/wp-content\/uploads\/2024\/09\/Centenario-DT_Aysen-3-1-1-705x497.jpeg 705w, https:\/\/radiorevelacionfm.cl\/wp-content\/uploads\/2024\/09\/Centenario-DT_Aysen-3-1-1-450x317.jpeg 450w, https:\/\/radiorevelacionfm.cl\/wp-content\/uploads\/2024\/09\/Centenario-DT_Aysen-3-1-1-600x423.jpeg 600w\" sizes=\"(max-width: 851px) 100vw, 851px\" \/><\/div><\/div><\/div><\/div><div class=\"flex_column av_one_full  flex_column_div av-zero-column-padding first  avia-builder-el-2  el_after_av_one_full  el_before_av_one_full  column-top-margin\" style='border-radius:0px; '><section class=\"av_textblock_section \"  itemscope=\"itemscope\" itemtype=\"https:\/\/schema.org\/BlogPosting\" itemprop=\"blogPost\" ><div class='avia_textblock  '   itemprop=\"text\" ><p style=\"text-align: center;\"><strong><span style=\"font-size: 18pt;\">Conmemoran 100 a\u00f1os en Ays\u00e9n recordando la tragedia obrera de la \u201cIsla de los Muertos\u201d, en el r\u00edo Baker<\/span><\/strong><\/p>\n<div id=\"gtx-trans\" style=\"position: absolute; left: -50px; top: 4.31534px;\">\n<div class=\"gtx-trans-icon\"><\/div>\n<\/div>\n<\/div><\/section><\/div><div class=\"flex_column av_one_full  flex_column_div av-zero-column-padding first  avia-builder-el-4  el_after_av_one_full  el_before_av_hr  column-top-margin\" style='border-radius:0px; '><section class=\"av_textblock_section \"  itemscope=\"itemscope\" itemtype=\"https:\/\/schema.org\/BlogPosting\" itemprop=\"blogPost\" ><div class='avia_textblock  '   itemprop=\"text\" ><p style=\"text-align: justify;\">Con un homenaje a la tragedia obrera de la \u201cIsla de los Muertos\u201d, en el r\u00edo Baker, en 1906, la Direcci\u00f3n Regional del Trabajo de Ays\u00e9n conmemor\u00f3 este lunes los 100 a\u00f1os de la instituci\u00f3n fiscalizadora, int\u00e9rprete de la legislaci\u00f3n laboral y promotora de la libertad sindical y el di\u00e1logo social.<\/p>\n<p style=\"text-align: justify;\">La actividad conmemorativa -que reconoci\u00f3 asimismo a promotores del di\u00e1logo social y a dirigentes sindicales de la regi\u00f3n- se realiz\u00f3 en el Centro Cultural de Coyhaique, siendo encabezada por la subdirectora nacional del Trabajo, Laura V\u00e1squez, y el director regional del Trabajo y Seremi(s) del Trabajo y Previsi\u00f3n Social, Christian Aros.<\/p>\n<p style=\"text-align: justify;\">Un saludo grabado de la ministra Jeannette Jara abri\u00f3 la ceremonia, siendo seguido por saludos protocolares del delegado presidencial regional, Rodrigo Araya, del alcalde de Coyhaique, Carlos Gatica y un saludo grabado del Seremi titular, Rodrigo D\u00edaz.<\/p>\n<p style=\"text-align: justify;\">La subdirectora del Trabajo, Laura V\u00e1squez, entreg\u00f3 un recuerdo conmemorativo de los hechos y se\u00f1al\u00f3 que \u201cestamos celebrando nuestro hito centenario de la regi\u00f3n de Ays\u00e9n, el cual nos es tremendamente relevante a partir de la historia de la regi\u00f3n, pudiendo recordar la historia de los trabajadores que fallecieron en el r\u00edo Baker\u201d.<\/p>\n<p style=\"text-align: justify;\">La tragedia obrera de la \u201cIsla de los Muertos\u201d, en la que en el invierno de 1906 fallecieron 59 trabajadores chilotes, fue recordada a trav\u00e9s de la investigaci\u00f3n del antrop\u00f3logo social y escritor Mauricio Osorio, quien en 2013 public\u00f3 el libro \u201cLa tragedia obrera de Bajo Pisagua. R\u00edo Baker, 1906\u201d relatando los dram\u00e1ticos hechos. Como el investigador no pudo estar presente, se mostr\u00f3 una cr\u00f3nica visual sobre los hechos titulada \u201cGritos de memoria entre r\u00edos y cruces\u201d.\u00a0 Tanto la investigaci\u00f3n da cuenta de la responsabilidad que le cupo en la tragedia a la entonces forestal Compa\u00f1\u00eda Explotadora del Baker, puesto que la demora en el env\u00edo de la embarcaci\u00f3n que llevar\u00eda a los trabajadores de regreso hasta Puerto Montt, para hacer uso de un per\u00edodo de descanso, agot\u00f3 sus provisiones y enferm\u00f3 mortalmente a 59 del centenar de trabajadores virtualmente abandonados en medio de duras condiciones clim\u00e1ticas, en la actual comuna de Tortel.<\/p>\n<p style=\"text-align: justify;\">En la oportunidad, el Delegado presidencial regional, Rodrigo Araya, afirm\u00f3, \u201cParticipamos en la conmemoraci\u00f3n de los 100 a\u00f1os de la Direcci\u00f3n del Trabajo, una instituci\u00f3n que vela por los derechos de los trabajadores, pero tambi\u00e9n un di\u00e1logo social con empleadores y empleados, y tambi\u00e9n que tiene que hacer su funci\u00f3n pensando en el trabajo decente que nosotros promovemos como Gobierno. Nuestro Gobierno en este per\u00edodo ha hecho cosas significativas como, por ejemplo, el sueldo m\u00ednimo, la ley de 40 horas y ahora la recientemente entrada en vigencia de la Ley Karin. Todos esos elementos legislativos, la Direcci\u00f3n del Trabajo y sus funcionarios tienen que velar para que se cumplan, pero tambi\u00e9n tienen un rol tremendamente importante en los di\u00e1logos entre empleadores, prevenci\u00f3n de conflicto y tambi\u00e9n trabajo para resolverlos. \u00c9ste es un reconocimiento a cada uno de los funcionarios que se despliegan en nuestro territorio, donde tambi\u00e9n tienen un desaf\u00edo importante desde el punto de vista institucional, ya que prontamente van a abrir una nueva oficina provincial en Chile Chico, lo que nos tiene muy contentos porque eso tambi\u00e9n habla de capacidad de descentralizar y de ir cubriendo de mejor manera el territorio de la regi\u00f3n de Ays\u00e9n\u201d.<\/p>\n<p style=\"text-align: justify;\"><strong><u>Di\u00e1logo social<\/u><\/strong><\/p>\n<p style=\"text-align: justify;\">Como expresi\u00f3n de la tarea no fiscalizadora sino que propiciadora de acuerdos que tambi\u00e9n ejerce la DT, en la ceremonia de este lunes se reconoci\u00f3 la labor de su Consejo Tripartito Regional de Usuarios (CTRU), instancia que impulsa el di\u00e1logo social y que funciona en todas las regiones del pa\u00eds.<\/p>\n<p style=\"text-align: justify;\">En este contexto fueron reconocidos Rub\u00e9n Leal, presidente del Sindicato de Trabajadores de Empresa Pesquera Friosur S.A.; M\u00f3nica Montecinos, ex gerenta de recursos humanos de la misma empresa y promotora de las buenas relaciones laborales, y Mar\u00eda Ang\u00e9lica Campos, ex inspectora provincial, ex directora regional de Ays\u00e9n y jefa de gabinete de la Subdirecci\u00f3n del Trabajo en el per\u00edodo 2014-2018, fundadores del CTRU en Ays\u00e9n. Se homenaje\u00f3 tambi\u00e9n a Juan Lainez (Q.E.P.D), ex dirigente del sindicato N\u00b01 de Trabajadores de la Empresa PescaChile S.A.; Yenny Fern\u00e1ndez, gerenta regional de la C\u00e1mara Chilena de la Construcci\u00f3n Coyhaique e Iv\u00e1n Herrera, tambi\u00e9n ex director regional e inspector provincial del Trabajo.<\/p>\n<p style=\"text-align: justify;\">En este sentido, el director regional, Christian Aros, destac\u00f3 a la regi\u00f3n como una de las pioneras en el pa\u00eds en consolidar mesas de trabajo tripartitas, \u201cComo nuestra regi\u00f3n fue pionera all\u00e1 por el a\u00f1o 2002 en materias de di\u00e1logo social tripartito, en la conmemoraci\u00f3n de nuestro hito centenario en la regi\u00f3n de Ays\u00e9n quisimos reconocer a dirigentes sindicales, representantes de empleadores y representantes del Estado, quienes iniciaron las mesas de trabajo en nuestra regi\u00f3n. Adem\u00e1s, en esa misma l\u00ednea, quisimos reconocer a los nuevos dirigentes sindicales, quienes hoy d\u00eda trabajan por mejores condiciones laborales para las y los trabajadores de Ays\u00e9n. En estos 100 a\u00f1os de la Direcci\u00f3n del Trabajo, sabemos que tenemos muchos desaf\u00edos, pero tambi\u00e9n reconocemos toda la historia que tiene nuestro servicio en la regi\u00f3n\u201d, enfatiz\u00f3 el tambi\u00e9n Seremi(s) del Trabajo y Previsi\u00f3n Social.<\/p>\n<p style=\"text-align: justify;\">Como se mencion\u00f3, Mar\u00eda Ang\u00e9lica Campos, fue una de las fundadoras del CTRU homenajeadas, quien se mostr\u00f3 muy contenta, \u201cEn la \u00e9poca en que fui nombrada directora regional, llegamos a esta hermosa regi\u00f3n con un tremendo desaf\u00edo, sin desconocer el rol de la Direcci\u00f3n del Trabajo como una entidad fiscalizadora, pens\u00e1bamos que aparte de fiscalizar, hab\u00eda que instaurar al interior de las empresas el di\u00e1logo, que permitiera avanzar en el mejoramiento de las condiciones de trabajo de la gente. Fue as\u00ed como empezamos a construir estas mesas de trabajo en la regi\u00f3n de Ays\u00e9n, en Ays\u00e9n espec\u00edficamente y esas mesas de trabajo permitieron ver la realidad de las empresas, pero tambi\u00e9n abordar su problem\u00e1tica y c\u00f3mo, en conjunto, trabajadores, empresa y la Direcci\u00f3n del Trabajo aportaba para el mejoramiento de las condiciones de laborales de ese sector. Partimos con los CTRU y vimos como en las diferentes ramas de actividades econ\u00f3micas este di\u00e1logo se iba instaurando, me siento muy satisfecha y agradecida de los funcionarios con quienes me correspondi\u00f3 trabajar, y tambi\u00e9n de las entidades gremiales, tanto empresarios como trabajadores que estuvieron llanos a conseguir esta tarea que ha tenido sus frutos.\u201d<\/p>\n<p style=\"text-align: justify;\">A su vez, Rub\u00e9n Leal, presidente del Sindicato FrioSur, destac\u00f3 la historia e importancia del CTRU y de sus bases a las cuales representa, \u201cPara nosotros en esos a\u00f1os era bien especial porque ven\u00eda todo un mundo, sobre todo en la industria acu\u00edcola, y ten\u00edamos varios problemas, sobre todo ergon\u00f3mico y tambi\u00e9n a veces laborales, de justicia e injusticia. Para nosotros lo m\u00e1s importante de esto es que cuando llegamos a la mesa, en ese tiempo la mesa se conformaba entre la DT y las empresas, entonces a m\u00ed me toc\u00f3 decir que la mesa estaba \u201cmedia coja\u201d, que ah\u00ed faltaban los trabajadores. Era bien importante porque nosotros ten\u00edamos una conexi\u00f3n directa con Mar\u00eda Esteres Feres, quien nos impulsaba como dirigentes de la industria acu\u00edcola y pesquera, para llegar a un entendimiento, sobre todo pensando en nuestros derechos. Nos juntamos en la Gobernaci\u00f3n de Ays\u00e9n y empezaron las conversas para hacer este consejo de usuarios, que finalmente ten\u00eda que ver en que los trabajadores tambi\u00e9n participaban de las fiscalizaciones. En estas fiscalizaciones a las empresas le daban un mes, pero solucionaban el problema, que era lo que nosotros quer\u00edamos. Por esa justa raz\u00f3n fue que en materia de seguridad fue fundamental para nosotros como dirigentes sindicales, porque ten\u00edamos muchos riesgos que fueron subsanados despu\u00e9s y hasta el d\u00eda de hoy, podr\u00edamos decir que, en la industria en s\u00ed, en el est\u00e1ndar de los trabajadores creo que ya estamos pasando el minero\u201d.<\/p>\n<p style=\"text-align: justify;\">Como representante de los empleadores, M\u00f3nica Montecinos, coment\u00f3 sobre el reconocimiento y el inicio del di\u00e1logo social tripartito en el 2002, \u201cComo todos los inicios, nunca son tan f\u00e1ciles, sobre todo cuando se tienen que trabajar temas como la confianza. Tenemos que hacer recuerdo de aquellos tiempos, tambi\u00e9n en los que ten\u00edamos que estar tratando de construir relaciones estables y confiar en lo que es la Direcci\u00f3n del Trabajo en t\u00e9rminos de lo que significaba tambi\u00e9n para los empleadores. A m\u00ed me toc\u00f3 representar desde el empleador, pero tengo que reconocer y agradecer a quienes nos acompa\u00f1aron, a nuestros dirigentes sindicales, quienes fueron realmente relevantes para poder armar y gestionar una nueva forma de hacer o de administrar lo que nos correspond\u00eda en aquellos a\u00f1os. Estoy muy feliz y agradecida, y felicitar a la Direcci\u00f3n del Trabajo, por tambi\u00e9n estar tratando de tener una forma de hacer las cosas diferentes. Yo creo que en la confianza y en el poder acceder a un escuchar diferente, grandes cosas pueden ocurrir\u201d.<\/p>\n<p style=\"text-align: justify;\"><strong><u>Reconocimiento sindical<\/u><\/strong><\/p>\n<p style=\"text-align: justify;\">Tambi\u00e9n se entregaron galardones a destacados dirigentes y dirigentas sindicales de la regi\u00f3n. Los recibieron C\u00e9sar \u00c1guila, del Sindicato N\u00b01 de la empresa B&amp;B Nets Limitada Taller de Redes Loberas; Blanca Navarrete, dirigenta del Sindicato del Supermercado Hiperm\u00e1s, actual Unimarc y Eduardo D\u00edaz, del Sindicato de Establecimiento de Cermaq Chile S.A.<\/p>\n<p style=\"text-align: justify;\">El acto conmemorativo cont\u00f3 tambi\u00e9n con las actuaciones de la Agrupaci\u00f3n Folcl\u00f3rica Ra\u00edces del Valle y del concertista en guitarra cl\u00e1sica, Juan Mouras.<\/p>\n<p style=\"text-align: justify;\"><strong><u>Conmemoraci\u00f3n en todo Chile<\/u><\/strong><\/p>\n<p style=\"text-align: justify;\">Este siglo de labor procurando mejorar las relaciones laborales en el pa\u00eds, que se cumple el 29 de septiembre de 1924, est\u00e1 siendo celebrado por la Direcci\u00f3n del Trabajo con los llamados hitos centenario, que son actos organizados en cada regi\u00f3n con un acento en la historia de las reivindicaciones de los trabajadores y trabajadoras.<\/p>\n<p style=\"text-align: justify;\">Las actividades ser\u00e1n culminadas entre el 2 y el 4 de octubre con la realizaci\u00f3n en Santiago del Segundo Congreso Iberoamericano de Inspecciones del Trabajo (Redibid) y la entrega de un documento sobre la Direcci\u00f3n del Trabajo del futuro, elaborado por una comisi\u00f3n encabezada por el ex director de la OIT, Juan Somav\u00eda, e integrada por exdirectoras y directores del Trabajo y dirigentes de las asociaciones gremiales del organismo.<\/p>\n<\/div><\/section><\/div><div  style='height:50px' class='hr hr-invisible   avia-builder-el-6  el_after_av_one_full  el_before_av_social_share '><span class='hr-inner ' ><span class='hr-inner-style'><\/span><\/span><\/div><\/p>\n<div  class='av-social-sharing-box  avia-builder-el-7  el_after_av_hr  el_before_av_hr  '><div class='av-share-box'><h5 class='av-share-link-description av-no-toc '>Compartir esta noticia<\/h5><ul class='av-share-box-list noLightbox'><li class='av-share-link av-social-link-facebook' ><a target=\"_blank\" aria-label=\"Compartir en Facebook\" href='https:\/\/www.facebook.com\/sharer.php?u=https:\/\/radiorevelacionfm.cl\/?p=46155&#038;t=Conmemoran%20100%20a%C3%B1os%20en%20Ays%C3%A9n%20recordando%20la%20tragedia%20obrera%20de%20la%20%E2%80%9CIsla%20de%20los%20Muertos%E2%80%9D%2C%20en%20el%20r%C3%ADo%20Baker' aria-hidden='false' data-av_icon='\ue8f3' data-av_iconfont='entypo-fontello' title='' data-avia-related-tooltip='Compartir en Facebook' rel=\"noopener\"><span class='avia_hidden_link_text'>Compartir en Facebook<\/span><\/a><\/li><li class='av-share-link av-social-link-twitter' ><a target=\"_blank\" aria-label=\"Compartir en Twitter\" href='https:\/\/twitter.com\/share?text=Conmemoran%20100%20a%C3%B1os%20en%20Ays%C3%A9n%20recordando%20la%20tragedia%20obrera%20de%20la%20%E2%80%9CIsla%20de%20los%20Muertos%E2%80%9D%2C%20en%20el%20r%C3%ADo%20Baker&#038;url=https:\/\/radiorevelacionfm.cl\/?p=46155' aria-hidden='false' data-av_icon='\ue8f1' data-av_iconfont='entypo-fontello' title='' data-avia-related-tooltip='Compartir en Twitter' rel=\"noopener\"><span class='avia_hidden_link_text'>Compartir en Twitter<\/span><\/a><\/li><li class='av-share-link av-social-link-whatsapp' ><a target=\"_blank\" aria-label=\"Compartir en Whatsapp\" href='https:\/\/api.whatsapp.com\/send?text=https:\/\/radiorevelacionfm.cl\/?p=46155' aria-hidden='false' data-av_icon='\uf232' data-av_iconfont='entypo-fontello' title='' data-avia-related-tooltip='Compartir en Whatsapp' rel=\"noopener\"><span class='avia_hidden_link_text'>Compartir en Whatsapp<\/span><\/a><\/li><li class='av-share-link av-social-link-linkedin' ><a target=\"_blank\" aria-label=\"Compartir en LinkedIn\" href='https:\/\/linkedin.com\/shareArticle?mini=true&#038;title=Conmemoran%20100%20a%C3%B1os%20en%20Ays%C3%A9n%20recordando%20la%20tragedia%20obrera%20de%20la%20%E2%80%9CIsla%20de%20los%20Muertos%E2%80%9D%2C%20en%20el%20r%C3%ADo%20Baker&#038;url=https:\/\/radiorevelacionfm.cl\/?p=46155' aria-hidden='false' data-av_icon='\ue8fc' data-av_iconfont='entypo-fontello' title='' data-avia-related-tooltip='Compartir en LinkedIn' rel=\"noopener\"><span class='avia_hidden_link_text'>Compartir en LinkedIn<\/span><\/a><\/li><li class='av-share-link av-social-link-mail' ><a  aria-label=\"Compartir por correo\" href='mailto:?subject=Conmemoran%20100%20a%C3%B1os%20en%20Ays%C3%A9n%20recordando%20la%20tragedia%20obrera%20de%20la%20%E2%80%9CIsla%20de%20los%20Muertos%E2%80%9D%2C%20en%20el%20r%C3%ADo%20Baker&#038;body=https:\/\/radiorevelacionfm.cl\/?p=46155' aria-hidden='false' data-av_icon='\ue805' data-av_iconfont='entypo-fontello' title='' data-avia-related-tooltip='Compartir por correo'><span class='avia_hidden_link_text'>Compartir por correo<\/span><\/a><\/li><\/ul><\/div><\/div>\n<div  style='height:50px' class='hr hr-invisible   avia-builder-el-8  el_after_av_social_share  el_before_av_comments_list '><span class='hr-inner ' ><span class='hr-inner-style'><\/span><\/span><\/div>\n<div  class='av-buildercomment  av-blog-meta-html-info-disabled av-blog-meta-tag-disabled  '><\/div>\n","protected":false},"excerpt":{"rendered":"","protected":false},"author":1,"featured_media":46156,"comment_status":"open","ping_status":"open","sticky":false,"template":"","format":"standard","meta":{"footnotes":""},"categories":[56],"tags":[],"class_list":["post-46155","post","type-post","status-publish","format-standard","has-post-thumbnail","hentry","category-trabajo"],"jetpack_featured_media_url":"https:\/\/radiorevelacionfm.cl\/wp-content\/uploads\/2024\/09\/Centenario-DT_Aysen-3-1-1.jpeg","_links":{"self":[{"href":"https:\/\/radiorevelacionfm.cl\/index.php?rest_route=\/wp\/v2\/posts\/46155","targetHints":{"allow":["GET"]}}],"collection":[{"href":"https:\/\/radiorevelacionfm.cl\/index.php?rest_route=\/wp\/v2\/posts"}],"about":[{"href":"https:\/\/radiorevelacionfm.cl\/index.php?rest_route=\/wp\/v2\/types\/post"}],"author":[{"embeddable":true,"href":"https:\/\/radiorevelacionfm.cl\/index.php?rest_route=\/wp\/v2\/users\/1"}],"replies":[{"embeddable":true,"href":"https:\/\/radiorevelacionfm.cl\/index.php?rest_route=%2Fwp%2Fv2%2Fcomments&post=46155"}],"version-history":[{"count":1,"href":"https:\/\/radiorevelacionfm.cl\/index.php?rest_route=\/wp\/v2\/posts\/46155\/revisions"}],"predecessor-version":[{"id":46157,"href":"https:\/\/radiorevelacionfm.cl\/index.php?rest_route=\/wp\/v2\/posts\/46155\/revisions\/46157"}],"wp:featuredmedia":[{"embeddable":true,"href":"https:\/\/radiorevelacionfm.cl\/index.php?rest_route=\/wp\/v2\/media\/46156"}],"wp:attachment":[{"href":"https:\/\/radiorevelacionfm.cl\/index.php?rest_route=%2Fwp%2Fv2%2Fmedia&parent=46155"}],"wp:term":[{"taxonomy":"category","embeddable":true,"href":"https:\/\/radiorevelacionfm.cl\/index.php?rest_route=%2Fwp%2Fv2%2Fcategories&post=46155"},{"taxonomy":"post_tag","embeddable":true,"href":"https:\/\/radiorevelacionfm.cl\/index.php?rest_route=%2Fwp%2Fv2%2Ftags&post=46155"}],"curies":[{"name":"wp","href":"https:\/\/api.w.org\/{rel}","templated":true}]}}