{"id":46152,"date":"2024-09-12T09:43:34","date_gmt":"2024-09-12T12:43:34","guid":{"rendered":"https:\/\/radiorevelacionfm.cl\/?p=46152"},"modified":"2024-09-12T09:50:05","modified_gmt":"2024-09-12T12:50:05","slug":"emotiva-ceremonia-para-celebrar-70-anos-de-la-universidad-austral-y-30-anos-del-campus-patagonia","status":"publish","type":"post","link":"https:\/\/radiorevelacionfm.cl\/?p=46152","title":{"rendered":"Emotiva ceremonia para celebrar 70 a\u00f1os de la Universidad Austral de Chile y los 30 a\u00f1os del Campus Patagonia"},"content":{"rendered":"<div class=\"flex_column av_one_full  flex_column_div av-zero-column-padding first  avia-builder-el-0  el_before_av_one_full  avia-builder-el-first  \" style='border-radius:0px; '><div  class='avia-image-container  av-styling-    avia-builder-el-1  avia-builder-el-no-sibling  avia-align-center '  itemprop=\"image\" itemscope=\"itemscope\" itemtype=\"https:\/\/schema.org\/ImageObject\"  ><div class='avia-image-container-inner'><div class='avia-image-overlay-wrap'><img decoding=\"async\" class='wp-image-46153 avia-img-lazy-loading-not-46153 avia_image' src=\"https:\/\/radiorevelacionfm.cl\/wp-content\/uploads\/2024\/09\/aniversario-uach-70-9-1_optimized.jpeg\" alt='' title='aniversario-uach-70-9-(1)_optimized' height=\"600\" width=\"800\"  itemprop=\"thumbnailUrl\" srcset=\"https:\/\/radiorevelacionfm.cl\/wp-content\/uploads\/2024\/09\/aniversario-uach-70-9-1_optimized.jpeg 800w, https:\/\/radiorevelacionfm.cl\/wp-content\/uploads\/2024\/09\/aniversario-uach-70-9-1_optimized-300x225.jpeg 300w, https:\/\/radiorevelacionfm.cl\/wp-content\/uploads\/2024\/09\/aniversario-uach-70-9-1_optimized-768x576.jpeg 768w, https:\/\/radiorevelacionfm.cl\/wp-content\/uploads\/2024\/09\/aniversario-uach-70-9-1_optimized-705x529.jpeg 705w, https:\/\/radiorevelacionfm.cl\/wp-content\/uploads\/2024\/09\/aniversario-uach-70-9-1_optimized-450x338.jpeg 450w, https:\/\/radiorevelacionfm.cl\/wp-content\/uploads\/2024\/09\/aniversario-uach-70-9-1_optimized-600x450.jpeg 600w\" sizes=\"(max-width: 800px) 100vw, 800px\" \/><\/div><\/div><\/div><\/div>\n<div class=\"flex_column av_one_full  flex_column_div av-zero-column-padding first  avia-builder-el-2  el_after_av_one_full  el_before_av_one_full  column-top-margin\" style='border-radius:0px; '><section class=\"av_textblock_section \"  itemscope=\"itemscope\" itemtype=\"https:\/\/schema.org\/BlogPosting\" itemprop=\"blogPost\" ><div class='avia_textblock  '   itemprop=\"text\" ><p style=\"text-align: center;\"><strong><span style=\"font-size: 18pt;\">Emotiva ceremonia para celebrar 70 a\u00f1os de la Universidad Austral de Chile y los 30 a\u00f1os del Campus Patagonia<\/span><\/strong><\/p>\n<div id=\"gtx-trans\" style=\"position: absolute; left: -50px; top: 4.31534px;\">\n<div class=\"gtx-trans-icon\"><\/div>\n<\/div>\n<\/div><\/section><\/div><div class=\"flex_column av_one_full  flex_column_div av-zero-column-padding first  avia-builder-el-4  el_after_av_one_full  el_before_av_hr  column-top-margin\" style='border-radius:0px; '><section class=\"av_textblock_section \"  itemscope=\"itemscope\" itemtype=\"https:\/\/schema.org\/BlogPosting\" itemprop=\"blogPost\" ><div class='avia_textblock  '   itemprop=\"text\" ><p style=\"text-align: justify;\"><em>La actividad cont\u00f3 con la presencia de las principales autoridades de la regi\u00f3n de Ays\u00e9n, invitados especiales y toda la comunidad universitaria.<\/em><\/p>\n<p style=\"text-align: justify;\">Con una emotiva ceremonia realizada en el Campus Patagonia de la UACh, se celebr\u00f3 el septuag\u00e9simo aniversario de la Universidad Austral de Chile y los 30 a\u00f1os de la presencia de la casa de estudios en la regi\u00f3n de Ays\u00e9n.<\/p>\n<p style=\"text-align: justify;\">En la ocasi\u00f3n se cont\u00f3 con la presencia de autoridades regionales, locales y universitarias, encabezadas por el Rector Dr. Jos\u00e9 D\u00f6rner Fern\u00e1ndez, adem\u00e1s de representantes de establecimientos educacionales, organizaciones gremiales, empresas e integrantes de todos los estamentos del Campus, incluyendo a docentes, profesionales, funcionarios administrativos y estudiantes.<\/p>\n<p style=\"text-align: justify;\">Al inicio de la actividad el Director del Campus Patagonia, Prof. Mario Brito Soto, destac\u00f3 la importancia de la presencia de la casa de estudios en la regi\u00f3n de Ays\u00e9n y su intenso trabajo de vinculaci\u00f3n con el territorio, a trav\u00e9s de sus proyectos y programas, no solo aportando en el \u00e1mbito acad\u00e9mico, sino tambi\u00e9n contribuyendo con sus titulados y tituladas, al desarrollo de diversos sectores productivos de la regi\u00f3n.<\/p>\n<p style=\"text-align: justify;\">Durante su intervenci\u00f3n destac\u00f3 que \u201cel Campus Patagonia mantiene la impronta fundadora de la UACh en el sur austral, las cosas cuestan, pero la capacidad de trabajo y compromiso de sus equipos ha permitido su vigencia en todas las \u00e1reas propias de una universidad completa, en docencia, en investigaci\u00f3n, desarrollo e innovaci\u00f3n y en educaci\u00f3n continua, donde hemos generado importantes lazos de colaboraci\u00f3n p\u00fablico privada impulsando programas de especializaci\u00f3n a nivel de diplomas en las \u00e1reas de turismo sustentable, gesti\u00f3n tecnol\u00f3gica para innovaci\u00f3n agropecuaria, formaci\u00f3n de gu\u00edas de turismo para operar en \u00e1reas silvestres protegidas y actualizaci\u00f3n en normativa legal espec\u00edficas, todos programas que han captado el inter\u00e9s de la comunidad regional, un \u00e1rea de gran potencial para nuestra macrounidad\u201d.<\/p>\n<p style=\"text-align: justify;\">El director concluy\u00f3 se\u00f1alando que \u201cnuestra universidad est\u00e1 transitando por un per\u00edodo de importantes ajustes y reorganizaci\u00f3n con el fin de restituir su sostenibilidad financiera, estamos seguros que este momento complejo la revitalizar\u00e1, lo har\u00e1 sostenida en su historia, en la confianza ciudadana y en la consistencia de sus compromisos, desde Patagonia estamos a disposici\u00f3n para redoblar nuestros esfuerzos y contribuir con el prop\u00f3sito fundamental, seguir haciendo de la UACh una universidad de alta calidad al servicio de la comunidad.<\/p>\n<p style=\"text-align: justify;\">Durante la ceremonia, el Rector Jos\u00e9 D\u00f6rner Fern\u00e1ndez, destac\u00f3 el origen ciudadano y compromiso p\u00fablico de la UACh desde sus inicios. De igual modo, agradeci\u00f3 la labor de cada una de las personas que integran este Campus.<\/p>\n<p style=\"text-align: justify;\">Asimismo valor\u00f3 la misi\u00f3n ha asumido hist\u00f3ricamente el Campus Patagonia, contribuyendo al progreso espiritual y material de la sociedad, mediante los recursos del saber cient\u00edfico y human\u00edstico, del avance tecnol\u00f3gico y de la creaci\u00f3n art\u00edstica. Todo ello \u2013agreg\u00f3- de acuerdo con los valores de su propia tradici\u00f3n hist\u00f3rica y pertinencia regional, y de la necesidad de desarrollo sustentable de la regi\u00f3n de Ays\u00e9n, procurando la preservaci\u00f3n de sus ecosistemas.<\/p>\n<p style=\"text-align: justify;\">\u201cEl Campus Patagonia mantiene un fuerte desarrollo de la investigaci\u00f3n cient\u00edfica en m\u00faltiples \u00e1reas, a trav\u00e9s de la ejecuci\u00f3n de proyectos que abordan tem\u00e1ticas como la innovaci\u00f3n y el emprendimiento, la tecnolog\u00eda aplicada a la producci\u00f3n agropecuaria, la gobernanza en \u00c1reas Silvestres Protegidas, estudios del microbosque, turismo de naturaleza e inclusi\u00f3n, entre otras\u201d, destac\u00f3 el Rector.<\/p>\n<p style=\"text-align: justify;\">Agreg\u00f3 que un eje central del Campus Patagonia, es la transferencia de conocimiento al medio productivo, a trav\u00e9s de proyectos con distintas fuentes de financiamiento entre ellos CORFO, FIC y VIDCA.<\/p>\n<p style=\"text-align: justify;\">\u201cEs importante relevar tambi\u00e9n la vinculaci\u00f3n que se ha generado con programas como el PACE y tambi\u00e9n lo que ha permitido el fortalecimiento de j\u00f3venes talentos cuyo sue\u00f1o, en la mayor\u00eda de los casos es ingresar a la educaci\u00f3n superior\u201d, subray\u00f3 el Dr. D\u00f6rner.<\/p>\n<p style=\"text-align: justify;\">Finalmente, el Delegado presidencial Regional de Ays\u00e9n, Rodrigo Araya Morales tambi\u00e9n hizo uso de la palabra poniendo \u00e9nfasis en que \u201cdesde la d\u00e9cada de los 50, la Universidad Austral de Chile ha ido jugando un rol clave en el fortalecimiento de la educaci\u00f3n superior del sur del pa\u00eds en pos del desarrollo de Chile y el bienestar de sus habitantes. Desde hace m\u00e1s de 30 a\u00f1os, la UACh ha tenido presencia en la Regi\u00f3n de Ays\u00e9n, contribuyendo a la formaci\u00f3n educacional de generaciones de estudiantes, y a que el conocimiento se genere, se difunda, se debata y se transforme, al servicio de nuestro territorio y sus diversas comunidades\u201d.<\/p>\n<p style=\"text-align: justify;\"><strong>Reconocimiento a personas destacadas<\/strong><\/p>\n<p style=\"text-align: justify;\">La emotividad no estuvo ausente en esta fecha, ya que se entregaron reconocimientos a dos personas destacadas de la regi\u00f3n, tanto en el \u00e1mbito art\u00edstico, como educativo.<\/p>\n<p style=\"text-align: justify;\">Este a\u00f1o se reconoci\u00f3 a la profesora Guadalupe Flores Gonz\u00e1lez, quien se ha destacado por su liderazgo como gestora educacional, directora de los emblem\u00e1ticos liceos de Coyhaique, Juan Pablo II y Josefina Aguirre Montenegro, donde su sello humano y liderazgo pedag\u00f3gico aportaron a la formaci\u00f3n de varias generaciones de estudiantes.<\/p>\n<p style=\"text-align: justify;\">Asimismo, se entreg\u00f3 un reconocimiento al artista regional Renato Tiller\u00eda que es reconocido mundialmente por sus hermosas acuarelas y \u00f3leos, con exposiciones individuales y colectivas a nivel nacional e internacional, llevando sus obras a lugares tan lejanos como Australia, Jap\u00f3n, gran parte de Europa, Am\u00e9rica y a lo largo de todo nuestro pa\u00eds. Tambi\u00e9n se ha adjudicado varios proyectos FONDART del Ministerio de las Culturas, las Artes y el Patrimonio, para llevar sus obras a todos los rincones de Chile. Sus obras se caracterizan\u00a0 por plasmar los paisajes de la Patagonia.<\/p>\n<p style=\"text-align: justify;\">En la ocasi\u00f3n, don Renato Tiller\u00eda mont\u00f3 una peque\u00f1a exposici\u00f3n de sus obras en el Pabell\u00f3n Cient\u00edfico del Campus y don\u00f3 una de sus acuarelas para ser exhibida y apreciada por quienes visiten las instalaciones de la universidad en Coyhaique.<\/p>\n<p style=\"text-align: justify;\">Las muestras art\u00edsticas tambi\u00e9n estuvieron presentes con una pareja de bailarenes de nuestra danza nacional, quienes deleitaron a los asistentes con tres pies de cueca. Los bailarines fueron \u00a0el estudiante de Pedagog\u00eda en Educaci\u00f3n B\u00e1sica del Campus, Sebasti\u00e1n Mauret y Javiera Cahuas, ambos campeones nacionales en diferentes torneos a lo largo del pa\u00eds.<\/p>\n<p style=\"text-align: justify;\">Al t\u00e9rmino de la actividad, los asistentes entonaron el cumplea\u00f1os feliz alrededor de una torta que conmemoraba esta fecha, siendo \u00e9sta una tradici\u00f3n para el Campus Patagonia y sus funcionarios.<\/p>\n<\/div><\/section><\/div><\/p>\n<div  style='height:50px' class='hr hr-invisible   avia-builder-el-6  el_after_av_one_full  el_before_av_social_share '><span class='hr-inner ' ><span class='hr-inner-style'><\/span><\/span><\/div>\n<div  class='av-social-sharing-box  avia-builder-el-7  el_after_av_hr  el_before_av_hr  '><div class='av-share-box'><h5 class='av-share-link-description av-no-toc '>Compartir esta noticia<\/h5><ul class='av-share-box-list noLightbox'><li class='av-share-link av-social-link-facebook' ><a target=\"_blank\" aria-label=\"Compartir en Facebook\" href='https:\/\/www.facebook.com\/sharer.php?u=https:\/\/radiorevelacionfm.cl\/?p=46152&#038;t=Emotiva%20ceremonia%20para%20celebrar%2070%20a%C3%B1os%20de%20la%20Universidad%20Austral%20de%20Chile%20y%20los%2030%20a%C3%B1os%20del%20Campus%20Patagonia' aria-hidden='false' data-av_icon='\ue8f3' data-av_iconfont='entypo-fontello' title='' data-avia-related-tooltip='Compartir en Facebook' rel=\"noopener\"><span class='avia_hidden_link_text'>Compartir en Facebook<\/span><\/a><\/li><li class='av-share-link av-social-link-twitter' ><a target=\"_blank\" aria-label=\"Compartir en Twitter\" href='https:\/\/twitter.com\/share?text=Emotiva%20ceremonia%20para%20celebrar%2070%20a%C3%B1os%20de%20la%20Universidad%20Austral%20de%20Chile%20y%20los%2030%20a%C3%B1os%20del%20Campus%20Patagonia&#038;url=https:\/\/radiorevelacionfm.cl\/?p=46152' aria-hidden='false' data-av_icon='\ue8f1' data-av_iconfont='entypo-fontello' title='' data-avia-related-tooltip='Compartir en Twitter' rel=\"noopener\"><span class='avia_hidden_link_text'>Compartir en Twitter<\/span><\/a><\/li><li class='av-share-link av-social-link-whatsapp' ><a target=\"_blank\" aria-label=\"Compartir en Whatsapp\" href='https:\/\/api.whatsapp.com\/send?text=https:\/\/radiorevelacionfm.cl\/?p=46152' aria-hidden='false' data-av_icon='\uf232' data-av_iconfont='entypo-fontello' title='' data-avia-related-tooltip='Compartir en Whatsapp' rel=\"noopener\"><span class='avia_hidden_link_text'>Compartir en Whatsapp<\/span><\/a><\/li><li class='av-share-link av-social-link-linkedin' ><a target=\"_blank\" aria-label=\"Compartir en LinkedIn\" href='https:\/\/linkedin.com\/shareArticle?mini=true&#038;title=Emotiva%20ceremonia%20para%20celebrar%2070%20a%C3%B1os%20de%20la%20Universidad%20Austral%20de%20Chile%20y%20los%2030%20a%C3%B1os%20del%20Campus%20Patagonia&#038;url=https:\/\/radiorevelacionfm.cl\/?p=46152' aria-hidden='false' data-av_icon='\ue8fc' data-av_iconfont='entypo-fontello' title='' data-avia-related-tooltip='Compartir en LinkedIn' rel=\"noopener\"><span class='avia_hidden_link_text'>Compartir en LinkedIn<\/span><\/a><\/li><li class='av-share-link av-social-link-mail' ><a  aria-label=\"Compartir por correo\" href='mailto:?subject=Emotiva%20ceremonia%20para%20celebrar%2070%20a%C3%B1os%20de%20la%20Universidad%20Austral%20de%20Chile%20y%20los%2030%20a%C3%B1os%20del%20Campus%20Patagonia&#038;body=https:\/\/radiorevelacionfm.cl\/?p=46152' aria-hidden='false' data-av_icon='\ue805' data-av_iconfont='entypo-fontello' title='' data-avia-related-tooltip='Compartir por correo'><span class='avia_hidden_link_text'>Compartir por correo<\/span><\/a><\/li><\/ul><\/div><\/div>\n<div  style='height:50px' class='hr hr-invisible   avia-builder-el-8  el_after_av_social_share  el_before_av_comments_list '><span class='hr-inner ' ><span class='hr-inner-style'><\/span><\/span><\/div>\n<div  class='av-buildercomment  av-blog-meta-html-info-disabled av-blog-meta-tag-disabled  '><\/div>\n","protected":false},"excerpt":{"rendered":"","protected":false},"author":1,"featured_media":46153,"comment_status":"open","ping_status":"open","sticky":false,"template":"","format":"standard","meta":{"footnotes":""},"categories":[49],"tags":[],"class_list":["post-46152","post","type-post","status-publish","format-standard","has-post-thumbnail","hentry","category-educacion"],"jetpack_featured_media_url":"https:\/\/radiorevelacionfm.cl\/wp-content\/uploads\/2024\/09\/aniversario-uach-70-9-1_optimized.jpeg","_links":{"self":[{"href":"https:\/\/radiorevelacionfm.cl\/index.php?rest_route=\/wp\/v2\/posts\/46152","targetHints":{"allow":["GET"]}}],"collection":[{"href":"https:\/\/radiorevelacionfm.cl\/index.php?rest_route=\/wp\/v2\/posts"}],"about":[{"href":"https:\/\/radiorevelacionfm.cl\/index.php?rest_route=\/wp\/v2\/types\/post"}],"author":[{"embeddable":true,"href":"https:\/\/radiorevelacionfm.cl\/index.php?rest_route=\/wp\/v2\/users\/1"}],"replies":[{"embeddable":true,"href":"https:\/\/radiorevelacionfm.cl\/index.php?rest_route=%2Fwp%2Fv2%2Fcomments&post=46152"}],"version-history":[{"count":3,"href":"https:\/\/radiorevelacionfm.cl\/index.php?rest_route=\/wp\/v2\/posts\/46152\/revisions"}],"predecessor-version":[{"id":46177,"href":"https:\/\/radiorevelacionfm.cl\/index.php?rest_route=\/wp\/v2\/posts\/46152\/revisions\/46177"}],"wp:featuredmedia":[{"embeddable":true,"href":"https:\/\/radiorevelacionfm.cl\/index.php?rest_route=\/wp\/v2\/media\/46153"}],"wp:attachment":[{"href":"https:\/\/radiorevelacionfm.cl\/index.php?rest_route=%2Fwp%2Fv2%2Fmedia&parent=46152"}],"wp:term":[{"taxonomy":"category","embeddable":true,"href":"https:\/\/radiorevelacionfm.cl\/index.php?rest_route=%2Fwp%2Fv2%2Fcategories&post=46152"},{"taxonomy":"post_tag","embeddable":true,"href":"https:\/\/radiorevelacionfm.cl\/index.php?rest_route=%2Fwp%2Fv2%2Ftags&post=46152"}],"curies":[{"name":"wp","href":"https:\/\/api.w.org\/{rel}","templated":true}]}}