{"id":46146,"date":"2024-09-11T20:19:32","date_gmt":"2024-09-11T23:19:32","guid":{"rendered":"https:\/\/radiorevelacionfm.cl\/?p=46146"},"modified":"2024-09-11T20:19:32","modified_gmt":"2024-09-11T23:19:32","slug":"mas-de-mil-personas-del-litoral-aisenino-fueron-atendidas-en-operativo-de-especialidades-medicas-y-dentales","status":"publish","type":"post","link":"https:\/\/radiorevelacionfm.cl\/?p=46146","title":{"rendered":"M\u00e1s de mil personas del litoral aisenino fueron atendidas en operativo de especialidades m\u00e9dicas y dentales"},"content":{"rendered":"<div class=\"flex_column av_one_full  flex_column_div av-zero-column-padding first  avia-builder-el-0  el_before_av_one_full  avia-builder-el-first  \" style='border-radius:0px; '><div  class='avia-image-container  av-styling-    avia-builder-el-1  avia-builder-el-no-sibling  avia-align-center '  itemprop=\"image\" itemscope=\"itemscope\" itemtype=\"https:\/\/schema.org\/ImageObject\"  ><div class='avia-image-container-inner'><div class='avia-image-overlay-wrap'><img decoding=\"async\" class='wp-image-46147 avia-img-lazy-loading-not-46147 avia_image' src=\"https:\/\/radiorevelacionfm.cl\/wp-content\/uploads\/2024\/09\/operativo-armada-1-2-1-1.jpg\" alt='' title='operativo armada 1 (2) (1) (1)' height=\"600\" width=\"902\"  itemprop=\"thumbnailUrl\" srcset=\"https:\/\/radiorevelacionfm.cl\/wp-content\/uploads\/2024\/09\/operativo-armada-1-2-1-1.jpg 902w, https:\/\/radiorevelacionfm.cl\/wp-content\/uploads\/2024\/09\/operativo-armada-1-2-1-1-300x200.jpg 300w, https:\/\/radiorevelacionfm.cl\/wp-content\/uploads\/2024\/09\/operativo-armada-1-2-1-1-768x511.jpg 768w, https:\/\/radiorevelacionfm.cl\/wp-content\/uploads\/2024\/09\/operativo-armada-1-2-1-1-705x469.jpg 705w, https:\/\/radiorevelacionfm.cl\/wp-content\/uploads\/2024\/09\/operativo-armada-1-2-1-1-450x299.jpg 450w, https:\/\/radiorevelacionfm.cl\/wp-content\/uploads\/2024\/09\/operativo-armada-1-2-1-1-600x399.jpg 600w\" sizes=\"(max-width: 902px) 100vw, 902px\" \/><\/div><\/div><\/div><\/div><div class=\"flex_column av_one_full  flex_column_div av-zero-column-padding first  avia-builder-el-2  el_after_av_one_full  el_before_av_one_full  column-top-margin\" style='border-radius:0px; '><section class=\"av_textblock_section \"  itemscope=\"itemscope\" itemtype=\"https:\/\/schema.org\/BlogPosting\" itemprop=\"blogPost\" ><div class='avia_textblock  '   itemprop=\"text\" ><p style=\"text-align: center;\"><span style=\"font-size: 18pt;\"><b>M\u00e1s de mil personas del litoral aisenino fueron atendidas en operativo de especialidades m\u00e9dicas y dentales<\/b><\/span><\/p>\n<div id=\"gtx-trans\" style=\"position: absolute; left: -50px; top: 4.31534px;\">\n<div class=\"gtx-trans-icon\"><\/div>\n<\/div>\n<\/div><\/section><\/div><div class=\"flex_column av_one_full  flex_column_div av-zero-column-padding first  avia-builder-el-4  el_after_av_one_full  el_before_av_hr  column-top-margin\" style='border-radius:0px; '><section class=\"av_textblock_section \"  itemscope=\"itemscope\" itemtype=\"https:\/\/schema.org\/BlogPosting\" itemprop=\"blogPost\" ><div class='avia_textblock  '   itemprop=\"text\" ><p class=\"v1MsoNormal\" style=\"text-align: justify;\"><em>La acci\u00f3n fue liderada por la Armada de Chile con el apoyo del Servicio de Salud Ays\u00e9n.<\/em><\/p>\n<p class=\"v1MsoNormal\" style=\"text-align: justify;\">Alrededor de mil personas fueron atendidas en el Operativo M\u00e9dico Dental de la Armada, realizado en conjunto con el Servicio de Salud Ays\u00e9n y que realiz\u00f3 atenciones en Islas Huichas, Puerto Chacabuco, Puerto Ays\u00e9n y Melinka durante cinco d\u00edas.<\/p>\n<p class=\"v1MsoNormal\" style=\"text-align: justify;\">El equipo de especialistas se traslad\u00f3 desde Puerto Montt al sur en el buque PMD 74 Cirujano Videla, recalando en Islas Huichas, Puerto Chacabuco y Melinka en la regi\u00f3n de Ays\u00e9n, con una dotaci\u00f3n de especialistas, entre los cuales destacan profesionales ginec\u00f3logo, ur\u00f3logo, dermat\u00f3logo, oftalm\u00f3logo y tecn\u00f3logo m\u00e9dico en oftalmolog\u00eda. Tambi\u00e9n se sumaron otorrinolaring\u00f3logo, fonoaudi\u00f3logo, cirujano general, odont\u00f3logos, m\u00e9dico general y radi\u00f3logo.<\/p>\n<p class=\"v1MsoNormal\" style=\"text-align: justify;\">\u00abEstamos muy contentos como Red Asistencial, porque la Armada nos est\u00e1 prestando apoyo en \u00e1reas que tenemos falencias de especialidades\u00bb, subray\u00f3 el Dr. Ram\u00f3n Vergara, sub director (S) de Gesti\u00f3n Asistencial del Servicio de Salud Ays\u00e9n (SSA) y agreg\u00f3 que \u00ablas personas est\u00e1n muy felices, muy contentas y agradecidas (&#8230;) para nosotros es muy significativo este apoyo y la comunidad est\u00e1 muy contenta. Es una tremenda labor social que se realiza de parte de la Armada y que nosotros valoramos mucho y esperamos que se pueda continuar en los pr\u00f3ximos a\u00f1os y estamos muy felices por eso\u00bb, acot\u00f3.<\/p>\n<p class=\"v1MsoNormal\" style=\"text-align: justify;\">Una de las personas beneficiadas con este operativo fue Francisca Mansilla, en el Hospital de Puerto Ays\u00e9n, quien destac\u00f3 que \u00abpara nosotros es muy importante que estos operativos sigan, en primer lugar, para toda nuestra comunidad y darles m\u00e1s que nada las gracias, porque este operativo es muy bueno y que como comunidad agradecer y que siga habiendo m\u00e1s operativos de eso se trata\u00bb.<\/p>\n<p class=\"v1MsoNormal\" style=\"text-align: justify;\">La coordinaci\u00f3n del operativo por parte de la Armada estuvo a cargo de la Dra. Giuliana Chiappini y el Dr. Alejandro Caroca. Este \u00faltimo destac\u00f3 que \u00abestamos muy contentos de poder llevar salud y especialidad m\u00e9dica. Nos vamos con mucho m\u00e1s en nuestro coraz\u00f3n de lo que dejamos ac\u00e1 de ayuda m\u00e9dica y un aspecto notable es la calidez de la gente y de las instituciones que han colaborado en esta noble labor. Queremos seguir colaborando en salud para las personas que est\u00e1n haciendo patria en zonas aisladas\u00bb, se\u00f1al\u00f3.<\/p>\n<p class=\"v1MsoNormal\" style=\"text-align: justify;\">Por su parte, Patricia Becerra, directora (S) del Hospital de Puerto Ays\u00e9n, tambi\u00e9n valor\u00f3 esta instancia que facilita la reducci\u00f3n de la lista de personas que se encuentran a la espera de una atenci\u00f3n. \u00abEsto nos permite poder reducir las listas de espera y resolver situaciones de salud de nuestra comunidad sobre todo en nuestra regi\u00f3n, que en muchas ocasiones nos dificulta resolver prontamente alguna de estas especialidades y es algo sumamente positivo trabajar de manera colaborativa con la Armada, ayudar a la comunidad, sobre todo en el Hospital de Ays\u00e9n\u00bb, remat\u00f3.<\/p>\n<\/div><\/section><\/div><div  style='height:50px' class='hr hr-invisible   avia-builder-el-6  el_after_av_one_full  el_before_av_social_share '><span class='hr-inner ' ><span class='hr-inner-style'><\/span><\/span><\/div><\/p>\n<div  class='av-social-sharing-box  avia-builder-el-7  el_after_av_hr  el_before_av_hr  '><div class='av-share-box'><h5 class='av-share-link-description av-no-toc '>Compartir esta noticia<\/h5><ul class='av-share-box-list noLightbox'><li class='av-share-link av-social-link-facebook' ><a target=\"_blank\" aria-label=\"Compartir en Facebook\" href='https:\/\/www.facebook.com\/sharer.php?u=https:\/\/radiorevelacionfm.cl\/?p=46146&#038;t=M%C3%A1s%20de%20mil%20personas%20del%20litoral%20aisenino%20fueron%20atendidas%20en%20operativo%20de%20especialidades%20m%C3%A9dicas%20y%20dentales' aria-hidden='false' data-av_icon='\ue8f3' data-av_iconfont='entypo-fontello' title='' data-avia-related-tooltip='Compartir en Facebook' rel=\"noopener\"><span class='avia_hidden_link_text'>Compartir en Facebook<\/span><\/a><\/li><li class='av-share-link av-social-link-twitter' ><a target=\"_blank\" aria-label=\"Compartir en Twitter\" href='https:\/\/twitter.com\/share?text=M%C3%A1s%20de%20mil%20personas%20del%20litoral%20aisenino%20fueron%20atendidas%20en%20operativo%20de%20especialidades%20m%C3%A9dicas%20y%20dentales&#038;url=https:\/\/radiorevelacionfm.cl\/?p=46146' aria-hidden='false' data-av_icon='\ue8f1' data-av_iconfont='entypo-fontello' title='' data-avia-related-tooltip='Compartir en Twitter' rel=\"noopener\"><span class='avia_hidden_link_text'>Compartir en Twitter<\/span><\/a><\/li><li class='av-share-link av-social-link-whatsapp' ><a target=\"_blank\" aria-label=\"Compartir en Whatsapp\" href='https:\/\/api.whatsapp.com\/send?text=https:\/\/radiorevelacionfm.cl\/?p=46146' aria-hidden='false' data-av_icon='\uf232' data-av_iconfont='entypo-fontello' title='' data-avia-related-tooltip='Compartir en Whatsapp' rel=\"noopener\"><span class='avia_hidden_link_text'>Compartir en Whatsapp<\/span><\/a><\/li><li class='av-share-link av-social-link-linkedin' ><a target=\"_blank\" aria-label=\"Compartir en LinkedIn\" href='https:\/\/linkedin.com\/shareArticle?mini=true&#038;title=M%C3%A1s%20de%20mil%20personas%20del%20litoral%20aisenino%20fueron%20atendidas%20en%20operativo%20de%20especialidades%20m%C3%A9dicas%20y%20dentales&#038;url=https:\/\/radiorevelacionfm.cl\/?p=46146' aria-hidden='false' data-av_icon='\ue8fc' data-av_iconfont='entypo-fontello' title='' data-avia-related-tooltip='Compartir en LinkedIn' rel=\"noopener\"><span class='avia_hidden_link_text'>Compartir en LinkedIn<\/span><\/a><\/li><li class='av-share-link av-social-link-mail' ><a  aria-label=\"Compartir por correo\" href='mailto:?subject=M%C3%A1s%20de%20mil%20personas%20del%20litoral%20aisenino%20fueron%20atendidas%20en%20operativo%20de%20especialidades%20m%C3%A9dicas%20y%20dentales&#038;body=https:\/\/radiorevelacionfm.cl\/?p=46146' aria-hidden='false' data-av_icon='\ue805' data-av_iconfont='entypo-fontello' title='' data-avia-related-tooltip='Compartir por correo'><span class='avia_hidden_link_text'>Compartir por correo<\/span><\/a><\/li><\/ul><\/div><\/div>\n<div  style='height:50px' class='hr hr-invisible   avia-builder-el-8  el_after_av_social_share  el_before_av_comments_list '><span class='hr-inner ' ><span class='hr-inner-style'><\/span><\/span><\/div>\n<div  class='av-buildercomment  av-blog-meta-html-info-disabled av-blog-meta-tag-disabled  '><\/div>\n","protected":false},"excerpt":{"rendered":"","protected":false},"author":1,"featured_media":46147,"comment_status":"open","ping_status":"open","sticky":false,"template":"","format":"standard","meta":{"footnotes":""},"categories":[46],"tags":[],"class_list":["post-46146","post","type-post","status-publish","format-standard","has-post-thumbnail","hentry","category-salud"],"jetpack_featured_media_url":"https:\/\/radiorevelacionfm.cl\/wp-content\/uploads\/2024\/09\/operativo-armada-1-2-1-1.jpg","_links":{"self":[{"href":"https:\/\/radiorevelacionfm.cl\/index.php?rest_route=\/wp\/v2\/posts\/46146","targetHints":{"allow":["GET"]}}],"collection":[{"href":"https:\/\/radiorevelacionfm.cl\/index.php?rest_route=\/wp\/v2\/posts"}],"about":[{"href":"https:\/\/radiorevelacionfm.cl\/index.php?rest_route=\/wp\/v2\/types\/post"}],"author":[{"embeddable":true,"href":"https:\/\/radiorevelacionfm.cl\/index.php?rest_route=\/wp\/v2\/users\/1"}],"replies":[{"embeddable":true,"href":"https:\/\/radiorevelacionfm.cl\/index.php?rest_route=%2Fwp%2Fv2%2Fcomments&post=46146"}],"version-history":[{"count":1,"href":"https:\/\/radiorevelacionfm.cl\/index.php?rest_route=\/wp\/v2\/posts\/46146\/revisions"}],"predecessor-version":[{"id":46148,"href":"https:\/\/radiorevelacionfm.cl\/index.php?rest_route=\/wp\/v2\/posts\/46146\/revisions\/46148"}],"wp:featuredmedia":[{"embeddable":true,"href":"https:\/\/radiorevelacionfm.cl\/index.php?rest_route=\/wp\/v2\/media\/46147"}],"wp:attachment":[{"href":"https:\/\/radiorevelacionfm.cl\/index.php?rest_route=%2Fwp%2Fv2%2Fmedia&parent=46146"}],"wp:term":[{"taxonomy":"category","embeddable":true,"href":"https:\/\/radiorevelacionfm.cl\/index.php?rest_route=%2Fwp%2Fv2%2Fcategories&post=46146"},{"taxonomy":"post_tag","embeddable":true,"href":"https:\/\/radiorevelacionfm.cl\/index.php?rest_route=%2Fwp%2Fv2%2Ftags&post=46146"}],"curies":[{"name":"wp","href":"https:\/\/api.w.org\/{rel}","templated":true}]}}