{"id":46143,"date":"2024-09-11T18:46:26","date_gmt":"2024-09-11T21:46:26","guid":{"rendered":"https:\/\/radiorevelacionfm.cl\/?p=46143"},"modified":"2024-09-11T18:46:26","modified_gmt":"2024-09-11T21:46:26","slug":"propietarios-de-taxis-basicos-podran-optar-a-programas-de-renovacion-de-flota","status":"publish","type":"post","link":"https:\/\/radiorevelacionfm.cl\/?p=46143","title":{"rendered":"Propietarios de taxis b\u00e1sicos podr\u00e1n optar a programas de renovaci\u00f3n de flota"},"content":{"rendered":"<div class=\"flex_column av_one_full  flex_column_div av-zero-column-padding first  avia-builder-el-0  el_before_av_one_full  avia-builder-el-first  \" style='border-radius:0px; '><div  class='avia-image-container  av-styling-    avia-builder-el-1  avia-builder-el-no-sibling  avia-align-center '  itemprop=\"image\" itemscope=\"itemscope\" itemtype=\"https:\/\/schema.org\/ImageObject\"  ><div class='avia-image-container-inner'><div class='avia-image-overlay-wrap'><img decoding=\"async\" class='wp-image-46144 avia-img-lazy-loading-not-46144 avia_image' src=\"https:\/\/radiorevelacionfm.cl\/wp-content\/uploads\/2024\/09\/DSC_8428-1-1.jpg\" alt='' title='DSC_8428 (1) (1)' height=\"600\" width=\"903\"  itemprop=\"thumbnailUrl\" srcset=\"https:\/\/radiorevelacionfm.cl\/wp-content\/uploads\/2024\/09\/DSC_8428-1-1.jpg 903w, https:\/\/radiorevelacionfm.cl\/wp-content\/uploads\/2024\/09\/DSC_8428-1-1-300x199.jpg 300w, https:\/\/radiorevelacionfm.cl\/wp-content\/uploads\/2024\/09\/DSC_8428-1-1-768x510.jpg 768w, https:\/\/radiorevelacionfm.cl\/wp-content\/uploads\/2024\/09\/DSC_8428-1-1-705x468.jpg 705w, https:\/\/radiorevelacionfm.cl\/wp-content\/uploads\/2024\/09\/DSC_8428-1-1-450x299.jpg 450w, https:\/\/radiorevelacionfm.cl\/wp-content\/uploads\/2024\/09\/DSC_8428-1-1-600x399.jpg 600w\" sizes=\"(max-width: 903px) 100vw, 903px\" \/><\/div><\/div><\/div><\/div><div class=\"flex_column av_one_full  flex_column_div av-zero-column-padding first  avia-builder-el-2  el_after_av_one_full  el_before_av_one_full  column-top-margin\" style='border-radius:0px; '><section class=\"av_textblock_section \"  itemscope=\"itemscope\" itemtype=\"https:\/\/schema.org\/BlogPosting\" itemprop=\"blogPost\" ><div class='avia_textblock  '   itemprop=\"text\" ><p style=\"text-align: center;\"><span style=\"font-size: 18pt;\"><b>Propietarios de taxis b\u00e1sicos podr\u00e1n optar a programas de renovaci\u00f3n de flota<\/b><\/span><\/p>\n<div id=\"gtx-trans\" style=\"position: absolute; left: -50px; top: 4.31534px;\">\n<div class=\"gtx-trans-icon\"><\/div>\n<\/div>\n<\/div><\/section><\/div><div class=\"flex_column av_one_full  flex_column_div av-zero-column-padding first  avia-builder-el-4  el_after_av_one_full  el_before_av_hr  column-top-margin\" style='border-radius:0px; '><section class=\"av_textblock_section \"  itemscope=\"itemscope\" itemtype=\"https:\/\/schema.org\/BlogPosting\" itemprop=\"blogPost\" ><div class='avia_textblock  '   itemprop=\"text\" ><p style=\"font-weight: 400; text-align: justify;\">A trav\u00e9s de la Nueva Ley de Subsidios al Transporte P\u00fablico, aprobada hace unas semanas en el senado, los transportistas de taxis b\u00e1sicos tambi\u00e9n tendr\u00e1n acceso a este financiamiento. Recursos provienen del traspaso de Fondos Espejo del Ministerio de Transportes y Telecomunicaciones a los Gobiernos Regionales.<\/p>\n<p style=\"font-weight: 400; text-align: justify;\">En sendas reuniones realizadas tanto en Coyhaique como en Puerto Ays\u00e9n con agrupaciones de taxistas b\u00e1sicos, se inform\u00f3 sobre el detalle de las indicaciones de la nueva Ley de Subsidios de Transporte P\u00fablico, aprobada recientemente por el Senado. En particular, se trat\u00f3 una modificaci\u00f3n muy esperada para estos transportistas, que consiste en que tambi\u00e9n podr\u00e1n acceder a los fondos de renovaci\u00f3n de flota, recursos que hasta el momento estaban reservados solo para taxis colectivos.<\/p>\n<p style=\"font-weight: 400; text-align: justify;\">El seremiTT Hans Zimmermann explic\u00f3 que de esta forma, a trav\u00e9s de este nuevo marco legal de financiamiento, se podr\u00e1 dinamizar y mejorar el est\u00e1ndar del transporte en las regiones.<\/p>\n<p style=\"font-weight: 400; text-align: justify;\">\u201cCon este cambio normativo, el taxi b\u00e1sico, taxi ejecutivo y el taxi de turismo podr\u00e1n ser beneficiados con los programas de renovaci\u00f3n de maquinaria financiados por los gobiernos regionales a trav\u00e9s del programa de renovaci\u00f3n del Ministerio de Transportes y Telecomunicaciones y su fondo espejo. La noticia tuvo una muy buena recepci\u00f3n por parte del gremio, porque por primera vez en nuestro gobierno se est\u00e1 avanzando en medidas concretas para beneficiar a este sector de la locomoci\u00f3n, tan importante para la movilidad y para el sistema de transporte en la capital regional y en todo el pa\u00eds\u201d, recalc\u00f3.<\/p>\n<p style=\"font-weight: 400; text-align: justify;\">La Gobernadora Andrea Mac\u00edas agreg\u00f3 que este cambio normativo, tambi\u00e9n impone nuevos desaf\u00edos en torno a generar nuevos proyectos de movilidad urbana. \u201cEsta es una demanda hist\u00f3rica que ha tenido el gremio, donde no hab\u00edamos podido responder por no existir el mecanismo. En ese sentido, hay un compromiso tambi\u00e9n de avanzar en infraestructura. Sabemos que aqu\u00ed lo m\u00e1s importante es la coordinaci\u00f3n que exista con los gremios, tambi\u00e9n con el municipio, con el ministerio de Transportes, el Gobierno Regional y los distintos actores con un solo objetivo y es que podamos avanzar en ordenamiento en nuestra ciudad\u201d.<\/p>\n<p style=\"font-weight: 400; text-align: justify;\">Los transportistas tuvieron la oportunidad de plantear sus dudas respecto a la ley y la implementaci\u00f3n de esta medida que, al ser tramitada en la discusi\u00f3n del presupuesto, podr\u00eda iniciar con el nuevo mecanismo de asignaci\u00f3n de recursos a partir del 2025.<\/p>\n<p style=\"font-weight: 400; text-align: justify;\">Celso Hern\u00e1ndez, del Sindicato de Due\u00f1os de Taxis B\u00e1sicos Coyhaique indic\u00f3 que esta medida \u201ca nosotros nos apoya y nos sirve mucho, porque hasta el momento nosotros no ten\u00edamos alguna ley que nos favorezca con el recambio de los veh\u00edculos. Cada vez que hac\u00edamos un cambio de veh\u00edculo o renovaci\u00f3n de veh\u00edculo, lo hac\u00edamos por cuenta propia. En cambio ahora, al tener esa posibilidad de que el Estado nos favorezca con este bono para recambio de veh\u00edculos, para nosotros es indispensable y es primordial\u201d.<\/p>\n<p style=\"font-weight: 400; text-align: justify;\">El transportista de Radio Taxis Patagonia de Puerto Ays\u00e9n, Leonardo Burgos agreg\u00f3 que \u201cen lo personal me parece excelente, dado que hace ya varios a\u00f1os hab\u00eda escuchado que el d\u00eda de ma\u00f1ana pod\u00eda suceder esto. Es s\u00faper bueno para todos, porque meter un auto m\u00e1s nuevo, un auto con mejores condiciones, no solamente beneficia a uno como propietario, sino que tambi\u00e9n a la sociedad\u201d.<\/p>\n<p style=\"font-weight: 400; text-align: justify;\">Cabe a\u00f1adir, que la nueva normativa reestructura el Fondo de Apoyo Regional (FAR), entregado por el ministerio de Transportes y Telecomunicaciones a los Gobiernos Regionales. En concreto, establece que el 50% de los recursos se destinar\u00e1n \u00fanicamente a infraestructura de transporte, programas de renovaci\u00f3n de flota o a subsidios de operaci\u00f3n; mientras que el otro 50% de financiamiento se invertir\u00e1n en infraestructura para mejorar e implementar los servicios de transporte o conectividad en zonas aisladas.<\/p>\n<\/div><\/section><\/div><div  style='height:50px' class='hr hr-invisible   avia-builder-el-6  el_after_av_one_full  el_before_av_social_share '><span class='hr-inner ' ><span class='hr-inner-style'><\/span><\/span><\/div><\/p>\n<div  class='av-social-sharing-box  avia-builder-el-7  el_after_av_hr  el_before_av_hr  '><div class='av-share-box'><h5 class='av-share-link-description av-no-toc '>Compartir esta noticia<\/h5><ul class='av-share-box-list noLightbox'><li class='av-share-link av-social-link-facebook' ><a target=\"_blank\" aria-label=\"Compartir en Facebook\" href='https:\/\/www.facebook.com\/sharer.php?u=https:\/\/radiorevelacionfm.cl\/?p=46143&#038;t=Propietarios%20de%20taxis%20b%C3%A1sicos%20podr%C3%A1n%20optar%20a%20programas%20de%20renovaci%C3%B3n%20de%20flota' aria-hidden='false' data-av_icon='\ue8f3' data-av_iconfont='entypo-fontello' title='' data-avia-related-tooltip='Compartir en Facebook' rel=\"noopener\"><span class='avia_hidden_link_text'>Compartir en Facebook<\/span><\/a><\/li><li class='av-share-link av-social-link-twitter' ><a target=\"_blank\" aria-label=\"Compartir en Twitter\" href='https:\/\/twitter.com\/share?text=Propietarios%20de%20taxis%20b%C3%A1sicos%20podr%C3%A1n%20optar%20a%20programas%20de%20renovaci%C3%B3n%20de%20flota&#038;url=https:\/\/radiorevelacionfm.cl\/?p=46143' aria-hidden='false' data-av_icon='\ue8f1' data-av_iconfont='entypo-fontello' title='' data-avia-related-tooltip='Compartir en Twitter' rel=\"noopener\"><span class='avia_hidden_link_text'>Compartir en Twitter<\/span><\/a><\/li><li class='av-share-link av-social-link-whatsapp' ><a target=\"_blank\" aria-label=\"Compartir en Whatsapp\" href='https:\/\/api.whatsapp.com\/send?text=https:\/\/radiorevelacionfm.cl\/?p=46143' aria-hidden='false' data-av_icon='\uf232' data-av_iconfont='entypo-fontello' title='' data-avia-related-tooltip='Compartir en Whatsapp' rel=\"noopener\"><span class='avia_hidden_link_text'>Compartir en Whatsapp<\/span><\/a><\/li><li class='av-share-link av-social-link-linkedin' ><a target=\"_blank\" aria-label=\"Compartir en LinkedIn\" href='https:\/\/linkedin.com\/shareArticle?mini=true&#038;title=Propietarios%20de%20taxis%20b%C3%A1sicos%20podr%C3%A1n%20optar%20a%20programas%20de%20renovaci%C3%B3n%20de%20flota&#038;url=https:\/\/radiorevelacionfm.cl\/?p=46143' aria-hidden='false' data-av_icon='\ue8fc' data-av_iconfont='entypo-fontello' title='' data-avia-related-tooltip='Compartir en LinkedIn' rel=\"noopener\"><span class='avia_hidden_link_text'>Compartir en LinkedIn<\/span><\/a><\/li><li class='av-share-link av-social-link-mail' ><a  aria-label=\"Compartir por correo\" href='mailto:?subject=Propietarios%20de%20taxis%20b%C3%A1sicos%20podr%C3%A1n%20optar%20a%20programas%20de%20renovaci%C3%B3n%20de%20flota&#038;body=https:\/\/radiorevelacionfm.cl\/?p=46143' aria-hidden='false' data-av_icon='\ue805' data-av_iconfont='entypo-fontello' title='' data-avia-related-tooltip='Compartir por correo'><span class='avia_hidden_link_text'>Compartir por correo<\/span><\/a><\/li><\/ul><\/div><\/div>\n<div  style='height:50px' class='hr hr-invisible   avia-builder-el-8  el_after_av_social_share  el_before_av_comments_list '><span class='hr-inner ' ><span class='hr-inner-style'><\/span><\/span><\/div>\n<div  class='av-buildercomment  av-blog-meta-html-info-disabled av-blog-meta-tag-disabled  '><\/div>\n","protected":false},"excerpt":{"rendered":"","protected":false},"author":1,"featured_media":46144,"comment_status":"open","ping_status":"open","sticky":false,"template":"","format":"standard","meta":{"footnotes":""},"categories":[59],"tags":[],"class_list":["post-46143","post","type-post","status-publish","format-standard","has-post-thumbnail","hentry","category-transporte"],"jetpack_featured_media_url":"https:\/\/radiorevelacionfm.cl\/wp-content\/uploads\/2024\/09\/DSC_8428-1-1.jpg","_links":{"self":[{"href":"https:\/\/radiorevelacionfm.cl\/index.php?rest_route=\/wp\/v2\/posts\/46143","targetHints":{"allow":["GET"]}}],"collection":[{"href":"https:\/\/radiorevelacionfm.cl\/index.php?rest_route=\/wp\/v2\/posts"}],"about":[{"href":"https:\/\/radiorevelacionfm.cl\/index.php?rest_route=\/wp\/v2\/types\/post"}],"author":[{"embeddable":true,"href":"https:\/\/radiorevelacionfm.cl\/index.php?rest_route=\/wp\/v2\/users\/1"}],"replies":[{"embeddable":true,"href":"https:\/\/radiorevelacionfm.cl\/index.php?rest_route=%2Fwp%2Fv2%2Fcomments&post=46143"}],"version-history":[{"count":1,"href":"https:\/\/radiorevelacionfm.cl\/index.php?rest_route=\/wp\/v2\/posts\/46143\/revisions"}],"predecessor-version":[{"id":46145,"href":"https:\/\/radiorevelacionfm.cl\/index.php?rest_route=\/wp\/v2\/posts\/46143\/revisions\/46145"}],"wp:featuredmedia":[{"embeddable":true,"href":"https:\/\/radiorevelacionfm.cl\/index.php?rest_route=\/wp\/v2\/media\/46144"}],"wp:attachment":[{"href":"https:\/\/radiorevelacionfm.cl\/index.php?rest_route=%2Fwp%2Fv2%2Fmedia&parent=46143"}],"wp:term":[{"taxonomy":"category","embeddable":true,"href":"https:\/\/radiorevelacionfm.cl\/index.php?rest_route=%2Fwp%2Fv2%2Fcategories&post=46143"},{"taxonomy":"post_tag","embeddable":true,"href":"https:\/\/radiorevelacionfm.cl\/index.php?rest_route=%2Fwp%2Fv2%2Ftags&post=46143"}],"curies":[{"name":"wp","href":"https:\/\/api.w.org\/{rel}","templated":true}]}}