{"id":46140,"date":"2024-09-11T16:30:40","date_gmt":"2024-09-11T19:30:40","guid":{"rendered":"https:\/\/radiorevelacionfm.cl\/?p=46140"},"modified":"2024-09-11T16:30:40","modified_gmt":"2024-09-11T19:30:40","slug":"claudio-vargas-se-corono-campeon-del-torneo-de-tenis-open-septiembre-en-chacabuco","status":"publish","type":"post","link":"https:\/\/radiorevelacionfm.cl\/?p=46140","title":{"rendered":"Claudio Vargas se coron\u00f3 campe\u00f3n del Torneo de Tenis Open Septiembre en Chacabuco"},"content":{"rendered":"<div class=\"flex_column av_one_full  flex_column_div av-zero-column-padding first  avia-builder-el-0  el_before_av_one_full  avia-builder-el-first  \" style='border-radius:0px; '><div  class='avia-image-container  av-styling-    avia-builder-el-1  avia-builder-el-no-sibling  avia-align-center '  itemprop=\"image\" itemscope=\"itemscope\" itemtype=\"https:\/\/schema.org\/ImageObject\"  ><div class='avia-image-container-inner'><div class='avia-image-overlay-wrap'><img decoding=\"async\" class='wp-image-46141 avia-img-lazy-loading-not-46141 avia_image' src=\"https:\/\/radiorevelacionfm.cl\/wp-content\/uploads\/2024\/09\/open-septiembre-1-1_optimized-1.jpeg\" alt='' title='open-septiembre-1-(1)_optimized (1)' height=\"600\" width=\"878\"  itemprop=\"thumbnailUrl\" srcset=\"https:\/\/radiorevelacionfm.cl\/wp-content\/uploads\/2024\/09\/open-septiembre-1-1_optimized-1.jpeg 878w, https:\/\/radiorevelacionfm.cl\/wp-content\/uploads\/2024\/09\/open-septiembre-1-1_optimized-1-300x205.jpeg 300w, https:\/\/radiorevelacionfm.cl\/wp-content\/uploads\/2024\/09\/open-septiembre-1-1_optimized-1-768x525.jpeg 768w, https:\/\/radiorevelacionfm.cl\/wp-content\/uploads\/2024\/09\/open-septiembre-1-1_optimized-1-705x482.jpeg 705w, https:\/\/radiorevelacionfm.cl\/wp-content\/uploads\/2024\/09\/open-septiembre-1-1_optimized-1-450x308.jpeg 450w, https:\/\/radiorevelacionfm.cl\/wp-content\/uploads\/2024\/09\/open-septiembre-1-1_optimized-1-600x410.jpeg 600w\" sizes=\"(max-width: 878px) 100vw, 878px\" \/><\/div><\/div><\/div><\/div><div class=\"flex_column av_one_full  flex_column_div av-zero-column-padding first  avia-builder-el-2  el_after_av_one_full  el_before_av_one_full  column-top-margin\" style='border-radius:0px; '><section class=\"av_textblock_section \"  itemscope=\"itemscope\" itemtype=\"https:\/\/schema.org\/BlogPosting\" itemprop=\"blogPost\" ><div class='avia_textblock  '   itemprop=\"text\" ><p style=\"text-align: center;\"><strong><span style=\"font-size: 18pt;\">Claudio Vargas se coron\u00f3 campe\u00f3n del Torneo de Tenis Open Septiembre en Chacabuco<\/span><\/strong><\/p>\n<div id=\"gtx-trans\" style=\"position: absolute; left: -50px; top: 4.31534px;\">\n<div class=\"gtx-trans-icon\"><\/div>\n<\/div>\n<\/div><\/section><\/div><div class=\"flex_column av_one_full  flex_column_div av-zero-column-padding first  avia-builder-el-4  el_after_av_one_full  el_before_av_hr  column-top-margin\" style='border-radius:0px; '><section class=\"av_textblock_section \"  itemscope=\"itemscope\" itemtype=\"https:\/\/schema.org\/BlogPosting\" itemprop=\"blogPost\" ><div class='avia_textblock  '   itemprop=\"text\" ><p style=\"text-align: justify;\">El pasado fin de semana se disput\u00f3 el Torneo de Tenis Open Septiembre en la localidad de Puerto Chacabuco, Ays\u00e9n, un evento que busca promover el tenis como deporte y brindar oportunidades a los tenistas locales y de la regi\u00f3n.<\/p>\n<p style=\"text-align: justify;\">En un fin de semana lleno de emoci\u00f3n y competencia, Claudio Vargas se impuso en la final por parciales de 6-3 y 6-4 a Ignacio Valenzuela, quien qued\u00f3 en segundo lugar, mientras que Rodrigo Grez obtuvo el tercer puesto. Sin embargo, m\u00e1s all\u00e1 de los resultados, el verdadero ganador fue el tenis, un deporte que merece m\u00e1s apoyo y reconocimiento en nuestra comuna y regi\u00f3n.<\/p>\n<p style=\"text-align: justify;\">La directiva del Club de Tenis Puerto Ays\u00e9n, expres\u00f3 su agradecimiento a todos los tenistas participantes, quienes, con su pasi\u00f3n y dedicaci\u00f3n, hacen posible estos eventos. \u00abQueremos agradecer a cada uno de los participantes que se sumaron a este torneo, su esfuerzo y compromiso son el motor que impulsa el crecimiento del tenis en nuestra comuna\u00bb, destacaron desde la organizaci\u00f3n de la actividad.<\/p>\n<p style=\"text-align: justify;\">Tambi\u00e9n agradecieron al Club Fiordos de Puerto Chacabuco por facilitar su reciento para la realizaci\u00f3n del torneo. \u00abSin su apoyo, este torneo y la competencia local no ser\u00edan posibles\u00bb, enfatizaron.<\/p>\n<p style=\"text-align: justify;\">Es importante destacar que, el tenis es un deporte que espera obtener m\u00e1s apoyo y reconocimiento en la comuna y regi\u00f3n, ya que, los espacios para la pr\u00e1ctica y el desarrollo de este deporte son casi nulos sobre toda la comuna de Ays\u00e9n.<\/p>\n<\/div><\/section><\/div><div  style='height:50px' class='hr hr-invisible   avia-builder-el-6  el_after_av_one_full  el_before_av_social_share '><span class='hr-inner ' ><span class='hr-inner-style'><\/span><\/span><\/div><\/p>\n<div  class='av-social-sharing-box  avia-builder-el-7  el_after_av_hr  el_before_av_hr  '><div class='av-share-box'><h5 class='av-share-link-description av-no-toc '>Compartir esta noticia<\/h5><ul class='av-share-box-list noLightbox'><li class='av-share-link av-social-link-facebook' ><a target=\"_blank\" aria-label=\"Compartir en Facebook\" href='https:\/\/www.facebook.com\/sharer.php?u=https:\/\/radiorevelacionfm.cl\/?p=46140&#038;t=Claudio%20Vargas%20se%20coron%C3%B3%20campe%C3%B3n%20del%20Torneo%20de%20Tenis%20Open%20Septiembre%20en%20Chacabuco' aria-hidden='false' data-av_icon='\ue8f3' data-av_iconfont='entypo-fontello' title='' data-avia-related-tooltip='Compartir en Facebook' rel=\"noopener\"><span class='avia_hidden_link_text'>Compartir en Facebook<\/span><\/a><\/li><li class='av-share-link av-social-link-twitter' ><a target=\"_blank\" aria-label=\"Compartir en Twitter\" href='https:\/\/twitter.com\/share?text=Claudio%20Vargas%20se%20coron%C3%B3%20campe%C3%B3n%20del%20Torneo%20de%20Tenis%20Open%20Septiembre%20en%20Chacabuco&#038;url=https:\/\/radiorevelacionfm.cl\/?p=46140' aria-hidden='false' data-av_icon='\ue8f1' data-av_iconfont='entypo-fontello' title='' data-avia-related-tooltip='Compartir en Twitter' rel=\"noopener\"><span class='avia_hidden_link_text'>Compartir en Twitter<\/span><\/a><\/li><li class='av-share-link av-social-link-whatsapp' ><a target=\"_blank\" aria-label=\"Compartir en Whatsapp\" href='https:\/\/api.whatsapp.com\/send?text=https:\/\/radiorevelacionfm.cl\/?p=46140' aria-hidden='false' data-av_icon='\uf232' data-av_iconfont='entypo-fontello' title='' data-avia-related-tooltip='Compartir en Whatsapp' rel=\"noopener\"><span class='avia_hidden_link_text'>Compartir en Whatsapp<\/span><\/a><\/li><li class='av-share-link av-social-link-linkedin' ><a target=\"_blank\" aria-label=\"Compartir en LinkedIn\" href='https:\/\/linkedin.com\/shareArticle?mini=true&#038;title=Claudio%20Vargas%20se%20coron%C3%B3%20campe%C3%B3n%20del%20Torneo%20de%20Tenis%20Open%20Septiembre%20en%20Chacabuco&#038;url=https:\/\/radiorevelacionfm.cl\/?p=46140' aria-hidden='false' data-av_icon='\ue8fc' data-av_iconfont='entypo-fontello' title='' data-avia-related-tooltip='Compartir en LinkedIn' rel=\"noopener\"><span class='avia_hidden_link_text'>Compartir en LinkedIn<\/span><\/a><\/li><li class='av-share-link av-social-link-mail' ><a  aria-label=\"Compartir por correo\" href='mailto:?subject=Claudio%20Vargas%20se%20coron%C3%B3%20campe%C3%B3n%20del%20Torneo%20de%20Tenis%20Open%20Septiembre%20en%20Chacabuco&#038;body=https:\/\/radiorevelacionfm.cl\/?p=46140' aria-hidden='false' data-av_icon='\ue805' data-av_iconfont='entypo-fontello' title='' data-avia-related-tooltip='Compartir por correo'><span class='avia_hidden_link_text'>Compartir por correo<\/span><\/a><\/li><\/ul><\/div><\/div>\n<div  style='height:50px' class='hr hr-invisible   avia-builder-el-8  el_after_av_social_share  el_before_av_comments_list '><span class='hr-inner ' ><span class='hr-inner-style'><\/span><\/span><\/div>\n<div  class='av-buildercomment  av-blog-meta-html-info-disabled av-blog-meta-tag-disabled  '><\/div>\n","protected":false},"excerpt":{"rendered":"","protected":false},"author":1,"featured_media":46141,"comment_status":"open","ping_status":"open","sticky":false,"template":"","format":"standard","meta":{"footnotes":""},"categories":[40],"tags":[],"class_list":["post-46140","post","type-post","status-publish","format-standard","has-post-thumbnail","hentry","category-deportes"],"jetpack_featured_media_url":"https:\/\/radiorevelacionfm.cl\/wp-content\/uploads\/2024\/09\/open-septiembre-1-1_optimized-1.jpeg","_links":{"self":[{"href":"https:\/\/radiorevelacionfm.cl\/index.php?rest_route=\/wp\/v2\/posts\/46140","targetHints":{"allow":["GET"]}}],"collection":[{"href":"https:\/\/radiorevelacionfm.cl\/index.php?rest_route=\/wp\/v2\/posts"}],"about":[{"href":"https:\/\/radiorevelacionfm.cl\/index.php?rest_route=\/wp\/v2\/types\/post"}],"author":[{"embeddable":true,"href":"https:\/\/radiorevelacionfm.cl\/index.php?rest_route=\/wp\/v2\/users\/1"}],"replies":[{"embeddable":true,"href":"https:\/\/radiorevelacionfm.cl\/index.php?rest_route=%2Fwp%2Fv2%2Fcomments&post=46140"}],"version-history":[{"count":1,"href":"https:\/\/radiorevelacionfm.cl\/index.php?rest_route=\/wp\/v2\/posts\/46140\/revisions"}],"predecessor-version":[{"id":46142,"href":"https:\/\/radiorevelacionfm.cl\/index.php?rest_route=\/wp\/v2\/posts\/46140\/revisions\/46142"}],"wp:featuredmedia":[{"embeddable":true,"href":"https:\/\/radiorevelacionfm.cl\/index.php?rest_route=\/wp\/v2\/media\/46141"}],"wp:attachment":[{"href":"https:\/\/radiorevelacionfm.cl\/index.php?rest_route=%2Fwp%2Fv2%2Fmedia&parent=46140"}],"wp:term":[{"taxonomy":"category","embeddable":true,"href":"https:\/\/radiorevelacionfm.cl\/index.php?rest_route=%2Fwp%2Fv2%2Fcategories&post=46140"},{"taxonomy":"post_tag","embeddable":true,"href":"https:\/\/radiorevelacionfm.cl\/index.php?rest_route=%2Fwp%2Fv2%2Ftags&post=46140"}],"curies":[{"name":"wp","href":"https:\/\/api.w.org\/{rel}","templated":true}]}}