{"id":46136,"date":"2024-09-12T10:08:44","date_gmt":"2024-09-12T13:08:44","guid":{"rendered":"https:\/\/radiorevelacionfm.cl\/?p=46136"},"modified":"2024-09-12T10:08:44","modified_gmt":"2024-09-12T13:08:44","slug":"estudiantes-de-ceias-fueron-protagonistas-de-celebracion-del-dia-de-la-alfabetizacion-y-educacion-de-jovenes-y-adultos-2024","status":"publish","type":"post","link":"https:\/\/radiorevelacionfm.cl\/?p=46136","title":{"rendered":"Estudiantes de CEIAs fueron protagonistas de celebraci\u00f3n del D\u00eda de la Alfabetizaci\u00f3n y Educaci\u00f3n de J\u00f3venes y Adultos 2024"},"content":{"rendered":"<div class=\"flex_column av_one_full  flex_column_div av-zero-column-padding first  avia-builder-el-0  el_before_av_one_full  avia-builder-el-first  \" style='border-radius:0px; '><div  class='avia-image-container  av-styling-    avia-builder-el-1  avia-builder-el-no-sibling  avia-align-center '  itemprop=\"image\" itemscope=\"itemscope\" itemtype=\"https:\/\/schema.org\/ImageObject\"  ><div class='avia-image-container-inner'><div class='avia-image-overlay-wrap'><img decoding=\"async\" class='wp-image-46137 avia-img-lazy-loading-not-46137 avia_image' src=\"https:\/\/radiorevelacionfm.cl\/wp-content\/uploads\/2024\/09\/publico3-1-1.jpg\" alt='' title='p\u00fablico3 (1) (1)' height=\"600\" width=\"901\"  itemprop=\"thumbnailUrl\" srcset=\"https:\/\/radiorevelacionfm.cl\/wp-content\/uploads\/2024\/09\/publico3-1-1.jpg 901w, https:\/\/radiorevelacionfm.cl\/wp-content\/uploads\/2024\/09\/publico3-1-1-300x200.jpg 300w, https:\/\/radiorevelacionfm.cl\/wp-content\/uploads\/2024\/09\/publico3-1-1-768x511.jpg 768w, https:\/\/radiorevelacionfm.cl\/wp-content\/uploads\/2024\/09\/publico3-1-1-705x469.jpg 705w, https:\/\/radiorevelacionfm.cl\/wp-content\/uploads\/2024\/09\/publico3-1-1-450x300.jpg 450w, https:\/\/radiorevelacionfm.cl\/wp-content\/uploads\/2024\/09\/publico3-1-1-600x400.jpg 600w\" sizes=\"(max-width: 901px) 100vw, 901px\" \/><\/div><\/div><\/div><\/div><div class=\"flex_column av_one_full  flex_column_div av-zero-column-padding first  avia-builder-el-2  el_after_av_one_full  el_before_av_one_full  column-top-margin\" style='border-radius:0px; '><section class=\"av_textblock_section \"  itemscope=\"itemscope\" itemtype=\"https:\/\/schema.org\/BlogPosting\" itemprop=\"blogPost\" ><div class='avia_textblock  '   itemprop=\"text\" ><p style=\"text-align: center;\"><span style=\"font-size: 18pt;\"><b>Estudiantes de CEIAs fueron protagonistas de celebraci\u00f3n del D\u00eda de la Alfabetizaci\u00f3n y Educaci\u00f3n de J\u00f3venes y Adultos 2024<\/b><\/span><\/p>\n<div id=\"gtx-trans\" style=\"position: absolute; left: -50px; top: 4.31534px;\">\n<div class=\"gtx-trans-icon\"><\/div>\n<\/div>\n<\/div><\/section><\/div><div class=\"flex_column av_one_full  flex_column_div av-zero-column-padding first  avia-builder-el-4  el_after_av_one_full  el_before_av_hr  column-top-margin\" style='border-radius:0px; '><section class=\"av_textblock_section \"  itemscope=\"itemscope\" itemtype=\"https:\/\/schema.org\/BlogPosting\" itemprop=\"blogPost\" ><div class='avia_textblock  '   itemprop=\"text\" ><p class=\"v1MsoNormal\" style=\"text-align: justify;\">Con una emotiva y colorida ceremonia desarrollada en el Centro Cultural Coyhaique, la Secretar\u00eda Regional Ministerial de Educaci\u00f3n de Ays\u00e9n resalt\u00f3 el D\u00eda Internacional de la Alfabetizaci\u00f3n y el D\u00eda Nacional de la Educaci\u00f3n de Personas J\u00f3venes y Adultas 2024.<\/p>\n<p class=\"v1MsoNormal\" style=\"text-align: justify;\">El encuentro que se inici\u00f3 con un pie de cueca cont\u00f3 con la presencia de la Secretaria Regional Ministerial de Educaci\u00f3n de Ays\u00e9n Isabel Garrido, la Jefa del Departamento Provincial de Educaci\u00f3n Coyhaique Michelle Grondona, el Director Ejecutivo del Servicio Local de Educaci\u00f3n P\u00fablica SLEP Ays\u00e9n Sebasti\u00e1n Gonz\u00e1lez y fue acompa\u00f1ado por directivos, docentes y estudiantes de establecimientos de educaci\u00f3n de adultos de Coyhaique y Ays\u00e9n.<\/p>\n<p class=\"v1MsoNormal\" style=\"text-align: justify;\">En su intervenci\u00f3n, la SEREMI de Educaci\u00f3n Isabel Garrido expres\u00f3 \u201cHoy estamos conmemorando y celebrando junto a los establecimientos educativos y grupos de alfabetizaci\u00f3n. Esta es una fecha muy significativa y como gobierno reafirmamos nuestro compromiso con el derecho a la educaci\u00f3n, especialmente el de aquellas personas que se han visto postergadas y a quienes nuestro sistema educativo no ha acogido como corresponde. En la educaci\u00f3n de adultos las personas encuentran un espacio para desarrollarse al ritmo que les acomoda y corresponde, pudiendo conciliar los estudios con la vida laboral y familiar. Felicitamos a los establecimientos educacionales que se han puesto como meta acoger a estos estudiantes para entregarles educaci\u00f3n digna y de calidad\u201d.<\/p>\n<p class=\"v1MsoNormal\" style=\"text-align: justify;\">En la parte art\u00edstica, participaron los estudiantes\u00a0<span lang=\"ES\">Roberto Charro Rodr\u00edguez del Centro de Estudios Patagonia, la presentaci\u00f3n de la obra de teatro de sombres \u2013 Caperucita Roja a cargo de estudiantes del Colegio Trapananda; M\u00fasica y Poes\u00eda a cargo de\u00a0<b>\u00a0<\/b>V\u00edctor Flavio Vargas, Cuenta Cuentos con Leyla Nates. Presentaci\u00f3n de la Orquesta de C\u00e1mara del CEIA Coyhaique. M\u00fasica a cargo de Sandra G\u00f3mez estudiante del Centro de Estudios de la Patagonia y danza a cargo de estudiantes de atenci\u00f3n de p\u00e1rvulos del Liceo Polit\u00e9cnico de Puerto Ays\u00e9n.<\/span><\/p>\n<p class=\"v1MsoNormal\" style=\"text-align: justify;\"><span lang=\"ES\">Tambi\u00e9n se compartieron testimonios de estudiantes del Centro de Estudios Patagonia, que relevaron la educaci\u00f3n de J\u00f3venes y Adultos en el desarrollo de habilidades relacionadas con la expresi\u00f3n art\u00edstica.<\/span><\/p>\n<p class=\"v1MsoNormal\" style=\"text-align: justify;\">El\u00a0D\u00eda Internacional de la Alfabetizaci\u00f3n\u00a0Educaci\u00f3n de Personas J\u00f3venes y Adultas, es una jornada que se celebra anualmente el 8 de septiembre desde 1967, fue establecida oficialmente en 1966 por la UNESCO. La elecci\u00f3n de esta fecha busca recordar y sensibilizar sobre la importancia de la lectura y la escritura y el objetivo es resaltar la importancia de la\u00a0<a title=\"Alfabetizaci\u00f3n\" href=\"https:\/\/es.wikipedia.org\/wiki\/Alfabetizaci%C3%B3n\" target=\"_blank\" rel=\"noopener noreferrer\">alfabetizaci\u00f3n<\/a>\u00a0como base de los\u00a0<a title=\"Derechos humanos\" href=\"https:\/\/es.wikipedia.org\/wiki\/Derechos_humanos\" target=\"_blank\" rel=\"noopener noreferrer\">derechos humanos<\/a>\u00a0y promover iniciativas para combatir el\u00a0<a title=\"Analfabetismo\" href=\"https:\/\/es.wikipedia.org\/wiki\/Analfabetismo\" target=\"_blank\" rel=\"noopener noreferrer\">analfabetismo<\/a>\u00a0en todo el mundo. Este d\u00eda se establece como un recordatorio de que el acceso equitativo a la\u00a0<a title=\"Educaci\u00f3n\" href=\"https:\/\/es.wikipedia.org\/wiki\/Educaci%C3%B3n\" target=\"_blank\" rel=\"noopener noreferrer\">educaci\u00f3n<\/a>\u00a0es fundamental en una sociedad justa e igualitaria.<\/p>\n<\/div><\/section><\/div><div  style='height:50px' class='hr hr-invisible   avia-builder-el-6  el_after_av_one_full  el_before_av_social_share '><span class='hr-inner ' ><span class='hr-inner-style'><\/span><\/span><\/div><\/p>\n<div  class='av-social-sharing-box  avia-builder-el-7  el_after_av_hr  el_before_av_hr  '><div class='av-share-box'><h5 class='av-share-link-description av-no-toc '>Compartir esta noticia<\/h5><ul class='av-share-box-list noLightbox'><li class='av-share-link av-social-link-facebook' ><a target=\"_blank\" aria-label=\"Compartir en Facebook\" href='https:\/\/www.facebook.com\/sharer.php?u=https:\/\/radiorevelacionfm.cl\/?p=46136&#038;t=Estudiantes%20de%20CEIAs%20fueron%20protagonistas%20de%20celebraci%C3%B3n%20del%20D%C3%ADa%20de%20la%20Alfabetizaci%C3%B3n%20y%20Educaci%C3%B3n%20de%20J%C3%B3venes%20y%20Adultos%202024' aria-hidden='false' data-av_icon='\ue8f3' data-av_iconfont='entypo-fontello' title='' data-avia-related-tooltip='Compartir en Facebook' rel=\"noopener\"><span class='avia_hidden_link_text'>Compartir en Facebook<\/span><\/a><\/li><li class='av-share-link av-social-link-twitter' ><a target=\"_blank\" aria-label=\"Compartir en Twitter\" href='https:\/\/twitter.com\/share?text=Estudiantes%20de%20CEIAs%20fueron%20protagonistas%20de%20celebraci%C3%B3n%20del%20D%C3%ADa%20de%20la%20Alfabetizaci%C3%B3n%20y%20Educaci%C3%B3n%20de%20J%C3%B3venes%20y%20Adultos%202024&#038;url=https:\/\/radiorevelacionfm.cl\/?p=46136' aria-hidden='false' data-av_icon='\ue8f1' data-av_iconfont='entypo-fontello' title='' data-avia-related-tooltip='Compartir en Twitter' rel=\"noopener\"><span class='avia_hidden_link_text'>Compartir en Twitter<\/span><\/a><\/li><li class='av-share-link av-social-link-whatsapp' ><a target=\"_blank\" aria-label=\"Compartir en Whatsapp\" href='https:\/\/api.whatsapp.com\/send?text=https:\/\/radiorevelacionfm.cl\/?p=46136' aria-hidden='false' data-av_icon='\uf232' data-av_iconfont='entypo-fontello' title='' data-avia-related-tooltip='Compartir en Whatsapp' rel=\"noopener\"><span class='avia_hidden_link_text'>Compartir en Whatsapp<\/span><\/a><\/li><li class='av-share-link av-social-link-linkedin' ><a target=\"_blank\" aria-label=\"Compartir en LinkedIn\" href='https:\/\/linkedin.com\/shareArticle?mini=true&#038;title=Estudiantes%20de%20CEIAs%20fueron%20protagonistas%20de%20celebraci%C3%B3n%20del%20D%C3%ADa%20de%20la%20Alfabetizaci%C3%B3n%20y%20Educaci%C3%B3n%20de%20J%C3%B3venes%20y%20Adultos%202024&#038;url=https:\/\/radiorevelacionfm.cl\/?p=46136' aria-hidden='false' data-av_icon='\ue8fc' data-av_iconfont='entypo-fontello' title='' data-avia-related-tooltip='Compartir en LinkedIn' rel=\"noopener\"><span class='avia_hidden_link_text'>Compartir en LinkedIn<\/span><\/a><\/li><li class='av-share-link av-social-link-mail' ><a  aria-label=\"Compartir por correo\" href='mailto:?subject=Estudiantes%20de%20CEIAs%20fueron%20protagonistas%20de%20celebraci%C3%B3n%20del%20D%C3%ADa%20de%20la%20Alfabetizaci%C3%B3n%20y%20Educaci%C3%B3n%20de%20J%C3%B3venes%20y%20Adultos%202024&#038;body=https:\/\/radiorevelacionfm.cl\/?p=46136' aria-hidden='false' data-av_icon='\ue805' data-av_iconfont='entypo-fontello' title='' data-avia-related-tooltip='Compartir por correo'><span class='avia_hidden_link_text'>Compartir por correo<\/span><\/a><\/li><\/ul><\/div><\/div>\n<div  style='height:50px' class='hr hr-invisible   avia-builder-el-8  el_after_av_social_share  el_before_av_comments_list '><span class='hr-inner ' ><span class='hr-inner-style'><\/span><\/span><\/div>\n<div  class='av-buildercomment  av-blog-meta-html-info-disabled av-blog-meta-tag-disabled  '><\/div>\n","protected":false},"excerpt":{"rendered":"","protected":false},"author":1,"featured_media":46137,"comment_status":"open","ping_status":"open","sticky":false,"template":"","format":"standard","meta":{"footnotes":""},"categories":[49],"tags":[],"class_list":["post-46136","post","type-post","status-publish","format-standard","has-post-thumbnail","hentry","category-educacion"],"jetpack_featured_media_url":"https:\/\/radiorevelacionfm.cl\/wp-content\/uploads\/2024\/09\/publico3-1-1.jpg","_links":{"self":[{"href":"https:\/\/radiorevelacionfm.cl\/index.php?rest_route=\/wp\/v2\/posts\/46136","targetHints":{"allow":["GET"]}}],"collection":[{"href":"https:\/\/radiorevelacionfm.cl\/index.php?rest_route=\/wp\/v2\/posts"}],"about":[{"href":"https:\/\/radiorevelacionfm.cl\/index.php?rest_route=\/wp\/v2\/types\/post"}],"author":[{"embeddable":true,"href":"https:\/\/radiorevelacionfm.cl\/index.php?rest_route=\/wp\/v2\/users\/1"}],"replies":[{"embeddable":true,"href":"https:\/\/radiorevelacionfm.cl\/index.php?rest_route=%2Fwp%2Fv2%2Fcomments&post=46136"}],"version-history":[{"count":1,"href":"https:\/\/radiorevelacionfm.cl\/index.php?rest_route=\/wp\/v2\/posts\/46136\/revisions"}],"predecessor-version":[{"id":46138,"href":"https:\/\/radiorevelacionfm.cl\/index.php?rest_route=\/wp\/v2\/posts\/46136\/revisions\/46138"}],"wp:featuredmedia":[{"embeddable":true,"href":"https:\/\/radiorevelacionfm.cl\/index.php?rest_route=\/wp\/v2\/media\/46137"}],"wp:attachment":[{"href":"https:\/\/radiorevelacionfm.cl\/index.php?rest_route=%2Fwp%2Fv2%2Fmedia&parent=46136"}],"wp:term":[{"taxonomy":"category","embeddable":true,"href":"https:\/\/radiorevelacionfm.cl\/index.php?rest_route=%2Fwp%2Fv2%2Fcategories&post=46136"},{"taxonomy":"post_tag","embeddable":true,"href":"https:\/\/radiorevelacionfm.cl\/index.php?rest_route=%2Fwp%2Fv2%2Ftags&post=46136"}],"curies":[{"name":"wp","href":"https:\/\/api.w.org\/{rel}","templated":true}]}}