{"id":46133,"date":"2024-09-11T16:09:00","date_gmt":"2024-09-11T19:09:00","guid":{"rendered":"https:\/\/radiorevelacionfm.cl\/?p=46133"},"modified":"2024-09-11T16:09:00","modified_gmt":"2024-09-11T19:09:00","slug":"realizan-entrega-de-recursos-del-fondo-de-medios-de-comunicacion-a-diversos-medios-de-la-region-de-aysen","status":"publish","type":"post","link":"https:\/\/radiorevelacionfm.cl\/?p=46133","title":{"rendered":"Realizan entrega de recursos del Fondo de Medios de Comunicaci\u00f3n a diversos medios de la regi\u00f3n de Ays\u00e9n"},"content":{"rendered":"<div class=\"flex_column av_one_full  flex_column_div av-zero-column-padding first  avia-builder-el-0  el_before_av_one_full  avia-builder-el-first  \" style='border-radius:0px; '><div  class='avia-image-container  av-styling-    avia-builder-el-1  avia-builder-el-no-sibling  avia-align-center '  itemprop=\"image\" itemscope=\"itemscope\" itemtype=\"https:\/\/schema.org\/ImageObject\"  ><div class='avia-image-container-inner'><div class='avia-image-overlay-wrap'><img decoding=\"async\" class='wp-image-46134 avia-img-lazy-loading-not-46134 avia_image' src=\"https:\/\/radiorevelacionfm.cl\/wp-content\/uploads\/2024\/09\/FOTO-2-36-1-1.jpeg\" alt='' title='FOTO 2 (36) (1) (1)' height=\"600\" width=\"1067\"  itemprop=\"thumbnailUrl\" srcset=\"https:\/\/radiorevelacionfm.cl\/wp-content\/uploads\/2024\/09\/FOTO-2-36-1-1.jpeg 1067w, https:\/\/radiorevelacionfm.cl\/wp-content\/uploads\/2024\/09\/FOTO-2-36-1-1-300x169.jpeg 300w, https:\/\/radiorevelacionfm.cl\/wp-content\/uploads\/2024\/09\/FOTO-2-36-1-1-1030x579.jpeg 1030w, https:\/\/radiorevelacionfm.cl\/wp-content\/uploads\/2024\/09\/FOTO-2-36-1-1-768x432.jpeg 768w, https:\/\/radiorevelacionfm.cl\/wp-content\/uploads\/2024\/09\/FOTO-2-36-1-1-705x396.jpeg 705w, https:\/\/radiorevelacionfm.cl\/wp-content\/uploads\/2024\/09\/FOTO-2-36-1-1-450x253.jpeg 450w, https:\/\/radiorevelacionfm.cl\/wp-content\/uploads\/2024\/09\/FOTO-2-36-1-1-600x337.jpeg 600w\" sizes=\"(max-width: 1067px) 100vw, 1067px\" \/><\/div><\/div><\/div><\/div><div class=\"flex_column av_one_full  flex_column_div av-zero-column-padding first  avia-builder-el-2  el_after_av_one_full  el_before_av_one_full  column-top-margin\" style='border-radius:0px; '><section class=\"av_textblock_section \"  itemscope=\"itemscope\" itemtype=\"https:\/\/schema.org\/BlogPosting\" itemprop=\"blogPost\" ><div class='avia_textblock  '   itemprop=\"text\" ><p style=\"text-align: center;\"><strong><span style=\"font-size: 18pt;\">Realizan entrega de recursos del Fondo de Medios de Comunicaci\u00f3n a diversos medios de la regi\u00f3n de Ays\u00e9n<\/span><\/strong><\/p>\n<div id=\"gtx-trans\" style=\"position: absolute; left: -50px; top: 4.31534px;\">\n<div class=\"gtx-trans-icon\"><\/div>\n<\/div>\n<\/div><\/section><\/div><div class=\"flex_column av_one_full  flex_column_div av-zero-column-padding first  avia-builder-el-4  el_after_av_one_full  el_before_av_hr  column-top-margin\" style='border-radius:0px; '><section class=\"av_textblock_section \"  itemscope=\"itemscope\" itemtype=\"https:\/\/schema.org\/BlogPosting\" itemprop=\"blogPost\" ><div class='avia_textblock  '   itemprop=\"text\" ><p style=\"text-align: justify;\">En las oficinas de la Seremi de Gobierno, y con la presencia de diversos medios de comunicaci\u00f3n provenientes de las cuatro provincias de la regi\u00f3n de Ays\u00e9n, se llev\u00f3 a cabo la ceremonia de entrega de los recursos para el Fondo de Fomento Medios de Comunicaci\u00f3n Social, FFMCS, que el Ministerio Secretar\u00eda General de Gobierno entrega cada a\u00f1o a los medios de comunicaci\u00f3n, a nivel nacional.<\/p>\n<p style=\"text-align: justify;\">Durante la ceremonia estuvieron presentes un gran n\u00famero de representantes de medios de comunicaci\u00f3n que se adjudicaron el Fondo de Medios 2024, adem\u00e1s del seremi de Econom\u00eda, Felipe Rojas -en su calidad de integrante de la Comisi\u00f3n Evaluadora- y la encargada del FFMCS de la regi\u00f3n de Ays\u00e9n, Patricia Salas.<\/p>\n<p style=\"text-align: justify;\">\u201cLos medios de comunicaci\u00f3n son fundamentales en una regi\u00f3n tan amplia como Ays\u00e9n, y cada uno de los desaf\u00edos, de la radio, de la televisi\u00f3n, todo el mundo online que va emergiendo, es fundamental -a trav\u00e9s de estos fondos- poder fortalecer esas nuevas iniciativas que salen en los medios de comunicaci\u00f3n local\u201d expres\u00f3 el seremi de Econom\u00eda, Fomento y Turismo, Felipe Rojas, y recalc\u00f3 su rol en la comisi\u00f3n evaluadora de proyectos, enfatizando el trabajo constante y las conversaciones que tuvieron para dirimir diferencias de criterios respecto a los diversos proyectos que se presentaron. \u201cFue un trabajo muy concienzudo y muy claro en cada una de las personas que participaron en esta evaluaci\u00f3n. Uno sabe que hay proyectos que pudieron haber sido muy interesantes y ah\u00ed es donde, de alguna manera, tambi\u00e9n se est\u00e1 trabajando en la forma de apoyarlos\u201d, enfatiz\u00f3.<\/p>\n<p style=\"text-align: justify;\">Patricia Salas, encargada del Fondo de Fomento Medios de Comunicaci\u00f3n Social (FFMCS) de la regi\u00f3n de Ays\u00e9n, afirm\u00f3 que lo novedoso es que este a\u00f1o se aplic\u00f3 un criterio de territorialidad al momento de realizar la priorizaci\u00f3n de los proyectos. \u201cPrimero, los proyectos al ser evaluados, despu\u00e9s de sus notas y cumpliendo la nota m\u00ednima, pasaban a evaluarse por territorio. Son cuatro provincias y las bases dec\u00edan que eran tres proyectos por provincia. Es as\u00ed como cubrimos las cuatro provincias de la regi\u00f3n y, de las 10 comunas que tiene Ays\u00e9n, nueve fueron adjudicadas. La \u00fanica comuna que no postul\u00f3 fue Tortel\u201d manifest\u00f3. La encargada del fondo recalc\u00f3, adem\u00e1s, que este 2024 hubo 36 proyectos en la primera etapa de admisibilidad, y luego, en la etapa de evaluaci\u00f3n, quedaron adjudicados 26 proyectos, entre medios radiales, digitales y de tv. Tambi\u00e9n inform\u00f3 que quedaron 9 proyectos en lista de espera y que est\u00e1n aguardando a que lleguen recursos remanentes, a nivel nacional, para ver si es factible, con dicho remanente, adjudicar un par de proyectos de los que quedaron en lista de espera. \u201cEste a\u00f1o, a diferencia de otros a\u00f1os, cuando pasamos a la evaluaci\u00f3n del Core, la gobernadora regional de Ays\u00e9n y su consejo, acordaron financiar con recursos propios a todos los medios que quedaron en lista de espera, lo cual es una excelente noticia, ya que no quedar\u00e1 ning\u00fan medio sin ser adjudicado\u201d, declar\u00f3 Patricia Salas.<\/p>\n<p style=\"text-align: justify;\">Andrea Rosas, comunicadora social, quien estuvo presente en la ceremonia representando a la radio R\u00edo Pascua, de Villa O\u00b4Higgins y a radio Brisas del Sur de Islas Huichas, expres\u00f3 el honor y orgullo que ha significado para ella estar recibiendo el Fondo de Medios para dichas radios comunitarias. \u201cLa radio comunitaria es un trabajo que de verdad lleva un impulso social muy importante y que, adem\u00e1s, requiere de una cohesi\u00f3n social muy bonita, que es pr\u00e1cticamente, parte de la identidad de nuestras comunidades m\u00e1s apartadas\u201d, manifest\u00f3 la comunicadora social, subrayando el hecho de que ambos proyectos son bastante similares y lo que buscan financiar con este fondo de fomento es, justamente, la radio comunicaci\u00f3n comunitaria a trav\u00e9s de los informativos y a trav\u00e9s de la entrega de informaci\u00f3n local, debido a que las comunidades tienen mucho que decir y necesitan darse a conocer.<\/p>\n<p style=\"text-align: justify;\">\u201cSomos un medio digital online, que lleva cuatro a\u00f1os reci\u00e9n de funcionamiento, ya que comenzamos en pandemia. La postulaci\u00f3n a este fondo de medios me pareci\u00f3 espectacular, creo que son pocas, hoy d\u00eda, las posibilidades de poder adquirir un fondo de medios, tomando en cuenta tambi\u00e9n la brecha digital que existe en la regi\u00f3n de Ays\u00e9n. Claramente, este Fondo de Medios no viene a solucionar el problema, pero s\u00ed viene a entregar una herramienta, para poder hacer radio digital en nuestra regi\u00f3n y que se entrega cada a\u00f1o, como es el Fondo de Medios\u201d, declar\u00f3 C\u00e9sar Vidal, representante de radio Serran\u00eda de La Junta, quienes por primera vez se adjudicaron el Fondo de Fomento Medios de Comunicaci\u00f3n Social.<\/p>\n<p style=\"text-align: justify;\">El objetivo del Fondo de Fomento Medios de Comunicaci\u00f3n Social es financiar, en forma complementaria, proyectos relativos a la realizaci\u00f3n, edici\u00f3n y difusi\u00f3n de programas o suplementos de car\u00e1cter regional o local que refuercen el rol de la comunicaci\u00f3n en el desarrollo social y cultural de nuestro pa\u00eds, rescatando la identidad propia de cada regi\u00f3n, informando sobre su acontecer econ\u00f3mico, social y cultural, fortaleciendo los procesos y estrategias educacionales de cada zona.<\/p>\n<p style=\"text-align: justify;\">El monto asignado a la regi\u00f3n de Ays\u00e9n este a\u00f1o 2024 fue de $103.878.797. De los medios adjudicados, 18 fueron medios radiales, 5 medios digitales y 3 medios televisivos. En total, fueron 26 los medios adjudicados.<\/p>\n<\/div><\/section><\/div><div  style='height:50px' class='hr hr-invisible   avia-builder-el-6  el_after_av_one_full  el_before_av_social_share '><span class='hr-inner ' ><span class='hr-inner-style'><\/span><\/span><\/div><\/p>\n<div  class='av-social-sharing-box  avia-builder-el-7  el_after_av_hr  el_before_av_hr  '><div class='av-share-box'><h5 class='av-share-link-description av-no-toc '>Compartir esta noticia<\/h5><ul class='av-share-box-list noLightbox'><li class='av-share-link av-social-link-facebook' ><a target=\"_blank\" aria-label=\"Compartir en Facebook\" href='https:\/\/www.facebook.com\/sharer.php?u=https:\/\/radiorevelacionfm.cl\/?p=46133&#038;t=Realizan%20entrega%20de%20recursos%20del%20Fondo%20de%20Medios%20de%20Comunicaci%C3%B3n%20a%20diversos%20medios%20de%20la%20regi%C3%B3n%20de%20Ays%C3%A9n' aria-hidden='false' data-av_icon='\ue8f3' data-av_iconfont='entypo-fontello' title='' data-avia-related-tooltip='Compartir en Facebook' rel=\"noopener\"><span class='avia_hidden_link_text'>Compartir en Facebook<\/span><\/a><\/li><li class='av-share-link av-social-link-twitter' ><a target=\"_blank\" aria-label=\"Compartir en Twitter\" href='https:\/\/twitter.com\/share?text=Realizan%20entrega%20de%20recursos%20del%20Fondo%20de%20Medios%20de%20Comunicaci%C3%B3n%20a%20diversos%20medios%20de%20la%20regi%C3%B3n%20de%20Ays%C3%A9n&#038;url=https:\/\/radiorevelacionfm.cl\/?p=46133' aria-hidden='false' data-av_icon='\ue8f1' data-av_iconfont='entypo-fontello' title='' data-avia-related-tooltip='Compartir en Twitter' rel=\"noopener\"><span class='avia_hidden_link_text'>Compartir en Twitter<\/span><\/a><\/li><li class='av-share-link av-social-link-whatsapp' ><a target=\"_blank\" aria-label=\"Compartir en Whatsapp\" href='https:\/\/api.whatsapp.com\/send?text=https:\/\/radiorevelacionfm.cl\/?p=46133' aria-hidden='false' data-av_icon='\uf232' data-av_iconfont='entypo-fontello' title='' data-avia-related-tooltip='Compartir en Whatsapp' rel=\"noopener\"><span class='avia_hidden_link_text'>Compartir en Whatsapp<\/span><\/a><\/li><li class='av-share-link av-social-link-linkedin' ><a target=\"_blank\" aria-label=\"Compartir en LinkedIn\" href='https:\/\/linkedin.com\/shareArticle?mini=true&#038;title=Realizan%20entrega%20de%20recursos%20del%20Fondo%20de%20Medios%20de%20Comunicaci%C3%B3n%20a%20diversos%20medios%20de%20la%20regi%C3%B3n%20de%20Ays%C3%A9n&#038;url=https:\/\/radiorevelacionfm.cl\/?p=46133' aria-hidden='false' data-av_icon='\ue8fc' data-av_iconfont='entypo-fontello' title='' data-avia-related-tooltip='Compartir en LinkedIn' rel=\"noopener\"><span class='avia_hidden_link_text'>Compartir en LinkedIn<\/span><\/a><\/li><li class='av-share-link av-social-link-mail' ><a  aria-label=\"Compartir por correo\" href='mailto:?subject=Realizan%20entrega%20de%20recursos%20del%20Fondo%20de%20Medios%20de%20Comunicaci%C3%B3n%20a%20diversos%20medios%20de%20la%20regi%C3%B3n%20de%20Ays%C3%A9n&#038;body=https:\/\/radiorevelacionfm.cl\/?p=46133' aria-hidden='false' data-av_icon='\ue805' data-av_iconfont='entypo-fontello' title='' data-avia-related-tooltip='Compartir por correo'><span class='avia_hidden_link_text'>Compartir por correo<\/span><\/a><\/li><\/ul><\/div><\/div>\n<div  style='height:50px' class='hr hr-invisible   avia-builder-el-8  el_after_av_social_share  el_before_av_comments_list '><span class='hr-inner ' ><span class='hr-inner-style'><\/span><\/span><\/div>\n<div  class='av-buildercomment  av-blog-meta-html-info-disabled av-blog-meta-tag-disabled  '><\/div>\n","protected":false},"excerpt":{"rendered":"","protected":false},"author":1,"featured_media":46134,"comment_status":"open","ping_status":"open","sticky":false,"template":"","format":"standard","meta":{"footnotes":""},"categories":[38],"tags":[],"class_list":["post-46133","post","type-post","status-publish","format-standard","has-post-thumbnail","hentry","category-regional"],"jetpack_featured_media_url":"https:\/\/radiorevelacionfm.cl\/wp-content\/uploads\/2024\/09\/FOTO-2-36-1-1.jpeg","_links":{"self":[{"href":"https:\/\/radiorevelacionfm.cl\/index.php?rest_route=\/wp\/v2\/posts\/46133","targetHints":{"allow":["GET"]}}],"collection":[{"href":"https:\/\/radiorevelacionfm.cl\/index.php?rest_route=\/wp\/v2\/posts"}],"about":[{"href":"https:\/\/radiorevelacionfm.cl\/index.php?rest_route=\/wp\/v2\/types\/post"}],"author":[{"embeddable":true,"href":"https:\/\/radiorevelacionfm.cl\/index.php?rest_route=\/wp\/v2\/users\/1"}],"replies":[{"embeddable":true,"href":"https:\/\/radiorevelacionfm.cl\/index.php?rest_route=%2Fwp%2Fv2%2Fcomments&post=46133"}],"version-history":[{"count":1,"href":"https:\/\/radiorevelacionfm.cl\/index.php?rest_route=\/wp\/v2\/posts\/46133\/revisions"}],"predecessor-version":[{"id":46135,"href":"https:\/\/radiorevelacionfm.cl\/index.php?rest_route=\/wp\/v2\/posts\/46133\/revisions\/46135"}],"wp:featuredmedia":[{"embeddable":true,"href":"https:\/\/radiorevelacionfm.cl\/index.php?rest_route=\/wp\/v2\/media\/46134"}],"wp:attachment":[{"href":"https:\/\/radiorevelacionfm.cl\/index.php?rest_route=%2Fwp%2Fv2%2Fmedia&parent=46133"}],"wp:term":[{"taxonomy":"category","embeddable":true,"href":"https:\/\/radiorevelacionfm.cl\/index.php?rest_route=%2Fwp%2Fv2%2Fcategories&post=46133"},{"taxonomy":"post_tag","embeddable":true,"href":"https:\/\/radiorevelacionfm.cl\/index.php?rest_route=%2Fwp%2Fv2%2Ftags&post=46133"}],"curies":[{"name":"wp","href":"https:\/\/api.w.org\/{rel}","templated":true}]}}