{"id":4613,"date":"2021-05-28T11:15:46","date_gmt":"2021-05-28T14:15:46","guid":{"rendered":"https:\/\/radiorevelacionfm.cl\/?p=4613"},"modified":"2021-05-28T11:18:09","modified_gmt":"2021-05-28T14:18:09","slug":"sandoval-valoro-anuncio-de-ife-universal-aunque-considero-insuficientes-apoyos-para-las-pymes","status":"publish","type":"post","link":"https:\/\/radiorevelacionfm.cl\/?p=4613","title":{"rendered":"Sandoval valor\u00f3 anuncio de IFE universal aunque consider\u00f3 insuficientes apoyos para las Pymes"},"content":{"rendered":"<div class=\"flex_column av_one_full  flex_column_div av-zero-column-padding first  avia-builder-el-0  el_before_av_one_full  avia-builder-el-first  \" style='border-radius:0px; '><div  class='avia-image-container  av-styling-    avia-builder-el-1  avia-builder-el-no-sibling  avia-align-center '  itemprop=\"image\" itemscope=\"itemscope\" itemtype=\"https:\/\/schema.org\/ImageObject\"  ><div class='avia-image-container-inner'><div class='avia-image-overlay-wrap'><img decoding=\"async\" class='wp-image-0 avia-img-lazy-loading-not-0 avia_image' src=\"https:\/\/radiorevelacionfm.cl\/wp-content\/uploads\/2021\/05\/Senador-Sandoval6-1.jpg\" alt='' title=''   itemprop=\"thumbnailUrl\"  \/><\/div><\/div><\/div><\/div><div class=\"flex_column av_one_full  flex_column_div av-zero-column-padding first  avia-builder-el-2  el_after_av_one_full  el_before_av_one_full  column-top-margin\" style='border-radius:0px; '><section class=\"av_textblock_section \"  itemscope=\"itemscope\" itemtype=\"https:\/\/schema.org\/BlogPosting\" itemprop=\"blogPost\" ><div class='avia_textblock  '   itemprop=\"text\" ><p style=\"text-align: center;\"><strong><span style=\"font-size: 18pt;\">Sandoval valor\u00f3 anuncio de IFE universal aunque consider\u00f3 insuficientes apoyos para las Pymes<\/span><\/strong><\/p>\n<div id=\"gtx-trans\" style=\"position: absolute; left: -50px; top: 4.31534px;\">\n<div class=\"gtx-trans-icon\"><\/div>\n<\/div>\n<\/div><\/section><\/div><div class=\"flex_column av_one_full  flex_column_div av-zero-column-padding first  avia-builder-el-4  el_after_av_one_full  el_before_av_hr  column-top-margin\" style='border-radius:0px; '><section class=\"av_textblock_section \"  itemscope=\"itemscope\" itemtype=\"https:\/\/schema.org\/BlogPosting\" itemprop=\"blogPost\" ><div class='avia_textblock  '   itemprop=\"text\" ><p style=\"text-align: justify;\">\u201cSe valora sin duda la propuesta que hace el Gobierno para seguir atendiendo la situaci\u00f3n de emergencia sanitaria y los costos que esto ha llevado en la vida de las personas\u201d. De esta manera, el senador David Sandoval se refiri\u00f3 a los anuncios realizados por el Presidente Sebasti\u00e1n Pi\u00f1era, en el marco de la agenda de m\u00ednimos comunes para enfrentar la crisis.<\/p>\n<p style=\"text-align: justify;\">En particular, el parlamentario valor\u00f3 el impacto que tendr\u00e1 el nuevo Ingreso Familiar de Emergencia (IFE) universal, el cual propone un aporte adicional que sea entregado al 100% de la poblaci\u00f3n m\u00e1s vulnerable, seg\u00fan el Registro Social de Hogares -aumentando desde el 80% actual-. \u201cVa a significar un aporte equivalente a la l\u00ednea de la pobreza, con una inversi\u00f3n del Estado de US$ 2.800 millones mensuales, que se va a pagar por los meses de junio julio y agosto. Esto nos parece significativo\u201d, indic\u00f3.<\/p>\n<p style=\"text-align: justify;\">Sobre el apoyo a las Pymes, que significa un efecto fiscal superior a los US$ 120 millones, Sandoval lo considera un aporte pero que no es suficiente. \u201cLas pymes han estado privadas de muchos de los recursos, fruto del cierre a ra\u00edz de las resoluciones de la autoridad sanitaria en materia de cuarentenas y restricciones producto de la pandemia, e incluso a partir del estallido social. Espero que en el Senado, en el Congreso, se puedan hacer algunos perfeccionamientos al sistema\u201d, puntualiz\u00f3.<\/p>\n<p style=\"text-align: justify;\">Por otro lado, y desde el punto de vista pol\u00edtico, el senador Sandoval consider\u00f3 imprudentes las expresiones de la presidenta del Senado, Yasna Provoste, quien la noche de este mi\u00e9rcoles, se\u00f1al\u00f3 que los anuncios del Ejecutivo eran insuficientes. \u201cTiene que entender que es presidenta de una instituci\u00f3n, que representa a senadores y senadoras de uno y otro lado y en esa condici\u00f3n, el presidente (Sebasti\u00e1n Pi\u00f1era) la recibi\u00f3 para esta apertura de di\u00e1logo como presidenta del senado, no como Yansa Provoste senadora ni como eventual candidata presidencial. Uno podr\u00e1 estar en desacuerdo, pero las expresiones evidentemente tienen un car\u00e1cter que escapan de su rol como presidenta (del Senado)\u201d, cuestion\u00f3.<\/p>\n<p style=\"text-align: justify;\">En ese sentido, dijo que el tono \u201cno corresponde y lo que uno espera son expresiones a la altura de los momentos que estamos viviendo\u201d.<\/p>\n<p style=\"text-align: justify;\">Finalmente, el legislador espera que las iniciativas se tramiten lo m\u00e1s r\u00e1pido posible en el Congreso, considerando que este jueves el Ejecutivo ingres\u00f3 los proyectos de ley a la C\u00e1mara de Diputados, para que inicien su tramitaci\u00f3n legislativa.<\/p>\n<\/div><\/section><\/div><div  style='height:50px' class='hr hr-invisible   avia-builder-el-6  el_after_av_one_full  el_before_av_social_share '><span class='hr-inner ' ><span class='hr-inner-style'><\/span><\/span><\/div><\/p>\n<div  class='av-social-sharing-box  avia-builder-el-7  el_after_av_hr  el_before_av_hr  '><div class='av-share-box'><h5 class='av-share-link-description av-no-toc '>Compartir esta noticia<\/h5><ul class='av-share-box-list noLightbox'><li class='av-share-link av-social-link-facebook' ><a target=\"_blank\" aria-label=\"Compartir en Facebook\" href='https:\/\/www.facebook.com\/sharer.php?u=https:\/\/radiorevelacionfm.cl\/?p=4613&#038;t=Sandoval%20valor%C3%B3%20anuncio%20de%20IFE%20universal%20aunque%20consider%C3%B3%20insuficientes%20apoyos%20para%20las%20Pymes' aria-hidden='false' data-av_icon='\ue8f3' data-av_iconfont='entypo-fontello' title='' data-avia-related-tooltip='Compartir en Facebook' rel=\"noopener\"><span class='avia_hidden_link_text'>Compartir en Facebook<\/span><\/a><\/li><li class='av-share-link av-social-link-twitter' ><a target=\"_blank\" aria-label=\"Compartir en Twitter\" href='https:\/\/twitter.com\/share?text=Sandoval%20valor%C3%B3%20anuncio%20de%20IFE%20universal%20aunque%20consider%C3%B3%20insuficientes%20apoyos%20para%20las%20Pymes&#038;url=https:\/\/radiorevelacionfm.cl\/?p=4613' aria-hidden='false' data-av_icon='\ue8f1' data-av_iconfont='entypo-fontello' title='' data-avia-related-tooltip='Compartir en Twitter' rel=\"noopener\"><span class='avia_hidden_link_text'>Compartir en Twitter<\/span><\/a><\/li><li class='av-share-link av-social-link-whatsapp' ><a target=\"_blank\" aria-label=\"Compartir en Whatsapp\" href='https:\/\/api.whatsapp.com\/send?text=https:\/\/radiorevelacionfm.cl\/?p=4613' aria-hidden='false' data-av_icon='\uf232' data-av_iconfont='entypo-fontello' title='' data-avia-related-tooltip='Compartir en Whatsapp' rel=\"noopener\"><span class='avia_hidden_link_text'>Compartir en Whatsapp<\/span><\/a><\/li><li class='av-share-link av-social-link-linkedin' ><a target=\"_blank\" aria-label=\"Compartir en LinkedIn\" href='https:\/\/linkedin.com\/shareArticle?mini=true&#038;title=Sandoval%20valor%C3%B3%20anuncio%20de%20IFE%20universal%20aunque%20consider%C3%B3%20insuficientes%20apoyos%20para%20las%20Pymes&#038;url=https:\/\/radiorevelacionfm.cl\/?p=4613' aria-hidden='false' data-av_icon='\ue8fc' data-av_iconfont='entypo-fontello' title='' data-avia-related-tooltip='Compartir en LinkedIn' rel=\"noopener\"><span class='avia_hidden_link_text'>Compartir en LinkedIn<\/span><\/a><\/li><li class='av-share-link av-social-link-mail' ><a  aria-label=\"Compartir por correo\" href='mailto:?subject=Sandoval%20valor%C3%B3%20anuncio%20de%20IFE%20universal%20aunque%20consider%C3%B3%20insuficientes%20apoyos%20para%20las%20Pymes&#038;body=https:\/\/radiorevelacionfm.cl\/?p=4613' aria-hidden='false' data-av_icon='\ue805' data-av_iconfont='entypo-fontello' title='' data-avia-related-tooltip='Compartir por correo'><span class='avia_hidden_link_text'>Compartir por correo<\/span><\/a><\/li><\/ul><\/div><\/div>\n<div  style='height:50px' class='hr hr-invisible   avia-builder-el-8  el_after_av_social_share  el_before_av_comments_list '><span class='hr-inner ' ><span class='hr-inner-style'><\/span><\/span><\/div>\n<div  class='av-buildercomment  av-blog-meta-html-info-disabled av-blog-meta-tag-disabled  '><\/div>\n","protected":false},"excerpt":{"rendered":"","protected":false},"author":1,"featured_media":4635,"comment_status":"open","ping_status":"open","sticky":false,"template":"","format":"standard","meta":{"footnotes":""},"categories":[35],"tags":[],"class_list":["post-4613","post","type-post","status-publish","format-standard","has-post-thumbnail","hentry","category-politica"],"jetpack_featured_media_url":"https:\/\/radiorevelacionfm.cl\/wp-content\/uploads\/2021\/05\/Senador-Sandoval6-1-1.jpg","_links":{"self":[{"href":"https:\/\/radiorevelacionfm.cl\/index.php?rest_route=\/wp\/v2\/posts\/4613","targetHints":{"allow":["GET"]}}],"collection":[{"href":"https:\/\/radiorevelacionfm.cl\/index.php?rest_route=\/wp\/v2\/posts"}],"about":[{"href":"https:\/\/radiorevelacionfm.cl\/index.php?rest_route=\/wp\/v2\/types\/post"}],"author":[{"embeddable":true,"href":"https:\/\/radiorevelacionfm.cl\/index.php?rest_route=\/wp\/v2\/users\/1"}],"replies":[{"embeddable":true,"href":"https:\/\/radiorevelacionfm.cl\/index.php?rest_route=%2Fwp%2Fv2%2Fcomments&post=4613"}],"version-history":[{"count":1,"href":"https:\/\/radiorevelacionfm.cl\/index.php?rest_route=\/wp\/v2\/posts\/4613\/revisions"}],"predecessor-version":[{"id":4615,"href":"https:\/\/radiorevelacionfm.cl\/index.php?rest_route=\/wp\/v2\/posts\/4613\/revisions\/4615"}],"wp:featuredmedia":[{"embeddable":true,"href":"https:\/\/radiorevelacionfm.cl\/index.php?rest_route=\/wp\/v2\/media\/4635"}],"wp:attachment":[{"href":"https:\/\/radiorevelacionfm.cl\/index.php?rest_route=%2Fwp%2Fv2%2Fmedia&parent=4613"}],"wp:term":[{"taxonomy":"category","embeddable":true,"href":"https:\/\/radiorevelacionfm.cl\/index.php?rest_route=%2Fwp%2Fv2%2Fcategories&post=4613"},{"taxonomy":"post_tag","embeddable":true,"href":"https:\/\/radiorevelacionfm.cl\/index.php?rest_route=%2Fwp%2Fv2%2Ftags&post=4613"}],"curies":[{"name":"wp","href":"https:\/\/api.w.org\/{rel}","templated":true}]}}