{"id":46126,"date":"2024-09-16T11:43:12","date_gmt":"2024-09-16T14:43:12","guid":{"rendered":"https:\/\/radiorevelacionfm.cl\/?p=46126"},"modified":"2024-09-16T11:43:12","modified_gmt":"2024-09-16T14:43:12","slug":"que-el-18-no-te-pase-la-cuenta-como-disfrutar-sin-enfermarse","status":"publish","type":"post","link":"https:\/\/radiorevelacionfm.cl\/?p=46126","title":{"rendered":"Que el 18 no te pase la cuenta: c\u00f3mo disfrutar sin enfermarse"},"content":{"rendered":"<div class=\"flex_column av_one_full  flex_column_div av-zero-column-padding first  avia-builder-el-0  el_before_av_one_full  avia-builder-el-first  \" style='border-radius:0px; '><div  class='avia-image-container  av-styling-    avia-builder-el-1  avia-builder-el-no-sibling  avia-align-center '  itemprop=\"image\" itemscope=\"itemscope\" itemtype=\"https:\/\/schema.org\/ImageObject\"  ><div class='avia-image-container-inner'><div class='avia-image-overlay-wrap'><img decoding=\"async\" class='wp-image-46127 avia-img-lazy-loading-not-46127 avia_image' src=\"https:\/\/radiorevelacionfm.cl\/wp-content\/uploads\/2024\/09\/fiestas-patrias_comidas-1_optimized-1.jpg\" alt='' title='fiestas-patrias_comidas-(1)_optimized (1)' height=\"600\" width=\"800\"  itemprop=\"thumbnailUrl\" srcset=\"https:\/\/radiorevelacionfm.cl\/wp-content\/uploads\/2024\/09\/fiestas-patrias_comidas-1_optimized-1.jpg 800w, https:\/\/radiorevelacionfm.cl\/wp-content\/uploads\/2024\/09\/fiestas-patrias_comidas-1_optimized-1-300x225.jpg 300w, https:\/\/radiorevelacionfm.cl\/wp-content\/uploads\/2024\/09\/fiestas-patrias_comidas-1_optimized-1-768x576.jpg 768w, https:\/\/radiorevelacionfm.cl\/wp-content\/uploads\/2024\/09\/fiestas-patrias_comidas-1_optimized-1-705x529.jpg 705w, https:\/\/radiorevelacionfm.cl\/wp-content\/uploads\/2024\/09\/fiestas-patrias_comidas-1_optimized-1-450x338.jpg 450w, https:\/\/radiorevelacionfm.cl\/wp-content\/uploads\/2024\/09\/fiestas-patrias_comidas-1_optimized-1-600x450.jpg 600w\" sizes=\"(max-width: 800px) 100vw, 800px\" \/><\/div><\/div><\/div><\/div><div class=\"flex_column av_one_full  flex_column_div av-zero-column-padding first  avia-builder-el-2  el_after_av_one_full  el_before_av_one_full  column-top-margin\" style='border-radius:0px; '><section class=\"av_textblock_section \"  itemscope=\"itemscope\" itemtype=\"https:\/\/schema.org\/BlogPosting\" itemprop=\"blogPost\" ><div class='avia_textblock  '   itemprop=\"text\" ><p style=\"text-align: center;\"><span style=\"font-size: 18pt;\"><b>Que el 18 no te pase la cuenta: c\u00f3mo disfrutar sin enfermarse<\/b><\/span><\/p>\n<div id=\"gtx-trans\" style=\"position: absolute; left: -50px; top: 4.31534px;\">\n<div class=\"gtx-trans-icon\"><\/div>\n<\/div>\n<\/div><\/section><\/div><div class=\"flex_column av_one_full  flex_column_div av-zero-column-padding first  avia-builder-el-4  el_after_av_one_full  el_before_av_hr  column-top-margin\" style='border-radius:0px; '><section class=\"av_textblock_section \"  itemscope=\"itemscope\" itemtype=\"https:\/\/schema.org\/BlogPosting\" itemprop=\"blogPost\" ><div class='avia_textblock  '   itemprop=\"text\" ><p style=\"font-weight: 400; text-align: justify;\"><em>Este a\u00f1o ser\u00e1n varios d\u00edas de celebraciones donde la clave est\u00e1 en organizar la alimentaci\u00f3n, y evitar los excesos de comidas y bebidas. Los especialistas sugieren no sentir culpa, disfrutar y posteriormente no ser muy restrictivos con las dietas.<\/em><\/p>\n<p style=\"font-weight: 400; text-align: justify;\">Lleg\u00f3 septiembre y con \u00e9l las esperadas celebraciones de Fiestas Patrias, que este a\u00f1o se extender\u00e1n por cinco d\u00edas. El llamado de los especialistas de la salud es a la prevenci\u00f3n y autocuidado. Por ello, presentan los principales problemas que surgen en estas festividades y entregan recomendaciones de c\u00f3mo evitarlos.<\/p>\n<p style=\"font-weight: 400; text-align: justify;\"><strong><em>1. Comer y tomar en exceso<\/em><\/strong><\/p>\n<p style=\"font-weight: 400; text-align: justify;\">Seg\u00fan\u00a0Paulina Mella, nutricionista Cl\u00ednica D\u00e1vila Vespucio:\u00a0\u201cCuando nos enfrentamos a los alimentos durante estas fechas, estamos en un momento de ansiedad donde sumamos alcohol y restamos alimentos con fibra como frutas y ensaladas. Dejamos solo un plato de fondo con comidas m\u00e1s secas y condimentados como empanadas o chorip\u00e1n. Estos, adem\u00e1s, los comemos de manera r\u00e1pida, sin prestarles atenci\u00f3n y superando las porciones necesarias para el organismo\u201d.<\/p>\n<p style=\"font-weight: 400; text-align: justify;\">Este desorden, complementa\u00a0Carola Pantoja, nutricionista de Cl\u00ednica Biob\u00edo,\u00a0nos<strong>\u00a0<\/strong>puede llevar a sentir malestar estomacal, v\u00f3mitos, acidez, diarrea, dolor o calambres abdominales, adem\u00e1s de dolor de cabeza.<\/p>\n<p style=\"font-weight: 400; text-align: justify;\">Para evitarlo, afirma la profesional, ser\u00e1 clave la moderaci\u00f3n tanto en el consumo como en las porciones y en la frecuencia, sobre todo de aquellos alimentos altamente cal\u00f3ricos, ricos en grasas, az\u00facares y alcohol. \u201cDisfrutar solo una medida de cada preparaci\u00f3n, respetar horarios de comidas, adem\u00e1s de no realizar demasiadas mezclas\u201d, advierte.<\/p>\n<p style=\"font-weight: 400; text-align: justify;\"><strong>2. <em>Manipular mal los alimentos<\/em><\/strong><\/p>\n<p style=\"font-weight: 400; text-align: justify;\">Las intoxicaciones alimentarias se originan por ingerir un producto contaminado con alg\u00fan microorganismo (virus, bacteria, par\u00e1sito o toxina), lo que produce s\u00edntomas agudos generalmente de inicio brusco como dolor abdominal, diarreas, v\u00f3mitos o fiebre. Su periodo de incubaci\u00f3n es variable, ya que depende de la causa, por lo que puede ir de horas a d\u00edas.<\/p>\n<p style=\"font-weight: 400; text-align: justify;\">Por su parte, la Dra. Marina Becerra, gastroenter\u00f3loga de Cl\u00ednica D\u00e1vila, detalla con qu\u00e9 tipo de alimentos debemos tener m\u00e1s cuidado:<\/p>\n<ul style=\"font-weight: 400; text-align: justify;\">\n<li>La carne de res o de aves puede entrar en contacto con las bacterias normales de los intestinos de un animal que se est\u00e1 procesando.<\/li>\n<li>El agua que se utiliza durante el cultivo o embarque puede contener esti\u00e9rcol o desechos humanos, por lo que es importante lavar bien los vegetales y frutas.<\/li>\n<\/ul>\n<p style=\"font-weight: 400; text-align: justify;\">Para evitar cuadros de este tipo, la\u00a0Dra. Katherin Falck, directora de Calidad y Gesti\u00f3n de Riesgo de Help,\u00a0recomienda:<\/p>\n<ul style=\"font-weight: 400; text-align: justify;\">\n<li>Comprar en recintos con permisos sanitarios<\/li>\n<li>Transportar los alimentos crudos en un\u00a0<em>cooler<\/em>\u00a0hasta el momento de refrigerar<\/li>\n<li>Descongelar dentro del refrigerador, no a temperatura ambiente<\/li>\n<li>Lavarse las manos con agua y jab\u00f3n antes de cocinar, limpiando tambi\u00e9n las superficies<\/li>\n<li>No volver a usar aquellos utensilios que ocupamos para cortar alimentos crudos en los que ya est\u00e9n cocinados<\/li>\n<\/ul>\n<p style=\"font-weight: 400; text-align: justify;\"><strong>3. <em>Deshidratarse<\/em><\/strong><\/p>\n<p style=\"font-weight: 400; text-align: justify;\">\u201cNo olvidar hidratarse con agua o con l\u00edquidos que no contengan exceso de az\u00facar. En el caso de consumir alcohol que sea medido e, idealmente, licores que no aporten una gran cantidad de calor\u00edas como vino, espumante, cerveza, entre otros\u201d, dice\u00a0Lissette Duarte, nutricionista de Cl\u00ednica Santa Mar\u00eda.<\/p>\n<p><strong>4. <em>No sientas culpa<\/em><\/strong><\/p>\n<p style=\"font-weight: 400; text-align: justify;\">La\u00a0Dra. Susana Velasco, coordinadora del Centro Integral de Obesidad de Cl\u00ednica Ciudad del Mar, dice que disfrutar tambi\u00e9n es parte de mantener un estilo de vida saludable y equilibrado. \u201cSi un d\u00eda te sales de la dieta, no pasa nada. Si comiste algo delicioso, no te sientas culpable, pues nuestros h\u00e1bitos no se modifican en un solo d\u00eda. Hay que ser realista y ponerse metas que se puedan alcanzar d\u00eda a d\u00eda\u201d, asegura la experta.<\/p>\n<p style=\"font-weight: 400; text-align: justify;\">Posterior a las festividades, se\u00f1ala la Dra. Velasco, no debemos recurrir a dietas muy restrictivas, dejar de comer o hacer ejercicio en exceso. \u201cEn su lugar, retoma tu rutina de alimentaci\u00f3n y ejercicio con calma\u201d, finaliza.<\/p>\n<\/div><\/section><\/div><div  style='height:50px' class='hr hr-invisible   avia-builder-el-6  el_after_av_one_full  el_before_av_social_share '><span class='hr-inner ' ><span class='hr-inner-style'><\/span><\/span><\/div><\/p>\n<div  class='av-social-sharing-box  avia-builder-el-7  el_after_av_hr  el_before_av_hr  '><div class='av-share-box'><h5 class='av-share-link-description av-no-toc '>Compartir esta noticia<\/h5><ul class='av-share-box-list noLightbox'><li class='av-share-link av-social-link-facebook' ><a target=\"_blank\" aria-label=\"Compartir en Facebook\" href='https:\/\/www.facebook.com\/sharer.php?u=https:\/\/radiorevelacionfm.cl\/?p=46126&#038;t=Que%20el%2018%20no%20te%20pase%20la%20cuenta%3A%20c%C3%B3mo%20disfrutar%20sin%20enfermarse' aria-hidden='false' data-av_icon='\ue8f3' data-av_iconfont='entypo-fontello' title='' data-avia-related-tooltip='Compartir en Facebook' rel=\"noopener\"><span class='avia_hidden_link_text'>Compartir en Facebook<\/span><\/a><\/li><li class='av-share-link av-social-link-twitter' ><a target=\"_blank\" aria-label=\"Compartir en Twitter\" href='https:\/\/twitter.com\/share?text=Que%20el%2018%20no%20te%20pase%20la%20cuenta%3A%20c%C3%B3mo%20disfrutar%20sin%20enfermarse&#038;url=https:\/\/radiorevelacionfm.cl\/?p=46126' aria-hidden='false' data-av_icon='\ue8f1' data-av_iconfont='entypo-fontello' title='' data-avia-related-tooltip='Compartir en Twitter' rel=\"noopener\"><span class='avia_hidden_link_text'>Compartir en Twitter<\/span><\/a><\/li><li class='av-share-link av-social-link-whatsapp' ><a target=\"_blank\" aria-label=\"Compartir en Whatsapp\" href='https:\/\/api.whatsapp.com\/send?text=https:\/\/radiorevelacionfm.cl\/?p=46126' aria-hidden='false' data-av_icon='\uf232' data-av_iconfont='entypo-fontello' title='' data-avia-related-tooltip='Compartir en Whatsapp' rel=\"noopener\"><span class='avia_hidden_link_text'>Compartir en Whatsapp<\/span><\/a><\/li><li class='av-share-link av-social-link-linkedin' ><a target=\"_blank\" aria-label=\"Compartir en LinkedIn\" href='https:\/\/linkedin.com\/shareArticle?mini=true&#038;title=Que%20el%2018%20no%20te%20pase%20la%20cuenta%3A%20c%C3%B3mo%20disfrutar%20sin%20enfermarse&#038;url=https:\/\/radiorevelacionfm.cl\/?p=46126' aria-hidden='false' data-av_icon='\ue8fc' data-av_iconfont='entypo-fontello' title='' data-avia-related-tooltip='Compartir en LinkedIn' rel=\"noopener\"><span class='avia_hidden_link_text'>Compartir en LinkedIn<\/span><\/a><\/li><li class='av-share-link av-social-link-mail' ><a  aria-label=\"Compartir por correo\" href='mailto:?subject=Que%20el%2018%20no%20te%20pase%20la%20cuenta%3A%20c%C3%B3mo%20disfrutar%20sin%20enfermarse&#038;body=https:\/\/radiorevelacionfm.cl\/?p=46126' aria-hidden='false' data-av_icon='\ue805' data-av_iconfont='entypo-fontello' title='' data-avia-related-tooltip='Compartir por correo'><span class='avia_hidden_link_text'>Compartir por correo<\/span><\/a><\/li><\/ul><\/div><\/div>\n<div  style='height:50px' class='hr hr-invisible   avia-builder-el-8  el_after_av_social_share  el_before_av_comments_list '><span class='hr-inner ' ><span class='hr-inner-style'><\/span><\/span><\/div>\n<div  class='av-buildercomment  av-blog-meta-html-info-disabled av-blog-meta-tag-disabled  '><\/div>\n","protected":false},"excerpt":{"rendered":"","protected":false},"author":1,"featured_media":46127,"comment_status":"open","ping_status":"open","sticky":false,"template":"","format":"standard","meta":{"footnotes":""},"categories":[61],"tags":[],"class_list":["post-46126","post","type-post","status-publish","format-standard","has-post-thumbnail","hentry","category-nacional"],"jetpack_featured_media_url":"https:\/\/radiorevelacionfm.cl\/wp-content\/uploads\/2024\/09\/fiestas-patrias_comidas-1_optimized-1.jpg","_links":{"self":[{"href":"https:\/\/radiorevelacionfm.cl\/index.php?rest_route=\/wp\/v2\/posts\/46126","targetHints":{"allow":["GET"]}}],"collection":[{"href":"https:\/\/radiorevelacionfm.cl\/index.php?rest_route=\/wp\/v2\/posts"}],"about":[{"href":"https:\/\/radiorevelacionfm.cl\/index.php?rest_route=\/wp\/v2\/types\/post"}],"author":[{"embeddable":true,"href":"https:\/\/radiorevelacionfm.cl\/index.php?rest_route=\/wp\/v2\/users\/1"}],"replies":[{"embeddable":true,"href":"https:\/\/radiorevelacionfm.cl\/index.php?rest_route=%2Fwp%2Fv2%2Fcomments&post=46126"}],"version-history":[{"count":1,"href":"https:\/\/radiorevelacionfm.cl\/index.php?rest_route=\/wp\/v2\/posts\/46126\/revisions"}],"predecessor-version":[{"id":46128,"href":"https:\/\/radiorevelacionfm.cl\/index.php?rest_route=\/wp\/v2\/posts\/46126\/revisions\/46128"}],"wp:featuredmedia":[{"embeddable":true,"href":"https:\/\/radiorevelacionfm.cl\/index.php?rest_route=\/wp\/v2\/media\/46127"}],"wp:attachment":[{"href":"https:\/\/radiorevelacionfm.cl\/index.php?rest_route=%2Fwp%2Fv2%2Fmedia&parent=46126"}],"wp:term":[{"taxonomy":"category","embeddable":true,"href":"https:\/\/radiorevelacionfm.cl\/index.php?rest_route=%2Fwp%2Fv2%2Fcategories&post=46126"},{"taxonomy":"post_tag","embeddable":true,"href":"https:\/\/radiorevelacionfm.cl\/index.php?rest_route=%2Fwp%2Fv2%2Ftags&post=46126"}],"curies":[{"name":"wp","href":"https:\/\/api.w.org\/{rel}","templated":true}]}}