{"id":46121,"date":"2024-09-11T12:04:09","date_gmt":"2024-09-11T15:04:09","guid":{"rendered":"https:\/\/radiorevelacionfm.cl\/?p=46121"},"modified":"2024-09-11T12:04:09","modified_gmt":"2024-09-11T15:04:09","slug":"proyecto-fia-infor-promueve-cultivo-de-hongos-comestibles-con-emprendedores-de-aysen","status":"publish","type":"post","link":"https:\/\/radiorevelacionfm.cl\/?p=46121","title":{"rendered":"Proyecto FIA-INFOR promueve cultivo de hongos comestibles con emprendedores de Ays\u00e9n"},"content":{"rendered":"<div class=\"flex_column av_one_full  flex_column_div av-zero-column-padding first  avia-builder-el-0  el_before_av_one_full  avia-builder-el-first  \" style='border-radius:0px; '><div  class='avia-image-container  av-styling-    avia-builder-el-1  avia-builder-el-no-sibling  avia-align-center '  itemprop=\"image\" itemscope=\"itemscope\" itemtype=\"https:\/\/schema.org\/ImageObject\"  ><div class='avia-image-container-inner'><div class='avia-image-overlay-wrap'><img decoding=\"async\" class='wp-image-46124 avia-img-lazy-loading-not-46124 avia_image' src=\"https:\/\/radiorevelacionfm.cl\/wp-content\/uploads\/2024\/09\/WhatsApp-Image-2024-09-10-at-5.59.46-PM-1-1.jpeg\" alt='' title='WhatsApp Image 2024-09-10 at 5.59.46 PM (1) (1)' height=\"600\" width=\"833\"  itemprop=\"thumbnailUrl\" srcset=\"https:\/\/radiorevelacionfm.cl\/wp-content\/uploads\/2024\/09\/WhatsApp-Image-2024-09-10-at-5.59.46-PM-1-1.jpeg 833w, https:\/\/radiorevelacionfm.cl\/wp-content\/uploads\/2024\/09\/WhatsApp-Image-2024-09-10-at-5.59.46-PM-1-1-300x216.jpeg 300w, https:\/\/radiorevelacionfm.cl\/wp-content\/uploads\/2024\/09\/WhatsApp-Image-2024-09-10-at-5.59.46-PM-1-1-768x553.jpeg 768w, https:\/\/radiorevelacionfm.cl\/wp-content\/uploads\/2024\/09\/WhatsApp-Image-2024-09-10-at-5.59.46-PM-1-1-705x508.jpeg 705w, https:\/\/radiorevelacionfm.cl\/wp-content\/uploads\/2024\/09\/WhatsApp-Image-2024-09-10-at-5.59.46-PM-1-1-450x324.jpeg 450w, https:\/\/radiorevelacionfm.cl\/wp-content\/uploads\/2024\/09\/WhatsApp-Image-2024-09-10-at-5.59.46-PM-1-1-600x432.jpeg 600w\" sizes=\"(max-width: 833px) 100vw, 833px\" \/><\/div><\/div><\/div><\/div>\n<div class=\"flex_column av_one_full  flex_column_div av-zero-column-padding first  avia-builder-el-2  el_after_av_one_full  el_before_av_one_full  column-top-margin\" style='border-radius:0px; '><section class=\"av_textblock_section \"  itemscope=\"itemscope\" itemtype=\"https:\/\/schema.org\/BlogPosting\" itemprop=\"blogPost\" ><div class='avia_textblock  '   itemprop=\"text\" ><p style=\"text-align: center;\"><strong><span style=\"font-size: 18pt;\">Proyecto FIA-INFOR promueve cultivo de hongos comestibles con emprendedores de Ays\u00e9n<\/span><\/strong><\/p>\n<div id=\"gtx-trans\" style=\"position: absolute; left: -50px; top: 4.31534px;\">\n<div class=\"gtx-trans-icon\"><\/div>\n<\/div>\n<\/div><\/section><\/div>\n<div class=\"flex_column av_one_full  flex_column_div av-zero-column-padding first  avia-builder-el-4  el_after_av_one_full  el_before_av_hr  column-top-margin\" style='border-radius:0px; '><section class=\"av_textblock_section \"  itemscope=\"itemscope\" itemtype=\"https:\/\/schema.org\/BlogPosting\" itemprop=\"blogPost\" ><div class='avia_textblock  '   itemprop=\"text\" ><p style=\"text-align: justify;\"><em>El piloto \u00abTransferencia y adopci\u00f3n de innovaciones vinculadas al cultivo de hongos silvestres comestibles\u00bb, impulsado por la agencia FIA y ejecutado por INFOR del Ministerio de Agricultura, busca la diversificaci\u00f3n productiva sostenible en la Agricultura Familiar Campesina (AFC).<\/em><\/p>\n<p style=\"text-align: justify;\">En el coraz\u00f3n de la Patagonia, una iniciativa innovadora est\u00e1 llevando la magia de los hongos comestibles a los hogares de la regi\u00f3n. Mediante una serie de talleres virtuales y en terreno, los y las participantes han podido acercarse al fascinante mundo -fungi-hongos-, aprendiendo no s\u00f3lo sobre su cultivo, sino tambi\u00e9n sobre su producci\u00f3n y comercializaci\u00f3n.<\/p>\n<p style=\"text-align: justify;\">Esta iniciativa se desarrolla en el marco del programa estrat\u00e9gico de la agencia FIA (Fundaci\u00f3n para la Innovaci\u00f3n Agraria) \u00abAdopci\u00f3n de Innovaciones\u00bb y ha permitido a las comunidades locales descubrir la diversidad de hongos que se pueden cultivar en la regi\u00f3n, conociendo su importancia ecol\u00f3gica y nutricional. Adem\u00e1s, el proyecto est\u00e1 fomentando la econom\u00eda local al capacitar a nuevos emprendimientos, integrando saberes tradicionales con t\u00e9cnicas modernas de cultivo.<\/p>\n<p style=\"text-align: justify;\">Respecto al piloto, el Seremi de Agricultura, Eugenio Ruiz, expres\u00f3 su satisfacci\u00f3n, por cuanto pone especial \u00e9nfasis en la agricultura familiar campesina. \u00abEste programa permiti\u00f3 apoyar y entregar herramientas a 20 personas productoras de 7 comunas de la regi\u00f3n, quienes est\u00e1n vinculadas al cultivo de hongos silvestres comestibles\u00bb, se\u00f1al\u00f3.<\/p>\n<p style=\"text-align: justify;\">Por su parte, el gerente de INFOR Patagonia, Jaime Salinas, destac\u00f3 que, como entidad del Ministerio de Agricultura llevan m\u00e1s de 20 a\u00f1os dedicados a la investigaci\u00f3n y transferencia tecnol\u00f3gica en productos forestales no madereros (PFNM), incluyendo hongos comestibles. En este contexto, se\u00f1al\u00f3 que \u00abhemos desarrollado proyectos de investigaci\u00f3n y producci\u00f3n para capacitar a recolectores y recolectoras de la regi\u00f3n de Ays\u00e9n en la producci\u00f3n de hongos silvestres comestibles en condiciones controladas.\u00bb<\/p>\n<p style=\"text-align: justify;\">INNOVACI\u00d3N AGROALIMENTARIA: PARA CONSUMIR Y COMERCIALIZAR<\/p>\n<p style=\"text-align: justify;\">Aunque la participaci\u00f3n en los talleres ha sido limitada, puesto que la convocatoria proviene del grupo de participantes de una gira tecnol\u00f3gica impulsada por FIA en el a\u00f1o 2023, las instituciones organizadoras conf\u00edan en que sea un primer paso para desarrollar iniciativas que se extiendan por toda la regi\u00f3n. La colaboraci\u00f3n entre INFOR, FIA y la empresa Fungi Austral SpA, ha resaltado la importancia de los conocimientos tradicionales presentes en la comunidad, combin\u00e1ndolos con la innovaci\u00f3n.<\/p>\n<p style=\"text-align: justify;\">Para la representante regional de FIA en Ays\u00e9n, Deysi Rubilar, la experiencia ha sido muy valiosa, especialmente porque para la agencia es fundamental mejorar las competencias de las productoras y productores, para fomentar la producci\u00f3n de hongos silvestres comestibles,. As\u00ed, dijo, velamos por la soberan\u00eda y seguridad alimentaria. \u00abComo FIA, estamos muy contentos con el inter\u00e9s que ha mostrado la comunidad, en su mayor\u00eda mujeres, quienes est\u00e1n entusiasmadas con el aprendizaje que est\u00e1n adquiriendo. Estos espacios no solo permiten el encuentro entre las personas, sino que tambi\u00e9n abren un futuro productivo para las distintas vocaciones que existen en la comunidad,\u00bb afirm\u00f3.<\/p>\n<p style=\"text-align: justify;\">CULTIVO DE HONGOS OSTRA: UNA EXPERIENCIA \u00daNICA<\/p>\n<p style=\"text-align: justify;\">Como parte del proyecto piloto, se realiz\u00f3 un taller pr\u00e1ctico en la localidad de La Junta, en Coyhaique y Cochrane, enfocado en el cultivo en bolsas de hongos agaricus (Pleurotus ostreatus), m\u00e1s conocido como hongo ostra. Pr\u00f3ximamente, quienes participen aprender\u00e1n a inocular hongos comestibles en bosques nativos productivos.<\/p>\n<p style=\"text-align: justify;\">De esta forma, cada asistente aprendi\u00f3 a cultivarlos en sus propios hogares utilizando micelio preparado en laboratorio, adem\u00e1s de recibir un kit completo para la producci\u00f3n de hongos ostra en casa. Esto inclu\u00eda una caja pl\u00e1stica, una bolsa de sustrato, in\u00f3culo de hongo ostra, un termohigr\u00f3metro y un calefactor.<\/p>\n<p style=\"text-align: justify;\">Con estos materiales y el conocimiento adquirido en el taller, cada participante podr\u00e1 cultivar este superalimento, rico en vitaminas, fibra, antioxidantes y prote\u00ednas de alta calidad, adem\u00e1s de ser bajo en grasas y colesterol.<\/p>\n<p style=\"text-align: justify;\">Dinelly Soto, participante del piloto, es recolectora de hongos silvestres comestibles y divulgadora cient\u00edfica del reino fungi. Valor\u00f3 la importancia de conocer los m\u00e9todos de cultivo de las distintas especies de hongos comestibles con profesionales de la misma regi\u00f3n. \u00abSi bien es un piloto, es bueno para partir y conocer, para luego expandirse a otras personas que est\u00e9n interesadas\u00bb. Agreg\u00f3 que \u00abhay mucho intereses en los hongos comestibles, pero tambi\u00e9n hay algunos que pueden resultar muy perjudiciales, as\u00ed es que partir con especies conocidas como hongo ostra, es super bueno\u00bb.<\/p>\n<p style=\"text-align: justify;\">Finalmente Laura Allap\u00e1n, otra participante que lleg\u00f3 desde el sector Valle Mirta de La Junta, dijo que la invitaron al taller y que \u00able pareci\u00f3 muy interesante la manera de cultivar el hongo artificialmente, porque solo conoc\u00eda el que es natural. Este me pareci\u00f3 genial\u00bb.<\/p>\n<\/div><\/section><\/div><div  style='height:50px' class='hr hr-invisible   avia-builder-el-6  el_after_av_one_full  el_before_av_social_share '><span class='hr-inner ' ><span class='hr-inner-style'><\/span><\/span><\/div><\/p>\n<div  class='av-social-sharing-box  avia-builder-el-7  el_after_av_hr  el_before_av_hr  '><div class='av-share-box'><h5 class='av-share-link-description av-no-toc '>Compartir esta noticia<\/h5><ul class='av-share-box-list noLightbox'><li class='av-share-link av-social-link-facebook' ><a target=\"_blank\" aria-label=\"Compartir en Facebook\" href='https:\/\/www.facebook.com\/sharer.php?u=https:\/\/radiorevelacionfm.cl\/?p=46121&#038;t=Proyecto%20FIA-INFOR%20promueve%20cultivo%20de%20hongos%20comestibles%20con%20emprendedores%20de%20Ays%C3%A9n' aria-hidden='false' data-av_icon='\ue8f3' data-av_iconfont='entypo-fontello' title='' data-avia-related-tooltip='Compartir en Facebook' rel=\"noopener\"><span class='avia_hidden_link_text'>Compartir en Facebook<\/span><\/a><\/li><li class='av-share-link av-social-link-twitter' ><a target=\"_blank\" aria-label=\"Compartir en Twitter\" href='https:\/\/twitter.com\/share?text=Proyecto%20FIA-INFOR%20promueve%20cultivo%20de%20hongos%20comestibles%20con%20emprendedores%20de%20Ays%C3%A9n&#038;url=https:\/\/radiorevelacionfm.cl\/?p=46121' aria-hidden='false' data-av_icon='\ue8f1' data-av_iconfont='entypo-fontello' title='' data-avia-related-tooltip='Compartir en Twitter' rel=\"noopener\"><span class='avia_hidden_link_text'>Compartir en Twitter<\/span><\/a><\/li><li class='av-share-link av-social-link-whatsapp' ><a target=\"_blank\" aria-label=\"Compartir en Whatsapp\" href='https:\/\/api.whatsapp.com\/send?text=https:\/\/radiorevelacionfm.cl\/?p=46121' aria-hidden='false' data-av_icon='\uf232' data-av_iconfont='entypo-fontello' title='' data-avia-related-tooltip='Compartir en Whatsapp' rel=\"noopener\"><span class='avia_hidden_link_text'>Compartir en Whatsapp<\/span><\/a><\/li><li class='av-share-link av-social-link-linkedin' ><a target=\"_blank\" aria-label=\"Compartir en LinkedIn\" href='https:\/\/linkedin.com\/shareArticle?mini=true&#038;title=Proyecto%20FIA-INFOR%20promueve%20cultivo%20de%20hongos%20comestibles%20con%20emprendedores%20de%20Ays%C3%A9n&#038;url=https:\/\/radiorevelacionfm.cl\/?p=46121' aria-hidden='false' data-av_icon='\ue8fc' data-av_iconfont='entypo-fontello' title='' data-avia-related-tooltip='Compartir en LinkedIn' rel=\"noopener\"><span class='avia_hidden_link_text'>Compartir en LinkedIn<\/span><\/a><\/li><li class='av-share-link av-social-link-mail' ><a  aria-label=\"Compartir por correo\" href='mailto:?subject=Proyecto%20FIA-INFOR%20promueve%20cultivo%20de%20hongos%20comestibles%20con%20emprendedores%20de%20Ays%C3%A9n&#038;body=https:\/\/radiorevelacionfm.cl\/?p=46121' aria-hidden='false' data-av_icon='\ue805' data-av_iconfont='entypo-fontello' title='' data-avia-related-tooltip='Compartir por correo'><span class='avia_hidden_link_text'>Compartir por correo<\/span><\/a><\/li><\/ul><\/div><\/div>\n<div  style='height:50px' class='hr hr-invisible   avia-builder-el-8  el_after_av_social_share  el_before_av_comments_list '><span class='hr-inner ' ><span class='hr-inner-style'><\/span><\/span><\/div>\n<div  class='av-buildercomment  av-blog-meta-html-info-disabled av-blog-meta-tag-disabled  '><\/div>\n","protected":false},"excerpt":{"rendered":"","protected":false},"author":1,"featured_media":46124,"comment_status":"open","ping_status":"open","sticky":false,"template":"","format":"standard","meta":{"footnotes":""},"categories":[38],"tags":[],"class_list":["post-46121","post","type-post","status-publish","format-standard","has-post-thumbnail","hentry","category-regional"],"jetpack_featured_media_url":"https:\/\/radiorevelacionfm.cl\/wp-content\/uploads\/2024\/09\/WhatsApp-Image-2024-09-10-at-5.59.46-PM-1-1.jpeg","_links":{"self":[{"href":"https:\/\/radiorevelacionfm.cl\/index.php?rest_route=\/wp\/v2\/posts\/46121","targetHints":{"allow":["GET"]}}],"collection":[{"href":"https:\/\/radiorevelacionfm.cl\/index.php?rest_route=\/wp\/v2\/posts"}],"about":[{"href":"https:\/\/radiorevelacionfm.cl\/index.php?rest_route=\/wp\/v2\/types\/post"}],"author":[{"embeddable":true,"href":"https:\/\/radiorevelacionfm.cl\/index.php?rest_route=\/wp\/v2\/users\/1"}],"replies":[{"embeddable":true,"href":"https:\/\/radiorevelacionfm.cl\/index.php?rest_route=%2Fwp%2Fv2%2Fcomments&post=46121"}],"version-history":[{"count":3,"href":"https:\/\/radiorevelacionfm.cl\/index.php?rest_route=\/wp\/v2\/posts\/46121\/revisions"}],"predecessor-version":[{"id":46129,"href":"https:\/\/radiorevelacionfm.cl\/index.php?rest_route=\/wp\/v2\/posts\/46121\/revisions\/46129"}],"wp:featuredmedia":[{"embeddable":true,"href":"https:\/\/radiorevelacionfm.cl\/index.php?rest_route=\/wp\/v2\/media\/46124"}],"wp:attachment":[{"href":"https:\/\/radiorevelacionfm.cl\/index.php?rest_route=%2Fwp%2Fv2%2Fmedia&parent=46121"}],"wp:term":[{"taxonomy":"category","embeddable":true,"href":"https:\/\/radiorevelacionfm.cl\/index.php?rest_route=%2Fwp%2Fv2%2Fcategories&post=46121"},{"taxonomy":"post_tag","embeddable":true,"href":"https:\/\/radiorevelacionfm.cl\/index.php?rest_route=%2Fwp%2Fv2%2Ftags&post=46121"}],"curies":[{"name":"wp","href":"https:\/\/api.w.org\/{rel}","templated":true}]}}