{"id":46115,"date":"2024-09-11T21:38:13","date_gmt":"2024-09-12T00:38:13","guid":{"rendered":"https:\/\/radiorevelacionfm.cl\/?p=46115"},"modified":"2024-09-11T21:38:13","modified_gmt":"2024-09-12T00:38:13","slug":"jovenes-de-la-region-participan-en-taller-ciudades-sostenibles-conversemos-nuestra-ciudad","status":"publish","type":"post","link":"https:\/\/radiorevelacionfm.cl\/?p=46115","title":{"rendered":"J\u00f3venes de la regi\u00f3n participan en taller Ciudades Sostenibles: conversemos nuestra ciudad"},"content":{"rendered":"<div class=\"flex_column av_one_full  flex_column_div av-zero-column-padding first  avia-builder-el-0  el_before_av_one_full  avia-builder-el-first  \" style='border-radius:0px; '><div  class='avia-image-container  av-styling-    avia-builder-el-1  avia-builder-el-no-sibling  avia-align-center '  itemprop=\"image\" itemscope=\"itemscope\" itemtype=\"https:\/\/schema.org\/ImageObject\"  ><div class='avia-image-container-inner'><div class='avia-image-overlay-wrap'><img decoding=\"async\" class='wp-image-46116 avia-img-lazy-loading-not-46116 avia_image' src=\"https:\/\/radiorevelacionfm.cl\/wp-content\/uploads\/2024\/09\/20240910_124032861_ios-1_optimized-1.jpg\" alt='' title='20240910_124032861_ios-(1)_optimized (1)' height=\"600\" width=\"1161\"  itemprop=\"thumbnailUrl\" srcset=\"https:\/\/radiorevelacionfm.cl\/wp-content\/uploads\/2024\/09\/20240910_124032861_ios-1_optimized-1.jpg 1161w, https:\/\/radiorevelacionfm.cl\/wp-content\/uploads\/2024\/09\/20240910_124032861_ios-1_optimized-1-300x155.jpg 300w, https:\/\/radiorevelacionfm.cl\/wp-content\/uploads\/2024\/09\/20240910_124032861_ios-1_optimized-1-1030x532.jpg 1030w, https:\/\/radiorevelacionfm.cl\/wp-content\/uploads\/2024\/09\/20240910_124032861_ios-1_optimized-1-768x397.jpg 768w, https:\/\/radiorevelacionfm.cl\/wp-content\/uploads\/2024\/09\/20240910_124032861_ios-1_optimized-1-705x364.jpg 705w, https:\/\/radiorevelacionfm.cl\/wp-content\/uploads\/2024\/09\/20240910_124032861_ios-1_optimized-1-450x233.jpg 450w, https:\/\/radiorevelacionfm.cl\/wp-content\/uploads\/2024\/09\/20240910_124032861_ios-1_optimized-1-600x310.jpg 600w\" sizes=\"(max-width: 1161px) 100vw, 1161px\" \/><\/div><\/div><\/div><\/div><div class=\"flex_column av_one_full  flex_column_div av-zero-column-padding first  avia-builder-el-2  el_after_av_one_full  el_before_av_one_full  column-top-margin\" style='border-radius:0px; '><section class=\"av_textblock_section \"  itemscope=\"itemscope\" itemtype=\"https:\/\/schema.org\/BlogPosting\" itemprop=\"blogPost\" ><div class='avia_textblock  '   itemprop=\"text\" ><p style=\"text-align: center;\"><strong><span style=\"font-size: 18pt;\">J\u00f3venes de la regi\u00f3n participan en taller Ciudades Sostenibles: conversemos nuestra ciudad<\/span><\/strong><\/p>\n<div id=\"gtx-trans\" style=\"position: absolute; left: -50px; top: 4.31534px;\">\n<div class=\"gtx-trans-icon\"><\/div>\n<\/div>\n<\/div><\/section><\/div><div class=\"flex_column av_one_full  flex_column_div av-zero-column-padding first  avia-builder-el-4  el_after_av_one_full  el_before_av_hr  column-top-margin\" style='border-radius:0px; '><section class=\"av_textblock_section \"  itemscope=\"itemscope\" itemtype=\"https:\/\/schema.org\/BlogPosting\" itemprop=\"blogPost\" ><div class='avia_textblock  '   itemprop=\"text\" ><p style=\"text-align: justify;\">J\u00f3venes de los liceos San Felipe, Josefina Aguirre Montenegro, Polit\u00e9cnico de Puerto Ays\u00e9n, Escuela Baquedano y C.E.I.A Josefina Mendez, asistieron a la convocatoria realizada por la Mesa Ays\u00e9n de la Pol\u00edtica Nacional de Educaci\u00f3n para el Desarrollo Sustentable PNEDS, para sumarse al conversatorio \u201cCiudades Sostenibles: Conversemos nuestra ciudad\u201d.<\/p>\n<p style=\"text-align: justify;\">La actividad se enmarca en la gesti\u00f3n de la mesa Interinstitucional PNEDS, que en la regi\u00f3n de Ays\u00e9n re\u00fane a 21 instituciones p\u00fablicas, privadas y organizaciones de la sociedad civil, que a\u00f1o a a\u00f1o promueven buenas pr\u00e1cticas ambientales. El tema de trabajo que la mesa se ha planteado para el a\u00f1o 2024 es la Agenda 2030: Objetivos de Desarrollo Sustentable ODS acotando, en esta oportunidad, el enfoque hacia el ODS 11, Ciudades y comunidades sostenibles.<\/p>\n<p style=\"text-align: justify;\">\u201cHablar sobre ciudades sostenibles, nos habla de las oportunidades de mejora para avanzar, por ejemplo, en una mirada m\u00e1s regenerativa y por supuesto, tambi\u00e9n como la sostenibilidad se entiende en las ciudades. El trabajo que se va haciendo tanto desde los participantes como quienes de alguna manera trabajan en esta mesa, nos permite tambi\u00e9n avanzar en que las brechas que abordemos las podamos trabajar en conjunto, y eso es lo que queremos hacer, el presidente Gabriel Boric lo plante\u00f3 en su discurso: el desarrollo justo, resiliente, sostenible es parte del trabajo que estamos haciendo y como Ministerio el Medio Ambiente estamos comprometidos con aquello\u201d, declar\u00f3 el Seremi del Medio Ambiente, Yoal D\u00edaz, en quien recae la secretar\u00eda ejecutiva de la mesa.<\/p>\n<p style=\"text-align: justify;\">El conversatorio inici\u00f3 con el saludo de la concejala Ana Mar\u00eda Navarrete, en representaci\u00f3n del Municipio de Coyhaique quien durante este periodo preside la mesa PNEDS, as\u00ed tambi\u00e9n el delegado presidencial regional Rodrigo Araya se dirigi\u00f3 a las y los j\u00f3venes presentes recalcando la importancia de las nuevas generaciones en la acci\u00f3n para la triple crisis clim\u00e1tica, de contaminaci\u00f3n y p\u00e9rdida de biodiversidad.<\/p>\n<p style=\"text-align: justify;\">Luego se dio inicio a la charla Director Ejecutivo de Corporaci\u00f3n Ciudades, Mart\u00edn Andrade, con la ponencia: \u201cCiudades Sostenibles y los desaf\u00edos para la Regi\u00f3n\u201d, destacando los resultados del estudio y trabajo previo realizado en Ays\u00e9n \u201cnosotros muy contentos como Corporaci\u00f3n Ciudades de estar nuevamente aqu\u00ed presente en esta ciudad y poder compartir con tantos j\u00f3venes y poder invitarlos a so\u00f1ar sobre el Coyhaique del futuro. Hoy d\u00eda estuvimos haciendo una presentaci\u00f3n que se bas\u00f3 en poder tratar de resumir el proceso de acuerdo de ciudad que realizamos hace dos a\u00f1os atr\u00e1s, donde podemos sintetizar los principales desaf\u00edos, las principales iniciativas que se priorizaron para poder tratar de llevar a Coyhaique a ser un referente del punto de vista de un modelo de sostenibilidad\u201d, explic\u00f3 Andrade.<\/p>\n<p style=\"text-align: justify;\">Adem\u00e1s, las estudiantes del curso Territorios III de trabajo social de la Universidad de Ays\u00e9n, Ana Alc\u00e1zar y Tatiana P\u00e9rez del curso presentaron un resumen del an\u00e1lisis que realizaron en torno a los conceptos de ciudad y sostenibilidad \u201cAbordamos las preguntas de \u00bfQu\u00e9 entendemos por sostenibilidad? \u00bfCu\u00e1les son las falencias que se encuentran en la ciudad? que deben ser correspondientes a c\u00f3mo la ciudad puede ir avanzando en pro de desarrollo m\u00e1s sostenible en el tiempo\u201d, relat\u00f3 Alc\u00e1zar mientras que su compa\u00f1era Tatiana destac\u00f3 \u201clo principal es la permanencia, que no se pase a llevar la cultura, las tradiciones, el arraigo que hay en la regi\u00f3n y sobre todo el desarrollo de estrategias co-creadas con la comunidad, con la poblaci\u00f3n\u201d.<\/p>\n<p style=\"text-align: justify;\">Desde la audiencia, la profesora Liceo Josefina Aguirre Montenegro, Paulina Torres agradeci\u00f3 la instancia \u201cFeliz de que nos hayan invitado a esta iniciativa que ten\u00edamos pendiente. Nosotros fuimos parte de una de las actividades con el conversatorio ciudad sostenible, as\u00ed que estamos aqu\u00ed bien interesados en ver estos resultados que nos est\u00e1n compartiendo (\u2026) ahora vamos con el conversatorio final y ver cu\u00e1les son nuestras opiniones de nuestros estudiantes que en realidad son el presente y futuro de todo esto. Todo esto es para ellos, no por nosotros\u201d.<\/p>\n<p style=\"text-align: justify;\">La segunda parte de la jornada consisti\u00f3 en un taller en donde se socializ\u00f3 parte del trabajo previo solicitado a diversos establecimientos educacionales, en torno a la reflexi\u00f3n de las \u00e1reas del desarrollo que deben considerarse para una Ciudad Sostenible, c\u00f3mo se abordan actualmente en las ciudades de Ays\u00e9n y cu\u00e1l es el ideal que sue\u00f1an para cada una de sus ciudades.<\/p>\n<p style=\"text-align: justify;\"><strong>Estrategia Nacional de Implementaci\u00f3n de la Agenda 2030<\/strong><\/p>\n<p style=\"text-align: justify;\">La actividad se encuentra adem\u00e1s en sinton\u00eda con la Agenda 2030, que representa un llamado a la acci\u00f3n en favor de un futuro justo, sostenible y equitativo y en el marco de su estrategia de implementaci\u00f3n, la regi\u00f3n de Ays\u00e9n \u2013 durante el a\u00f1o 2024 \u2013 ser\u00e1 piloto para la implementaci\u00f3n de un consejo de articulaci\u00f3n regional de la Agenda 2030 (ODS).<\/p>\n<p style=\"text-align: justify;\">El Consejo Nacional para la Implementaci\u00f3n de la Agenda 2030 defini\u00f3 como elemento base para la estrategia un proceso participativo que considerara consultas ciudadanas en todas las regiones del pa\u00eds (Di\u00e1logos Regionales por la Sostenibilidad), instancia que en Ays\u00e9n tuvo lugar en noviembre 2022 enfoc\u00e1ndose en a 3 temas centrales: ambiental, econ\u00f3mico y social. La informaci\u00f3n recopilada se organiz\u00f3 en torno a los cinco ejes de acci\u00f3n de la Agenda 2030: Personas, Planeta, Prosperidad, Paz, Justicia e Instituciones s\u00f3lidas, y Alianzas.<\/p>\n<\/div><\/section><\/div><div  style='height:50px' class='hr hr-invisible   avia-builder-el-6  el_after_av_one_full  el_before_av_social_share '><span class='hr-inner ' ><span class='hr-inner-style'><\/span><\/span><\/div><\/p>\n<div  class='av-social-sharing-box  avia-builder-el-7  el_after_av_hr  el_before_av_hr  '><div class='av-share-box'><h5 class='av-share-link-description av-no-toc '>Compartir esta noticia<\/h5><ul class='av-share-box-list noLightbox'><li class='av-share-link av-social-link-facebook' ><a target=\"_blank\" aria-label=\"Compartir en Facebook\" href='https:\/\/www.facebook.com\/sharer.php?u=https:\/\/radiorevelacionfm.cl\/?p=46115&#038;t=J%C3%B3venes%20de%20la%20regi%C3%B3n%20participan%20en%20taller%20Ciudades%20Sostenibles%3A%20conversemos%20nuestra%20ciudad' aria-hidden='false' data-av_icon='\ue8f3' data-av_iconfont='entypo-fontello' title='' data-avia-related-tooltip='Compartir en Facebook' rel=\"noopener\"><span class='avia_hidden_link_text'>Compartir en Facebook<\/span><\/a><\/li><li class='av-share-link av-social-link-twitter' ><a target=\"_blank\" aria-label=\"Compartir en Twitter\" href='https:\/\/twitter.com\/share?text=J%C3%B3venes%20de%20la%20regi%C3%B3n%20participan%20en%20taller%20Ciudades%20Sostenibles%3A%20conversemos%20nuestra%20ciudad&#038;url=https:\/\/radiorevelacionfm.cl\/?p=46115' aria-hidden='false' data-av_icon='\ue8f1' data-av_iconfont='entypo-fontello' title='' data-avia-related-tooltip='Compartir en Twitter' rel=\"noopener\"><span class='avia_hidden_link_text'>Compartir en Twitter<\/span><\/a><\/li><li class='av-share-link av-social-link-whatsapp' ><a target=\"_blank\" aria-label=\"Compartir en Whatsapp\" href='https:\/\/api.whatsapp.com\/send?text=https:\/\/radiorevelacionfm.cl\/?p=46115' aria-hidden='false' data-av_icon='\uf232' data-av_iconfont='entypo-fontello' title='' data-avia-related-tooltip='Compartir en Whatsapp' rel=\"noopener\"><span class='avia_hidden_link_text'>Compartir en Whatsapp<\/span><\/a><\/li><li class='av-share-link av-social-link-linkedin' ><a target=\"_blank\" aria-label=\"Compartir en LinkedIn\" href='https:\/\/linkedin.com\/shareArticle?mini=true&#038;title=J%C3%B3venes%20de%20la%20regi%C3%B3n%20participan%20en%20taller%20Ciudades%20Sostenibles%3A%20conversemos%20nuestra%20ciudad&#038;url=https:\/\/radiorevelacionfm.cl\/?p=46115' aria-hidden='false' data-av_icon='\ue8fc' data-av_iconfont='entypo-fontello' title='' data-avia-related-tooltip='Compartir en LinkedIn' rel=\"noopener\"><span class='avia_hidden_link_text'>Compartir en LinkedIn<\/span><\/a><\/li><li class='av-share-link av-social-link-mail' ><a  aria-label=\"Compartir por correo\" href='mailto:?subject=J%C3%B3venes%20de%20la%20regi%C3%B3n%20participan%20en%20taller%20Ciudades%20Sostenibles%3A%20conversemos%20nuestra%20ciudad&#038;body=https:\/\/radiorevelacionfm.cl\/?p=46115' aria-hidden='false' data-av_icon='\ue805' data-av_iconfont='entypo-fontello' title='' data-avia-related-tooltip='Compartir por correo'><span class='avia_hidden_link_text'>Compartir por correo<\/span><\/a><\/li><\/ul><\/div><\/div>\n<div  style='height:50px' class='hr hr-invisible   avia-builder-el-8  el_after_av_social_share  el_before_av_comments_list '><span class='hr-inner ' ><span class='hr-inner-style'><\/span><\/span><\/div>\n<div  class='av-buildercomment  av-blog-meta-html-info-disabled av-blog-meta-tag-disabled  '><\/div>\n","protected":false},"excerpt":{"rendered":"","protected":false},"author":1,"featured_media":46116,"comment_status":"open","ping_status":"open","sticky":false,"template":"","format":"standard","meta":{"footnotes":""},"categories":[39],"tags":[],"class_list":["post-46115","post","type-post","status-publish","format-standard","has-post-thumbnail","hentry","category-medio-ambiente"],"jetpack_featured_media_url":"https:\/\/radiorevelacionfm.cl\/wp-content\/uploads\/2024\/09\/20240910_124032861_ios-1_optimized-1.jpg","_links":{"self":[{"href":"https:\/\/radiorevelacionfm.cl\/index.php?rest_route=\/wp\/v2\/posts\/46115","targetHints":{"allow":["GET"]}}],"collection":[{"href":"https:\/\/radiorevelacionfm.cl\/index.php?rest_route=\/wp\/v2\/posts"}],"about":[{"href":"https:\/\/radiorevelacionfm.cl\/index.php?rest_route=\/wp\/v2\/types\/post"}],"author":[{"embeddable":true,"href":"https:\/\/radiorevelacionfm.cl\/index.php?rest_route=\/wp\/v2\/users\/1"}],"replies":[{"embeddable":true,"href":"https:\/\/radiorevelacionfm.cl\/index.php?rest_route=%2Fwp%2Fv2%2Fcomments&post=46115"}],"version-history":[{"count":1,"href":"https:\/\/radiorevelacionfm.cl\/index.php?rest_route=\/wp\/v2\/posts\/46115\/revisions"}],"predecessor-version":[{"id":46117,"href":"https:\/\/radiorevelacionfm.cl\/index.php?rest_route=\/wp\/v2\/posts\/46115\/revisions\/46117"}],"wp:featuredmedia":[{"embeddable":true,"href":"https:\/\/radiorevelacionfm.cl\/index.php?rest_route=\/wp\/v2\/media\/46116"}],"wp:attachment":[{"href":"https:\/\/radiorevelacionfm.cl\/index.php?rest_route=%2Fwp%2Fv2%2Fmedia&parent=46115"}],"wp:term":[{"taxonomy":"category","embeddable":true,"href":"https:\/\/radiorevelacionfm.cl\/index.php?rest_route=%2Fwp%2Fv2%2Fcategories&post=46115"},{"taxonomy":"post_tag","embeddable":true,"href":"https:\/\/radiorevelacionfm.cl\/index.php?rest_route=%2Fwp%2Fv2%2Ftags&post=46115"}],"curies":[{"name":"wp","href":"https:\/\/api.w.org\/{rel}","templated":true}]}}