{"id":46112,"date":"2024-09-11T10:03:43","date_gmt":"2024-09-11T13:03:43","guid":{"rendered":"https:\/\/radiorevelacionfm.cl\/?p=46112"},"modified":"2024-09-11T10:14:43","modified_gmt":"2024-09-11T13:14:43","slug":"pesquera-friosur-de-aysen-invierte-12-000-millones-en-nuevo-pesquero-de-altamar-y-en-ampliacion-de-planta-de-puerto-chacabuco","status":"publish","type":"post","link":"https:\/\/radiorevelacionfm.cl\/?p=46112","title":{"rendered":"Pesquera Friosur de Ays\u00e9n invierte $12.000 millones en nuevo pesquero de altamar y en ampliaci\u00f3n de planta de Puerto Chacabuco"},"content":{"rendered":"<div class=\"flex_column av_one_full  flex_column_div av-zero-column-padding first  avia-builder-el-0  el_before_av_one_full  avia-builder-el-first  \" style='border-radius:0px; '><div  class='avia-image-container  av-styling-    avia-builder-el-1  avia-builder-el-no-sibling  avia-align-center '  itemprop=\"image\" itemscope=\"itemscope\" itemtype=\"https:\/\/schema.org\/ImageObject\"  ><div class='avia-image-container-inner'><div class='avia-image-overlay-wrap'><img decoding=\"async\" class='wp-image-46119 avia-img-lazy-loading-not-46119 avia_image' src=\"https:\/\/radiorevelacionfm.cl\/wp-content\/uploads\/2024\/09\/image001-3-1-1.jpg\" alt='' title='image001 (3) (1) (1)' height=\"600\" width=\"814\"  itemprop=\"thumbnailUrl\" srcset=\"https:\/\/radiorevelacionfm.cl\/wp-content\/uploads\/2024\/09\/image001-3-1-1.jpg 814w, https:\/\/radiorevelacionfm.cl\/wp-content\/uploads\/2024\/09\/image001-3-1-1-300x221.jpg 300w, https:\/\/radiorevelacionfm.cl\/wp-content\/uploads\/2024\/09\/image001-3-1-1-768x566.jpg 768w, https:\/\/radiorevelacionfm.cl\/wp-content\/uploads\/2024\/09\/image001-3-1-1-705x520.jpg 705w, https:\/\/radiorevelacionfm.cl\/wp-content\/uploads\/2024\/09\/image001-3-1-1-450x332.jpg 450w, https:\/\/radiorevelacionfm.cl\/wp-content\/uploads\/2024\/09\/image001-3-1-1-600x442.jpg 600w\" sizes=\"(max-width: 814px) 100vw, 814px\" \/><\/div><\/div><\/div><\/div><div class=\"flex_column av_one_full  flex_column_div av-zero-column-padding first  avia-builder-el-2  el_after_av_one_full  el_before_av_one_full  column-top-margin\" style='border-radius:0px; '><section class=\"av_textblock_section \"  itemscope=\"itemscope\" itemtype=\"https:\/\/schema.org\/BlogPosting\" itemprop=\"blogPost\" ><div class='avia_textblock  '   itemprop=\"text\" ><p style=\"text-align: center;\"><span style=\"font-size: 18pt;\"><b>Pesquera Friosur de Ays\u00e9n invierte $12.000 millones en nuevo\u00a0pesquero de altamar y en ampliaci\u00f3n de planta de Puerto Chacabuco<\/b><\/span><\/p>\n<div id=\"gtx-trans\" style=\"position: absolute; left: -50px; top: 4.31534px;\">\n<div class=\"gtx-trans-icon\"><\/div>\n<\/div>\n<\/div><\/section><\/div><\/p>\n<div class=\"flex_column av_one_full  flex_column_div av-zero-column-padding first  avia-builder-el-4  el_after_av_one_full  el_before_av_hr  column-top-margin\" style='border-radius:0px; '><section class=\"av_textblock_section \"  itemscope=\"itemscope\" itemtype=\"https:\/\/schema.org\/BlogPosting\" itemprop=\"blogPost\" ><div class='avia_textblock  '   itemprop=\"text\" ><p class=\"v1MsoNormal\" style=\"text-align: justify;\" align=\"center\"><em>Jos\u00e9 Luis del R\u00edo, Presidente de Friosur, destac\u00f3 que \u00aba\u00fan en tiempos de incertidumbre, queremos seguir invirtiendo en Ays\u00e9n\u00bb.<\/em><\/p>\n<p class=\"v1MsoNormal\" style=\"text-align: justify;\">Pesquera Friosur, fundada en 1985 y donde sus trabajadores participan en el 20% de la propiedad a trav\u00e9s de una cooperativa, anunci\u00f3 inversiones por $12.000 millones en el nuevo barco pesquero de altamar Friosur XI de 56 metros de eslora y en la ampliaci\u00f3n de la planta de Puerto Chacabuco.<\/p>\n<p class=\"v1MsoNormal\" style=\"text-align: justify;\">En la ceremonia de incorporaci\u00f3n del barco Friosur XI, Jos\u00e9 Luis del R\u00edo, presidente de la Compa\u00f1\u00eda, dijo que \u00abestas inversiones son una muestra real del compromiso de Friosur, de sus accionistas, de sus trabajadores, de su cooperativa, por seguir aportando al desarrollo sustentable de Ays\u00e9n, cuidando su gente y sus recursos marinos. Somos uno de los principales generadores de actividad y empleo privado en esta querida, lejana y aislada regi\u00f3n. Por lo mismo, a\u00fan en tiempos de incertidumbre, queremos seguir invirtiendo en Ays\u00e9n\u00bb.<\/p>\n<p class=\"v1MsoNormal\" style=\"text-align: justify;\">Del R\u00edo agreg\u00f3 que \u00abFriosur tiene una clara vocaci\u00f3n hist\u00f3rica por la preservaci\u00f3n de los recursos marinos de las aguas australes, con t\u00e9cnicas selectivas y tecnolog\u00edas de \u00faltima generaci\u00f3n que evitan tocar o da\u00f1ar los fondos marinos. Estas inversiones son estrat\u00e9gicas para mejorar los procesos productivos, asegurar la competitividad, los m\u00e1s altos est\u00e1ndares de calidad y el desarrollo productivo de Ays\u00e9n\u00bb.<\/p>\n<p class=\"v1MsoNormal\" style=\"text-align: justify;\">A la ceremonia realizada en Puerto Chacabuco asistieron destacados l\u00edderes de la industria pesquera, parlamentarios y autoridades regionales, entre los que se encontraban el senador David Sandoval, los diputados Marcia Raphael y Miguel \u00c1ngel Calisto, la Gobernadora Regional\u00a0Andrea Mac\u00edas\u00a0y el Delegado Presidencial\u00a0Rodrigo Araya.<\/p>\n<p class=\"v1MsoNormal\" style=\"text-align: justify;\"><b>Autoridades y\u00a0trabajadores apoyan inversi\u00f3n y advierten por nueva ley de pesca<\/b><\/p>\n<p class=\"v1MsoNormal\" style=\"text-align: justify;\">El senador David Sandoval destac\u00f3 que \u00abAys\u00e9n lleva d\u00e9cadas con bajo crecimiento y eso nos est\u00e1 condenando. No podemos depender solo de la inversi\u00f3n p\u00fablica, que es relevante pero no genera los empleos de calidad que necesitamos en la regi\u00f3n\u00bb.<\/p>\n<p class=\"v1MsoNormal\" style=\"text-align: justify;\">La diputada Marcia Raphael agreg\u00f3 que \u00abes fundamental que tengamos industrias que apuesten por nuestra regi\u00f3n, especialmente en un contexto donde los \u00edndices de crecimiento son negativos y prevalece la preocupaci\u00f3n por la pasividad econ\u00f3mica\u00bb.<\/p>\n<p class=\"v1MsoNormal\" style=\"text-align: justify;\">La Gobernadora Regional de Ays\u00e9n, Andrea Mac\u00edas, dijo que \u00abno se puede hacer una ley de pesca que no mire las caracter\u00edsticas que tiene cada uno de los territorios. Sabemos que una mala ley o una ley con una articulaci\u00f3n que no sea la adecuada pone en riesgo, finalmente, la sostenibilidad de este trabajo en la Regi\u00f3n de Ays\u00e9n\u00bb.<\/p>\n<p class=\"v1MsoNormal\" style=\"text-align: justify;\">Rub\u00e9n Leal, director de Friosur y representante de la cooperativa de trabajadores, afirm\u00f3 que \u00abla cooperativa est\u00e1 aportando recursos a estas inversiones porque estamos comprometidos con el futuro de la pesca en esta pr\u00edstina y lejana Ays\u00e9n, que es una pesca donde los pescadores y los ayseninos estamos unidos\u00bb.<\/p>\n<p class=\"v1MsoNormal\" style=\"text-align: justify;\">Respecto de la ley de pesca, Leal dijo que \u00abestamos confiados en que el gobierno y los parlamentarios van a reconocer y respetar los acuerdos y consensos pesqueros que tenemos en Ays\u00e9n. Vivimos en una zona lejana y aislada, donde no estamos disponibles para experimentos de la zona central. Necesitamos estabilidad y reglas claras para poder seguir haciendo pesca sostenible, la misma que venimos haciendo con buenos resultados desde hace casi 40 a\u00f1os\u00bb.<\/p>\n<p class=\"v1MsoNormal\" style=\"text-align: justify;\">Mariano Villa, presidente de la Cooperativa de Trabajadores de Friosur y dirigente sindical, afirm\u00f3 que \u00abno estamos de acuerdo con un proyecto de ley que elimine los derechos de pesca en Ays\u00e9n. Apoyamos cuotas plenamente transferibles como la mejor forma de fomentar la competencia. Los recursos de nuestra regi\u00f3n deben ser gestionados por empresas y talento regional, no por productores extranjeros. Vamos a seguir defendiendo nuestro trabajo, nuestra inversi\u00f3n y nuestra vida en Ays\u00e9n\u00bb.<\/p>\n<p class=\"v1MsoNormal\" style=\"text-align: justify;\"><b>Nuevas inversiones y Reporte de Sostenibilidad<\/b><\/p>\n<p class=\"v1MsoNormal\" style=\"text-align: justify;\">El gerente general de la pesquera, Pablo Suf\u00e1n, dijo que \u00abla instalaci\u00f3n de un t\u00fanel de congelaci\u00f3n continuo para productos de mayor valor agregado en la planta de Puerto Chacabuco reforzar\u00e1 la venta de nuestros productos congelados, desde la Patagonia de Ays\u00e9n en el mercado chileno, y aumentar\u00e1 nuestro potencial exportador de productos sustentables desde esta regi\u00f3n\u00bb.<\/p>\n<p class=\"v1MsoNormal\" style=\"text-align: justify;\">En la ceremonia, tambi\u00e9n se public\u00f3 el Reporte de Sostenibilidad de Friosur. Al respecto, la Gobernadora Regional de Ays\u00e9n, Andrea Mac\u00edas, dijo que\u00a0\u00abFriosur ha sido un pilar fundamental en el desarrollo econ\u00f3mico de Ays\u00e9n. La llegada del Friosur XI y la presentaci\u00f3n de este Reporte de Sostenibilidad confirman el liderazgo de la empresa en la pesca responsable y en la creaci\u00f3n de valor para la comunidad\u00bb.<\/p>\n<p class=\"v1MsoNormal\" style=\"text-align: justify;\">La actividad concluy\u00f3 con la firma de un convenio de colaboraci\u00f3n con el\u00a0<b>CFT Estatal de Ays\u00e9n<\/b>, un paso que subraya la importancia de la educaci\u00f3n t\u00e9cnica en el desarrollo regional. Este acuerdo busca contribuir al fortalecimiento de las capacidades locales, preparando a las nuevas generaciones para enfrentar los desaf\u00edos del futuro.<\/p>\n<\/div><\/section><\/div>\n<div  style='height:50px' class='hr hr-invisible   avia-builder-el-6  el_after_av_one_full  el_before_av_social_share '><span class='hr-inner ' ><span class='hr-inner-style'><\/span><\/span><\/div>\n<div  class='av-social-sharing-box  avia-builder-el-7  el_after_av_hr  el_before_av_hr  '><div class='av-share-box'><h5 class='av-share-link-description av-no-toc '>Compartir esta noticia<\/h5><ul class='av-share-box-list noLightbox'><li class='av-share-link av-social-link-facebook' ><a target=\"_blank\" aria-label=\"Compartir en Facebook\" href='https:\/\/www.facebook.com\/sharer.php?u=https:\/\/radiorevelacionfm.cl\/?p=46112&#038;t=Pesquera%20Friosur%20de%20Ays%C3%A9n%20invierte%20%2412.000%20millones%20en%20nuevo%20pesquero%20de%20altamar%20y%20en%20ampliaci%C3%B3n%20de%20planta%20de%20Puerto%20Chacabuco' aria-hidden='false' data-av_icon='\ue8f3' data-av_iconfont='entypo-fontello' title='' data-avia-related-tooltip='Compartir en Facebook' rel=\"noopener\"><span class='avia_hidden_link_text'>Compartir en Facebook<\/span><\/a><\/li><li class='av-share-link av-social-link-twitter' ><a target=\"_blank\" aria-label=\"Compartir en Twitter\" href='https:\/\/twitter.com\/share?text=Pesquera%20Friosur%20de%20Ays%C3%A9n%20invierte%20%2412.000%20millones%20en%20nuevo%20pesquero%20de%20altamar%20y%20en%20ampliaci%C3%B3n%20de%20planta%20de%20Puerto%20Chacabuco&#038;url=https:\/\/radiorevelacionfm.cl\/?p=46112' aria-hidden='false' data-av_icon='\ue8f1' data-av_iconfont='entypo-fontello' title='' data-avia-related-tooltip='Compartir en Twitter' rel=\"noopener\"><span class='avia_hidden_link_text'>Compartir en Twitter<\/span><\/a><\/li><li class='av-share-link av-social-link-whatsapp' ><a target=\"_blank\" aria-label=\"Compartir en Whatsapp\" href='https:\/\/api.whatsapp.com\/send?text=https:\/\/radiorevelacionfm.cl\/?p=46112' aria-hidden='false' data-av_icon='\uf232' data-av_iconfont='entypo-fontello' title='' data-avia-related-tooltip='Compartir en Whatsapp' rel=\"noopener\"><span class='avia_hidden_link_text'>Compartir en Whatsapp<\/span><\/a><\/li><li class='av-share-link av-social-link-linkedin' ><a target=\"_blank\" aria-label=\"Compartir en LinkedIn\" href='https:\/\/linkedin.com\/shareArticle?mini=true&#038;title=Pesquera%20Friosur%20de%20Ays%C3%A9n%20invierte%20%2412.000%20millones%20en%20nuevo%20pesquero%20de%20altamar%20y%20en%20ampliaci%C3%B3n%20de%20planta%20de%20Puerto%20Chacabuco&#038;url=https:\/\/radiorevelacionfm.cl\/?p=46112' aria-hidden='false' data-av_icon='\ue8fc' data-av_iconfont='entypo-fontello' title='' data-avia-related-tooltip='Compartir en LinkedIn' rel=\"noopener\"><span class='avia_hidden_link_text'>Compartir en LinkedIn<\/span><\/a><\/li><li class='av-share-link av-social-link-mail' ><a  aria-label=\"Compartir por correo\" href='mailto:?subject=Pesquera%20Friosur%20de%20Ays%C3%A9n%20invierte%20%2412.000%20millones%20en%20nuevo%20pesquero%20de%20altamar%20y%20en%20ampliaci%C3%B3n%20de%20planta%20de%20Puerto%20Chacabuco&#038;body=https:\/\/radiorevelacionfm.cl\/?p=46112' aria-hidden='false' data-av_icon='\ue805' data-av_iconfont='entypo-fontello' title='' data-avia-related-tooltip='Compartir por correo'><span class='avia_hidden_link_text'>Compartir por correo<\/span><\/a><\/li><\/ul><\/div><\/div>\n<div  style='height:50px' class='hr hr-invisible   avia-builder-el-8  el_after_av_social_share  el_before_av_comments_list '><span class='hr-inner ' ><span class='hr-inner-style'><\/span><\/span><\/div>\n<div  class='av-buildercomment  av-blog-meta-html-info-disabled av-blog-meta-tag-disabled  '><\/div>\n","protected":false},"excerpt":{"rendered":"","protected":false},"author":1,"featured_media":46119,"comment_status":"open","ping_status":"open","sticky":false,"template":"","format":"standard","meta":{"footnotes":""},"categories":[38],"tags":[],"class_list":["post-46112","post","type-post","status-publish","format-standard","has-post-thumbnail","hentry","category-regional"],"jetpack_featured_media_url":"https:\/\/radiorevelacionfm.cl\/wp-content\/uploads\/2024\/09\/image001-3-1-1.jpg","_links":{"self":[{"href":"https:\/\/radiorevelacionfm.cl\/index.php?rest_route=\/wp\/v2\/posts\/46112","targetHints":{"allow":["GET"]}}],"collection":[{"href":"https:\/\/radiorevelacionfm.cl\/index.php?rest_route=\/wp\/v2\/posts"}],"about":[{"href":"https:\/\/radiorevelacionfm.cl\/index.php?rest_route=\/wp\/v2\/types\/post"}],"author":[{"embeddable":true,"href":"https:\/\/radiorevelacionfm.cl\/index.php?rest_route=\/wp\/v2\/users\/1"}],"replies":[{"embeddable":true,"href":"https:\/\/radiorevelacionfm.cl\/index.php?rest_route=%2Fwp%2Fv2%2Fcomments&post=46112"}],"version-history":[{"count":3,"href":"https:\/\/radiorevelacionfm.cl\/index.php?rest_route=\/wp\/v2\/posts\/46112\/revisions"}],"predecessor-version":[{"id":46120,"href":"https:\/\/radiorevelacionfm.cl\/index.php?rest_route=\/wp\/v2\/posts\/46112\/revisions\/46120"}],"wp:featuredmedia":[{"embeddable":true,"href":"https:\/\/radiorevelacionfm.cl\/index.php?rest_route=\/wp\/v2\/media\/46119"}],"wp:attachment":[{"href":"https:\/\/radiorevelacionfm.cl\/index.php?rest_route=%2Fwp%2Fv2%2Fmedia&parent=46112"}],"wp:term":[{"taxonomy":"category","embeddable":true,"href":"https:\/\/radiorevelacionfm.cl\/index.php?rest_route=%2Fwp%2Fv2%2Fcategories&post=46112"},{"taxonomy":"post_tag","embeddable":true,"href":"https:\/\/radiorevelacionfm.cl\/index.php?rest_route=%2Fwp%2Fv2%2Ftags&post=46112"}],"curies":[{"name":"wp","href":"https:\/\/api.w.org\/{rel}","templated":true}]}}