{"id":46109,"date":"2024-09-10T21:51:06","date_gmt":"2024-09-11T00:51:06","guid":{"rendered":"https:\/\/radiorevelacionfm.cl\/?p=46109"},"modified":"2024-09-10T21:51:06","modified_gmt":"2024-09-11T00:51:06","slug":"refuerzan-linea-4141-como-acciones-preventivas-y-estrategia-gubernamental-en-temas-de-salud-mental","status":"publish","type":"post","link":"https:\/\/radiorevelacionfm.cl\/?p=46109","title":{"rendered":"Refuerzan L\u00ednea *4141 como acciones preventivas y estrategia gubernamental en temas de Salud Mental"},"content":{"rendered":"<div class=\"flex_column av_one_full  flex_column_div av-zero-column-padding first  avia-builder-el-0  el_before_av_one_full  avia-builder-el-first  \" style='border-radius:0px; '><div  class='avia-image-container  av-styling-    avia-builder-el-1  avia-builder-el-no-sibling  avia-align-center '  itemprop=\"image\" itemscope=\"itemscope\" itemtype=\"https:\/\/schema.org\/ImageObject\"  ><div class='avia-image-container-inner'><div class='avia-image-overlay-wrap'><img decoding=\"async\" class='wp-image-46110 avia-img-lazy-loading-not-46110 avia_image' src=\"https:\/\/radiorevelacionfm.cl\/wp-content\/uploads\/2024\/09\/jovenes-1_optimized-1.jpeg\" alt='' title='j\u00f3venes-(1)_optimized (1)' height=\"600\" width=\"1067\"  itemprop=\"thumbnailUrl\" srcset=\"https:\/\/radiorevelacionfm.cl\/wp-content\/uploads\/2024\/09\/jovenes-1_optimized-1.jpeg 1067w, https:\/\/radiorevelacionfm.cl\/wp-content\/uploads\/2024\/09\/jovenes-1_optimized-1-300x169.jpeg 300w, https:\/\/radiorevelacionfm.cl\/wp-content\/uploads\/2024\/09\/jovenes-1_optimized-1-1030x579.jpeg 1030w, https:\/\/radiorevelacionfm.cl\/wp-content\/uploads\/2024\/09\/jovenes-1_optimized-1-768x432.jpeg 768w, https:\/\/radiorevelacionfm.cl\/wp-content\/uploads\/2024\/09\/jovenes-1_optimized-1-705x396.jpeg 705w, https:\/\/radiorevelacionfm.cl\/wp-content\/uploads\/2024\/09\/jovenes-1_optimized-1-450x253.jpeg 450w, https:\/\/radiorevelacionfm.cl\/wp-content\/uploads\/2024\/09\/jovenes-1_optimized-1-600x337.jpeg 600w\" sizes=\"(max-width: 1067px) 100vw, 1067px\" \/><\/div><\/div><\/div><\/div><div class=\"flex_column av_one_full  flex_column_div av-zero-column-padding first  avia-builder-el-2  el_after_av_one_full  el_before_av_one_full  column-top-margin\" style='border-radius:0px; '><section class=\"av_textblock_section \"  itemscope=\"itemscope\" itemtype=\"https:\/\/schema.org\/BlogPosting\" itemprop=\"blogPost\" ><div class='avia_textblock  '   itemprop=\"text\" ><p style=\"text-align: center;\"><span style=\"font-size: 18pt;\"><strong>Refuerzan L\u00ednea *4141 como acciones preventivas y estrategia gubernamental en temas de Salud Mental <\/strong><\/span><\/p>\n<div id=\"gtx-trans\" style=\"position: absolute; left: -50px; top: 4.31534px;\">\n<div class=\"gtx-trans-icon\"><\/div>\n<\/div>\n<\/div><\/section><\/div><div class=\"flex_column av_one_full  flex_column_div av-zero-column-padding first  avia-builder-el-4  el_after_av_one_full  el_before_av_hr  column-top-margin\" style='border-radius:0px; '><section class=\"av_textblock_section \"  itemscope=\"itemscope\" itemtype=\"https:\/\/schema.org\/BlogPosting\" itemprop=\"blogPost\" ><div class='avia_textblock  '   itemprop=\"text\" ><p style=\"text-align: justify;\"><em>El fono de atenci\u00f3n *4141, de car\u00e1cter gratuito, es una de las herramientas que el Ministerio de Salud ha dispuesto para la entrega atenciones y orientaciones especializadas en materia de salud mental para toda la comunidad #ConversarNosCuida.<\/em><\/p>\n<p style=\"text-align: justify;\"><em>A partir del a\u00f1o 2025 se contempla el arribo de nuevos profesionales del \u00e1rea de la psiquiatr\u00eda para atender usuarios de toda la regi\u00f3n. <\/em><\/p>\n<p style=\"text-align: justify;\">En el marco del D\u00eda Mundial para la Prevenci\u00f3n del Suicidio #ConversarNosCuida, equipos de la Seremi de Salud reforzaron acciones preventivas frente a este tema, de tal modo de generar conciencia en la comunidad sobre la importancia de promover un cambio hacia la comprensi\u00f3n de quienes viven o han vivido una crisis de salud mental.<\/p>\n<p style=\"text-align: justify;\">En este sentido, la Seremi de Salud Ays\u00e9n, Carmen Monsalve, recal\u00f3 que la Salud Mental es una de las prioridades en las estrategias de salud. \u201cPara nosotros, en nuestra regi\u00f3n esto es un problema de salud p\u00fablica latente, por eso es importante reforzar que adem\u00e1s de las instancias asistenciales disponibles tambi\u00e9n existe una l\u00ednea telef\u00f3nica que es <strong>*4141 no est\u00e1s sola, no est\u00e1s solo<\/strong>, donde se entrega informaci\u00f3n y orientaci\u00f3n por parte de profesionales del \u00e1rea de la salud preparados para momentos de crisis de salud mental, con atenci\u00f3n 24\/7 donde como Ministerio de Salud mantenemos nuestro compromiso con reforzar, mantener y proteger la salud de toda nuestra comunidad, porque conversar tambi\u00e9n nos cuida\u201d.<\/p>\n<p style=\"text-align: justify;\">Trabajo en el \u00e1rea de Salud Mental que tambi\u00e9n se ha extendido a lo largo de la regi\u00f3n de Ays\u00e9n, como lo explic\u00f3 la Encargada del Sudpto. de Salud Mental del Servicio de Salud Ays\u00e9n, Andrea Fuentes Villalobos. \u201cA lo largo de la regi\u00f3n tambi\u00e9n hemos estado realizando acciones en Cochrane, Chile Chico e Islas Huichas, como el entrenamiento de atenci\u00f3n a los equipos de atenci\u00f3n primaria, y por otro lado, hemos potenciado \u00a0la l\u00ednea *4141 donde los equipos cl\u00ednicos que atienden las llamadas, se contactan directamente con los equipos locales.\u00a0 Ahora, uno de los grandes logros que hemos tenido como sector, es que estamos llegando a pesquisar el riesgo antes del intento de suicidio, y eso es muy importante. Conversar nos\u00a0 cuida, y que cualquier persona puede salvar una vida en la conversaci\u00f3n para prevenir el suicidio, lo que se necesita es estar atento, acompa\u00f1ar y saber donde llevar a las personas donde nuestra red asistencial esta completamente disponible,\u201d puntualiz\u00f3.<\/p>\n<p style=\"text-align: justify;\">Labor y estrategias de Salud Mental que tambi\u00e9n fueron destacadas por el Delegado Presidencial Regional, Rodrigo Araya Morales. \u201cComo gobierno y como mandato del Presidente Gabriel Boric, el llamado ha sido a trabajar en temas de Salud Mental en todo el territorio nacional, es por eso que en nuestra regi\u00f3n hemos concretado algunas medidas como el aumento de especialistas en el \u00e1rea de salud mental, y la implementaci\u00f3n del Centro de Salud Mental Comunitario en Puerto Ays\u00e9n. Aqu\u00ed la estrategia del tel\u00e9fono *4141 es clave para poder ayudar a las personas, el conversar es una muy buen estrategia, el preguntar incluso a un amigo o familiar c\u00f3mo se encuentra?, puede marcar una diferencia para obtener ayuda\u201d.<\/p>\n<p style=\"text-align: justify;\"><strong>Acciones por la Salud Mental de Ays\u00e9n<\/strong><\/p>\n<p style=\"text-align: justify;\">De esta forma, cabe destacar que en Puerto Ays\u00e9n se esta implementando un <strong>Centro de Salud Mental Comunitaria<\/strong>, el que vendr\u00eda a entregar una atenci\u00f3n m\u00e1s especializada a quien lo requiera, el cual contar\u00e1 con espacios y equipamiento adecuados para la atenci\u00f3n de consultas psicol\u00f3gicas, psiqui\u00e1tricas, terapias grupales e individuales, adem\u00e1s de programas de rehabilitaci\u00f3n.<\/p>\n<p style=\"text-align: justify;\">La utilizaci\u00f3n de <strong>la l\u00ednea telef\u00f3nica *4141<\/strong>, que opera los 365 d\u00edas del a\u00f1o y es de car\u00e1cter gratuita, es una de las herramientas relevantes en materia de Salud Mental, ya que realiza seguimiento a quienes se han contactado pidiendo ayuda e incluso, por esta v\u00eda, se puede concretar una atenci\u00f3n m\u00e1s especializada del usuario. Situaci\u00f3n que a nivel regional registr\u00f3 durante el a\u00f1o 2023 cerca de 50 llamados a esta plataforma, y en lo que va corrido de este a\u00f1o, el n\u00famero de usuarios bordea los 20 llamados, los cuales han sido derivados a especialistas de la red asistencial.<\/p>\n<p style=\"text-align: justify;\">Respecto al <strong>arribo de nuevos profesionales del \u00e1rea de Salud mental<\/strong>, se contempla que entre los a\u00f1os 2025 y 2027, la llegada de 08 psiquiatras quienes se distribuir\u00e1n en las comunas de Coyhaique y Ays\u00e9n, quienes adem\u00e1s realizar\u00e1n atenciones a usuarios del resto de la regi\u00f3n v\u00eda telemedicina.<\/p>\n<p style=\"text-align: justify;\">Durante este a\u00f1o, se ha dado continuidad a la <strong>Mesa Regional Intersectorial de Salud Mental<\/strong> en la que anualmente se elabora en conjunto con las y los participantes de este espacio un Plan Regional Intersectorial para la Prevenci\u00f3n del Suicidio, el que actualmente se encuentra en desarrollo, tal como ha ocurrido con jornadas de capacitaci\u00f3n para gestores preventivos en salud mental o los talleres con tutoras de residencias familiares; acciones que se han visto fortalecidas gracias al trabajo desarrollado con instituciones como: INJUV, JUNAEB, Gendarmer\u00eda de Chile, Servicio de Protecci\u00f3n Especializada, Educaci\u00f3n, MIDESO, SENAME, Academia, Seremi Educaci\u00f3n, Justicia, Carabineros y durante el 2024 se ha sumado el Ejercito de Chile, con quienes en conjunto se trabaja durante el a\u00f1o en la co-creaci\u00f3n de diversas actividades en materia de Salud Mental.<\/p>\n<\/div><\/section><\/div><div  style='height:50px' class='hr hr-invisible   avia-builder-el-6  el_after_av_one_full  el_before_av_social_share '><span class='hr-inner ' ><span class='hr-inner-style'><\/span><\/span><\/div><\/p>\n<div  class='av-social-sharing-box  avia-builder-el-7  el_after_av_hr  el_before_av_hr  '><div class='av-share-box'><h5 class='av-share-link-description av-no-toc '>Compartir esta noticia<\/h5><ul class='av-share-box-list noLightbox'><li class='av-share-link av-social-link-facebook' ><a target=\"_blank\" aria-label=\"Compartir en Facebook\" href='https:\/\/www.facebook.com\/sharer.php?u=https:\/\/radiorevelacionfm.cl\/?p=46109&#038;t=Refuerzan%20L%C3%ADnea%20%2A4141%20como%20acciones%20preventivas%20y%20estrategia%20gubernamental%20en%20temas%20de%20Salud%20Mental' aria-hidden='false' data-av_icon='\ue8f3' data-av_iconfont='entypo-fontello' title='' data-avia-related-tooltip='Compartir en Facebook' rel=\"noopener\"><span class='avia_hidden_link_text'>Compartir en Facebook<\/span><\/a><\/li><li class='av-share-link av-social-link-twitter' ><a target=\"_blank\" aria-label=\"Compartir en Twitter\" href='https:\/\/twitter.com\/share?text=Refuerzan%20L%C3%ADnea%20%2A4141%20como%20acciones%20preventivas%20y%20estrategia%20gubernamental%20en%20temas%20de%20Salud%20Mental&#038;url=https:\/\/radiorevelacionfm.cl\/?p=46109' aria-hidden='false' data-av_icon='\ue8f1' data-av_iconfont='entypo-fontello' title='' data-avia-related-tooltip='Compartir en Twitter' rel=\"noopener\"><span class='avia_hidden_link_text'>Compartir en Twitter<\/span><\/a><\/li><li class='av-share-link av-social-link-whatsapp' ><a target=\"_blank\" aria-label=\"Compartir en Whatsapp\" href='https:\/\/api.whatsapp.com\/send?text=https:\/\/radiorevelacionfm.cl\/?p=46109' aria-hidden='false' data-av_icon='\uf232' data-av_iconfont='entypo-fontello' title='' data-avia-related-tooltip='Compartir en Whatsapp' rel=\"noopener\"><span class='avia_hidden_link_text'>Compartir en Whatsapp<\/span><\/a><\/li><li class='av-share-link av-social-link-linkedin' ><a target=\"_blank\" aria-label=\"Compartir en LinkedIn\" href='https:\/\/linkedin.com\/shareArticle?mini=true&#038;title=Refuerzan%20L%C3%ADnea%20%2A4141%20como%20acciones%20preventivas%20y%20estrategia%20gubernamental%20en%20temas%20de%20Salud%20Mental&#038;url=https:\/\/radiorevelacionfm.cl\/?p=46109' aria-hidden='false' data-av_icon='\ue8fc' data-av_iconfont='entypo-fontello' title='' data-avia-related-tooltip='Compartir en LinkedIn' rel=\"noopener\"><span class='avia_hidden_link_text'>Compartir en LinkedIn<\/span><\/a><\/li><li class='av-share-link av-social-link-mail' ><a  aria-label=\"Compartir por correo\" href='mailto:?subject=Refuerzan%20L%C3%ADnea%20%2A4141%20como%20acciones%20preventivas%20y%20estrategia%20gubernamental%20en%20temas%20de%20Salud%20Mental&#038;body=https:\/\/radiorevelacionfm.cl\/?p=46109' aria-hidden='false' data-av_icon='\ue805' data-av_iconfont='entypo-fontello' title='' data-avia-related-tooltip='Compartir por correo'><span class='avia_hidden_link_text'>Compartir por correo<\/span><\/a><\/li><\/ul><\/div><\/div>\n<div  style='height:50px' class='hr hr-invisible   avia-builder-el-8  el_after_av_social_share  el_before_av_comments_list '><span class='hr-inner ' ><span class='hr-inner-style'><\/span><\/span><\/div>\n<div  class='av-buildercomment  av-blog-meta-html-info-disabled av-blog-meta-tag-disabled  '><\/div>\n","protected":false},"excerpt":{"rendered":"","protected":false},"author":1,"featured_media":46110,"comment_status":"open","ping_status":"open","sticky":false,"template":"","format":"standard","meta":{"footnotes":""},"categories":[46],"tags":[],"class_list":["post-46109","post","type-post","status-publish","format-standard","has-post-thumbnail","hentry","category-salud"],"jetpack_featured_media_url":"https:\/\/radiorevelacionfm.cl\/wp-content\/uploads\/2024\/09\/jovenes-1_optimized-1.jpeg","_links":{"self":[{"href":"https:\/\/radiorevelacionfm.cl\/index.php?rest_route=\/wp\/v2\/posts\/46109","targetHints":{"allow":["GET"]}}],"collection":[{"href":"https:\/\/radiorevelacionfm.cl\/index.php?rest_route=\/wp\/v2\/posts"}],"about":[{"href":"https:\/\/radiorevelacionfm.cl\/index.php?rest_route=\/wp\/v2\/types\/post"}],"author":[{"embeddable":true,"href":"https:\/\/radiorevelacionfm.cl\/index.php?rest_route=\/wp\/v2\/users\/1"}],"replies":[{"embeddable":true,"href":"https:\/\/radiorevelacionfm.cl\/index.php?rest_route=%2Fwp%2Fv2%2Fcomments&post=46109"}],"version-history":[{"count":1,"href":"https:\/\/radiorevelacionfm.cl\/index.php?rest_route=\/wp\/v2\/posts\/46109\/revisions"}],"predecessor-version":[{"id":46111,"href":"https:\/\/radiorevelacionfm.cl\/index.php?rest_route=\/wp\/v2\/posts\/46109\/revisions\/46111"}],"wp:featuredmedia":[{"embeddable":true,"href":"https:\/\/radiorevelacionfm.cl\/index.php?rest_route=\/wp\/v2\/media\/46110"}],"wp:attachment":[{"href":"https:\/\/radiorevelacionfm.cl\/index.php?rest_route=%2Fwp%2Fv2%2Fmedia&parent=46109"}],"wp:term":[{"taxonomy":"category","embeddable":true,"href":"https:\/\/radiorevelacionfm.cl\/index.php?rest_route=%2Fwp%2Fv2%2Fcategories&post=46109"},{"taxonomy":"post_tag","embeddable":true,"href":"https:\/\/radiorevelacionfm.cl\/index.php?rest_route=%2Fwp%2Fv2%2Ftags&post=46109"}],"curies":[{"name":"wp","href":"https:\/\/api.w.org\/{rel}","templated":true}]}}