{"id":46106,"date":"2024-09-11T10:25:22","date_gmt":"2024-09-11T13:25:22","guid":{"rendered":"https:\/\/radiorevelacionfm.cl\/?p=46106"},"modified":"2024-09-11T10:25:22","modified_gmt":"2024-09-11T13:25:22","slug":"core-aprueba-mas-de-40-proyectos-fril-para-fortalecer-infraestructura-en-toda-la-region","status":"publish","type":"post","link":"https:\/\/radiorevelacionfm.cl\/?p=46106","title":{"rendered":"CORE aprueba m\u00e1s de 40 proyectos FRIL para fortalecer infraestructura en toda la regi\u00f3n"},"content":{"rendered":"<div class=\"flex_column av_one_full  flex_column_div av-zero-column-padding first  avia-builder-el-0  el_before_av_one_full  avia-builder-el-first  \" style='border-radius:0px; '><div  class='avia-image-container  av-styling-    avia-builder-el-1  avia-builder-el-no-sibling  avia-align-center '  itemprop=\"image\" itemscope=\"itemscope\" itemtype=\"https:\/\/schema.org\/ImageObject\"  ><div class='avia-image-container-inner'><div class='avia-image-overlay-wrap'><img decoding=\"async\" class='wp-image-46107 avia-img-lazy-loading-not-46107 avia_image' src=\"https:\/\/radiorevelacionfm.cl\/wp-content\/uploads\/2024\/09\/WhatsApp-Image-2024-09-10-at-12.07.43-PM-1-1-1.jpeg\" alt='' title='WhatsApp Image 2024-09-10 at 12.07.43 PM (1) (1) (1)' height=\"600\" width=\"1067\"  itemprop=\"thumbnailUrl\" srcset=\"https:\/\/radiorevelacionfm.cl\/wp-content\/uploads\/2024\/09\/WhatsApp-Image-2024-09-10-at-12.07.43-PM-1-1-1.jpeg 1067w, https:\/\/radiorevelacionfm.cl\/wp-content\/uploads\/2024\/09\/WhatsApp-Image-2024-09-10-at-12.07.43-PM-1-1-1-300x169.jpeg 300w, https:\/\/radiorevelacionfm.cl\/wp-content\/uploads\/2024\/09\/WhatsApp-Image-2024-09-10-at-12.07.43-PM-1-1-1-1030x579.jpeg 1030w, https:\/\/radiorevelacionfm.cl\/wp-content\/uploads\/2024\/09\/WhatsApp-Image-2024-09-10-at-12.07.43-PM-1-1-1-768x432.jpeg 768w, https:\/\/radiorevelacionfm.cl\/wp-content\/uploads\/2024\/09\/WhatsApp-Image-2024-09-10-at-12.07.43-PM-1-1-1-705x396.jpeg 705w, https:\/\/radiorevelacionfm.cl\/wp-content\/uploads\/2024\/09\/WhatsApp-Image-2024-09-10-at-12.07.43-PM-1-1-1-450x253.jpeg 450w, https:\/\/radiorevelacionfm.cl\/wp-content\/uploads\/2024\/09\/WhatsApp-Image-2024-09-10-at-12.07.43-PM-1-1-1-600x337.jpeg 600w\" sizes=\"(max-width: 1067px) 100vw, 1067px\" \/><\/div><\/div><\/div><\/div><div class=\"flex_column av_one_full  flex_column_div av-zero-column-padding first  avia-builder-el-2  el_after_av_one_full  el_before_av_one_full  column-top-margin\" style='border-radius:0px; '><section class=\"av_textblock_section \"  itemscope=\"itemscope\" itemtype=\"https:\/\/schema.org\/BlogPosting\" itemprop=\"blogPost\" ><div class='avia_textblock  '   itemprop=\"text\" ><p style=\"text-align: center;\"><strong><span style=\"font-size: 18pt;\">CORE aprueba m\u00e1s de 40 proyectos FRIL para fortalecer infraestructura en toda la regi\u00f3n<\/span><\/strong><\/p>\n<div id=\"gtx-trans\" style=\"position: absolute; left: -50px; top: 4.31534px;\">\n<div class=\"gtx-trans-icon\"><\/div>\n<\/div>\n<\/div><\/section><\/div><div class=\"flex_column av_one_full  flex_column_div av-zero-column-padding first  avia-builder-el-4  el_after_av_one_full  el_before_av_hr  column-top-margin\" style='border-radius:0px; '><section class=\"av_textblock_section \"  itemscope=\"itemscope\" itemtype=\"https:\/\/schema.org\/BlogPosting\" itemprop=\"blogPost\" ><div class='avia_textblock  '   itemprop=\"text\" ><p dir=\"ltr\" style=\"text-align: justify;\">En una sesi\u00f3n hist\u00f3rica, el Consejo Regional de Ays\u00e9n aprob\u00f3 este martes el financiamiento de 42 proyectos del Fondo Regional de Iniciativa Local (FRIL), con un monto total que asciende a los $6.784 millones. Estas iniciativas, distribuidas en toda la regi\u00f3n, buscan fortalecer la infraestructura en \u00e1reas clave como deporte, recreaci\u00f3n, servicios comunitarios y mejoras urbanas.<\/p>\n<p dir=\"ltr\" style=\"text-align: justify;\">La gobernadora regional, Andrea Mac\u00edas Palma, destac\u00f3 la importancia de esta aprobaci\u00f3n masiva, afirmando que \u00abesto parte de la mirada que tenemos como administraci\u00f3n, donde hemos dicho que siempre vamos a crecer desde los territorios. Hoy d\u00eda varios de los municipios han reconocido esta nueva forma de administrar los recursos regionales, donde estamos procurando fortalecer a los municipios, tanto en las capacidades t\u00e9cnicas como en las de rendici\u00f3n, lo que buscan efectivamente es tener municipios m\u00e1s fuertes, generar mayores y mejores respuestas desde las localidades para los vecinos y vecinas de toda nuestra regi\u00f3n.\u00bb<\/p>\n<p dir=\"ltr\" style=\"text-align: justify;\">Coyhaique, como capital regional, concentra 13 proyectos que abarcan desde el mejoramiento de multicanchas, veredas y accesos a gimnasios hasta la construcci\u00f3n de sedes sociales, con una inversi\u00f3n total de m\u00e1s de $2.000 millones. Este conjunto de iniciativas contribuir\u00e1 a mejorar los espacios p\u00fablicos y la infraestructura comunitaria de la ciudad.<\/p>\n<p dir=\"ltr\" style=\"text-align: justify;\">Frente a esto, la Consejera Regional por la Provincia, Paula Acu\u00f1a, destac\u00f3 que \u00absiempre vamos a estar colaborando, es importante que las instituciones trabajemos de forma conjunta. El Gobierno Regional necesita trabajar con los municipios y as\u00ed tambi\u00e9n lo ha entendido la administraci\u00f3n de la Gobernadora Andrea Mac\u00edas\u00bb.<\/p>\n<p dir=\"ltr\" style=\"text-align: justify;\">La presidenta de la Uni\u00f3n Vecinal Pampas del Corral, de Coyhaique, Ver\u00f3nica Leg\u00fbe sostuvo que \u00abtenemos que arreglar nuestra ciudad, ver los espacios p\u00fablicos que hay y ocuparlos\u00bb<\/p>\n<p dir=\"ltr\" style=\"text-align: justify;\">Otras comunas como Puerto Cisnes, R\u00edo Ib\u00e1\u00f1ez, Villa O&#8217;Higgins y La Junta tambi\u00e9n se ver\u00e1n beneficiadas con obras de gran impacto para sus habitantes. Entre ellas se destacan la construcci\u00f3n de sedes comunitarias y canchas de pasto sint\u00e9tico, las cuales brindar\u00e1n un espacio de integraci\u00f3n y participaci\u00f3n vecinal.<\/p>\n<p dir=\"ltr\" style=\"text-align: justify;\">La consejera por la Provincia de Ays\u00e9n, Paola Rodr\u00edguez, destac\u00f3 que en total \u00abEstamos hablando de m\u00e1s de 6.000 millones de pesos que hoy d\u00eda van en directo beneficio) a nuestras comunas de la regi\u00f3n y a nuestros vecinos, por lo tanto cada una de las iniciativas fueron aprobadas en sus consejos municipales, fueron levantadas por las, como se dijo ac\u00e1 en la ma\u00f1ana, por las mismas juntas de vecinos, por los clubes deportivos en diferentes localidades\u00bb.<\/p>\n<p dir=\"ltr\" style=\"text-align: justify;\">Adem\u00e1s, se ha aprobado la construcci\u00f3n de infraestructura de servicios en localidades como Caleta Tortel, donde se desarrollar\u00e1n ba\u00f1os p\u00fablicos y mejoramiento de oficinas municipales, promoviendo el turismo y el bienestar local.<\/p>\n<p dir=\"ltr\" style=\"text-align: justify;\">La atenci\u00f3n tambi\u00e9n se ha dirigido a localidades rurales e insulares, como Melinka, donde se ejecutar\u00e1n obras para mejorar la infraestructura deportiva. En Puerto Ays\u00e9n y Puerto Chacabuco, se aprob\u00f3 la construcci\u00f3n de sedes sociales y se\u00f1al\u00e9tica urbana, mejorando la seguridad y funcionalidad de sus espacios p\u00fablicos.<\/p>\n<p dir=\"ltr\" style=\"text-align: justify;\">El alcalde de Guaitecas, Marcos Silva enfatiz\u00f3 que \u00abNo cabe duda que hoy d\u00eda los municipios sin los gobiernos regionales no pudi\u00e9semos avanzar en distintas iniciativas. El gobierno regional hoy d\u00eda es un tremendo aliado, evidentemente para el desarrollo de las comunas, no es cierto, la regi\u00f3n de Ays\u00e9n, espec\u00edficamente la comuna de Guaitecas, pero evidentemente aqu\u00ed hay un trabajo tambi\u00e9n de los equipos municipales, que se queman las pesta\u00f1as buscando la iniciativa\u00bb.<\/p>\n<p dir=\"ltr\" style=\"text-align: justify;\">Esta aprobaci\u00f3n masiva del Consejo Regional reafirma el compromiso de las autoridades por avanzar en el desarrollo integral de la regi\u00f3n. Los proyectos aprobados impactar\u00e1n no solo en la infraestructura f\u00edsica, sino tambi\u00e9n en el fortalecimiento del tejido social, el fomento del deporte y el desarrollo econ\u00f3mico de las comunas.<\/p>\n<\/div><\/section><\/div><div  style='height:50px' class='hr hr-invisible   avia-builder-el-6  el_after_av_one_full  el_before_av_social_share '><span class='hr-inner ' ><span class='hr-inner-style'><\/span><\/span><\/div><\/p>\n<div  class='av-social-sharing-box  avia-builder-el-7  el_after_av_hr  el_before_av_hr  '><div class='av-share-box'><h5 class='av-share-link-description av-no-toc '>Compartir esta noticia<\/h5><ul class='av-share-box-list noLightbox'><li class='av-share-link av-social-link-facebook' ><a target=\"_blank\" aria-label=\"Compartir en Facebook\" href='https:\/\/www.facebook.com\/sharer.php?u=https:\/\/radiorevelacionfm.cl\/?p=46106&#038;t=CORE%20aprueba%20m%C3%A1s%20de%2040%20proyectos%20FRIL%20para%20fortalecer%20infraestructura%20en%20toda%20la%20regi%C3%B3n' aria-hidden='false' data-av_icon='\ue8f3' data-av_iconfont='entypo-fontello' title='' data-avia-related-tooltip='Compartir en Facebook' rel=\"noopener\"><span class='avia_hidden_link_text'>Compartir en Facebook<\/span><\/a><\/li><li class='av-share-link av-social-link-twitter' ><a target=\"_blank\" aria-label=\"Compartir en Twitter\" href='https:\/\/twitter.com\/share?text=CORE%20aprueba%20m%C3%A1s%20de%2040%20proyectos%20FRIL%20para%20fortalecer%20infraestructura%20en%20toda%20la%20regi%C3%B3n&#038;url=https:\/\/radiorevelacionfm.cl\/?p=46106' aria-hidden='false' data-av_icon='\ue8f1' data-av_iconfont='entypo-fontello' title='' data-avia-related-tooltip='Compartir en Twitter' rel=\"noopener\"><span class='avia_hidden_link_text'>Compartir en Twitter<\/span><\/a><\/li><li class='av-share-link av-social-link-whatsapp' ><a target=\"_blank\" aria-label=\"Compartir en Whatsapp\" href='https:\/\/api.whatsapp.com\/send?text=https:\/\/radiorevelacionfm.cl\/?p=46106' aria-hidden='false' data-av_icon='\uf232' data-av_iconfont='entypo-fontello' title='' data-avia-related-tooltip='Compartir en Whatsapp' rel=\"noopener\"><span class='avia_hidden_link_text'>Compartir en Whatsapp<\/span><\/a><\/li><li class='av-share-link av-social-link-linkedin' ><a target=\"_blank\" aria-label=\"Compartir en LinkedIn\" href='https:\/\/linkedin.com\/shareArticle?mini=true&#038;title=CORE%20aprueba%20m%C3%A1s%20de%2040%20proyectos%20FRIL%20para%20fortalecer%20infraestructura%20en%20toda%20la%20regi%C3%B3n&#038;url=https:\/\/radiorevelacionfm.cl\/?p=46106' aria-hidden='false' data-av_icon='\ue8fc' data-av_iconfont='entypo-fontello' title='' data-avia-related-tooltip='Compartir en LinkedIn' rel=\"noopener\"><span class='avia_hidden_link_text'>Compartir en LinkedIn<\/span><\/a><\/li><li class='av-share-link av-social-link-mail' ><a  aria-label=\"Compartir por correo\" href='mailto:?subject=CORE%20aprueba%20m%C3%A1s%20de%2040%20proyectos%20FRIL%20para%20fortalecer%20infraestructura%20en%20toda%20la%20regi%C3%B3n&#038;body=https:\/\/radiorevelacionfm.cl\/?p=46106' aria-hidden='false' data-av_icon='\ue805' data-av_iconfont='entypo-fontello' title='' data-avia-related-tooltip='Compartir por correo'><span class='avia_hidden_link_text'>Compartir por correo<\/span><\/a><\/li><\/ul><\/div><\/div>\n<div  style='height:50px' class='hr hr-invisible   avia-builder-el-8  el_after_av_social_share  el_before_av_comments_list '><span class='hr-inner ' ><span class='hr-inner-style'><\/span><\/span><\/div>\n<div  class='av-buildercomment  av-blog-meta-html-info-disabled av-blog-meta-tag-disabled  '><\/div>\n","protected":false},"excerpt":{"rendered":"","protected":false},"author":1,"featured_media":46107,"comment_status":"open","ping_status":"open","sticky":false,"template":"","format":"standard","meta":{"footnotes":""},"categories":[38],"tags":[],"class_list":["post-46106","post","type-post","status-publish","format-standard","has-post-thumbnail","hentry","category-regional"],"jetpack_featured_media_url":"https:\/\/radiorevelacionfm.cl\/wp-content\/uploads\/2024\/09\/WhatsApp-Image-2024-09-10-at-12.07.43-PM-1-1-1.jpeg","_links":{"self":[{"href":"https:\/\/radiorevelacionfm.cl\/index.php?rest_route=\/wp\/v2\/posts\/46106","targetHints":{"allow":["GET"]}}],"collection":[{"href":"https:\/\/radiorevelacionfm.cl\/index.php?rest_route=\/wp\/v2\/posts"}],"about":[{"href":"https:\/\/radiorevelacionfm.cl\/index.php?rest_route=\/wp\/v2\/types\/post"}],"author":[{"embeddable":true,"href":"https:\/\/radiorevelacionfm.cl\/index.php?rest_route=\/wp\/v2\/users\/1"}],"replies":[{"embeddable":true,"href":"https:\/\/radiorevelacionfm.cl\/index.php?rest_route=%2Fwp%2Fv2%2Fcomments&post=46106"}],"version-history":[{"count":1,"href":"https:\/\/radiorevelacionfm.cl\/index.php?rest_route=\/wp\/v2\/posts\/46106\/revisions"}],"predecessor-version":[{"id":46108,"href":"https:\/\/radiorevelacionfm.cl\/index.php?rest_route=\/wp\/v2\/posts\/46106\/revisions\/46108"}],"wp:featuredmedia":[{"embeddable":true,"href":"https:\/\/radiorevelacionfm.cl\/index.php?rest_route=\/wp\/v2\/media\/46107"}],"wp:attachment":[{"href":"https:\/\/radiorevelacionfm.cl\/index.php?rest_route=%2Fwp%2Fv2%2Fmedia&parent=46106"}],"wp:term":[{"taxonomy":"category","embeddable":true,"href":"https:\/\/radiorevelacionfm.cl\/index.php?rest_route=%2Fwp%2Fv2%2Fcategories&post=46106"},{"taxonomy":"post_tag","embeddable":true,"href":"https:\/\/radiorevelacionfm.cl\/index.php?rest_route=%2Fwp%2Fv2%2Ftags&post=46106"}],"curies":[{"name":"wp","href":"https:\/\/api.w.org\/{rel}","templated":true}]}}